{"id":19371,"date":"2015-12-21T21:19:24","date_gmt":"2015-12-21T20:19:24","guid":{"rendered":"http:\/\/www.au-pays-des-merveilles.com\/blog\/?p=19371"},"modified":"2019-04-28T12:14:18","modified_gmt":"2019-04-28T10:14:18","slug":"ma-liste-au-pere-noel","status":"publish","type":"post","link":"https:\/\/www.au-pays-des-merveilles.com\/blog\/2015\/12\/21\/ma-liste-au-pere-noel\/","title":{"rendered":"Ma liste au P\u00e8re No\u00ebl {CONCOURS}"},"content":{"rendered":"<p style=\"text-align: justify;\"><img loading=\"lazy\" decoding=\"async\" class=\"aligncenter wp-image-19391\" src=\"https:\/\/www.au-pays-des-merveilles.com\/blog\/wp-content\/uploads\/2016\/12\/20_Awesome_Christmas_Tree_Decorating_Ideas___Inspirations_\u2014_Style_Estate.jpg\" alt=\"20_Awesome_Christmas_Tree_Decorating_Ideas___Inspirations_\u2014_Style_Estate\" width=\"450\" height=\"599\" srcset=\"https:\/\/www.au-pays-des-merveilles.com\/blog\/wp-content\/uploads\/2016\/12\/20_Awesome_Christmas_Tree_Decorating_Ideas___Inspirations_\u2014_Style_Estate.jpg 733w, https:\/\/www.au-pays-des-merveilles.com\/blog\/wp-content\/uploads\/2016\/12\/20_Awesome_Christmas_Tree_Decorating_Ideas___Inspirations_\u2014_Style_Estate-225x300.jpg 225w\" sizes=\"auto, (max-width: 450px) 100vw, 450px\" \/><\/p>\n<p style=\"text-align: justify;\"><em>Et ben, il serait temps que je me r\u00e9veille hein ! Oh h\u00e9 \u00e7a va ! A 3 jours de No\u00ebl, je suis encore dans les temps ! Allez GOOO !<\/em><\/p>\n<p style=\"text-align: justify;\">\u00ab\u00a0Cher P\u00e8re No\u00ebl,<\/p>\n<p style=\"text-align: justify;\">Cette ann\u00e9e, pourrais tu mettre dans ta hotte :<\/p>\n<p style=\"text-align: justify;\">** un nouvel appart, une nouvelle voiture, une GoPro, un r\u00e9flex &#8230; Ah pardon ! je m&#8217;emballe !! &#8230; Je recommence (allez s\u00e9rieux l\u00e0 !) &#8230;<\/p>\n<p style=\"text-align: justify;\"><img loading=\"lazy\" decoding=\"async\" class=\"alignnone wp-image-19372\" src=\"https:\/\/www.au-pays-des-merveilles.com\/blog\/wp-content\/uploads\/2015\/12\/404763_350_H.jpg\" alt=\"404763_350_H\" width=\"250\" height=\"250\" srcset=\"https:\/\/www.au-pays-des-merveilles.com\/blog\/wp-content\/uploads\/2015\/12\/404763_350_H.jpg 350w, https:\/\/www.au-pays-des-merveilles.com\/blog\/wp-content\/uploads\/2015\/12\/404763_350_H-150x150.jpg 150w, https:\/\/www.au-pays-des-merveilles.com\/blog\/wp-content\/uploads\/2015\/12\/404763_350_H-300x300.jpg 300w, https:\/\/www.au-pays-des-merveilles.com\/blog\/wp-content\/uploads\/2015\/12\/404763_350_H-210x210.jpg 210w\" sizes=\"auto, (max-width: 250px) 100vw, 250px\" \/> <img loading=\"lazy\" decoding=\"async\" class=\"alignnone wp-image-19373\" src=\"https:\/\/www.au-pays-des-merveilles.com\/blog\/wp-content\/uploads\/2015\/12\/236617_350_A.jpg\" alt=\"236617_350_A\" width=\"250\" height=\"250\" srcset=\"https:\/\/www.au-pays-des-merveilles.com\/blog\/wp-content\/uploads\/2015\/12\/236617_350_A.jpg 350w, https:\/\/www.au-pays-des-merveilles.com\/blog\/wp-content\/uploads\/2015\/12\/236617_350_A-150x150.jpg 150w, https:\/\/www.au-pays-des-merveilles.com\/blog\/wp-content\/uploads\/2015\/12\/236617_350_A-300x300.jpg 300w, https:\/\/www.au-pays-des-merveilles.com\/blog\/wp-content\/uploads\/2015\/12\/236617_350_A-210x210.jpg 210w\" sizes=\"auto, (max-width: 250px) 100vw, 250px\" \/><\/p>\n<p style=\"text-align: justify;\">**<strong> de nouvelles <a rel=\"nofollow noopener noreferrer\" href=\"http:\/\/www.spartoo.com\/Botte-femme-st-10622-10124-0.php\" target=\"_blank\">bottes sur Spartoo<\/a>.<\/strong> Celles que j&rsquo;ai ont au moins 5 ans ! Si si je vous assure !! Mais elles tiennent le coup, sauf que l\u00e0 elles commencent vraiment vraiment \u00e0 fatiguer ! Je lorgne sur <a href=\"http:\/\/www.spartoo.com\/Regard-RYLAC-x404763.php\" target=\"_blank\" rel=\"nofollow noopener noreferrer\">les cavali\u00e8res Regard<\/a> pour aller avec tout, ou alors avec un talon super glam <a href=\"http:\/\/www.spartoo.com\/Fericelli-LUANA-x236617.php\" target=\"_blank\" rel=\"nofollow noopener noreferrer\">les bottes italiennes Fericelli<\/a> &#8230; les deux me plaisent P\u00e8re Nono, tu choises !<\/p>\n<p style=\"text-align: justify;\"><img loading=\"lazy\" decoding=\"async\" class=\"aligncenter wp-image-19374\" src=\"https:\/\/www.au-pays-des-merveilles.com\/blog\/wp-content\/uploads\/2015\/12\/Trousse-de\u0301couverte-anti-a\u0302ge-Karin-Herzog-940x1024.jpg\" alt=\"Trousse de\u0301couverte anti-a\u0302ge Karin Herzog\" width=\"500\" height=\"545\" srcset=\"https:\/\/www.au-pays-des-merveilles.com\/blog\/wp-content\/uploads\/2015\/12\/Trousse-de\u0301couverte-anti-a\u0302ge-Karin-Herzog-940x1024.jpg 940w, https:\/\/www.au-pays-des-merveilles.com\/blog\/wp-content\/uploads\/2015\/12\/Trousse-de\u0301couverte-anti-a\u0302ge-Karin-Herzog-275x300.jpg 275w, https:\/\/www.au-pays-des-merveilles.com\/blog\/wp-content\/uploads\/2015\/12\/Trousse-de\u0301couverte-anti-a\u0302ge-Karin-Herzog-768x837.jpg 768w\" sizes=\"auto, (max-width: 500px) 100vw, 500px\" \/><\/p>\n<p style=\"text-align: justify;\">** <strong>la trousse d\u00e9couverte anti-\u00e2ge \u00e0 l&rsquo;oxyg\u00e8ne actif<\/strong>. Je vous en avais d\u00e9j\u00e0 parl\u00e9 avec <a href=\"https:\/\/www.au-pays-des-merveilles.com\/blog\/2015\/10\/04\/make-up-octobre-2015\/\" target=\"_blank\" rel=\"noopener noreferrer\">la poudre libre min\u00e9rale<\/a>. Cette fois c&rsquo;est le Vita-A-Kombi de <a rel=\"nofollow noopener noreferrer\" href=\"http:\/\/www.karinherzog.com\/fr\/\" target=\"_blank\" rel=\"nofollow noopener noreferrer\">Karin Herzog<\/a> qui me fait de l&rsquo;oeil ! Pour que la peau soit belle, les cellules ont besoin d&rsquo;oxyg\u00e8ne. Les soins \u00e0 l&rsquo;oxyg\u00e8ne actif pr\u00e9sentent d&rsquo;immenses vertus pour la peau : l&rsquo;oxyg\u00e8ne est hypoallerg\u00e9nique, il booste la p\u00e9n\u00e9tration du soin et est un excellent hydratant. Pour s&rsquo;initier au rituel soins, Karin Herzog a cr\u00e9\u00e9 la <a rel=\"nofollow noopener noreferrer\" href=\"http:\/\/www.karinherzog.com\/fr\/shop\/\" target=\"_blank\" class=\"broken_link\">trousse en \u00e9dition limit\u00e9e avec 3 produits<\/a> : Vita-A-Kombi, l&rsquo;Additional Sweet et le pinceau visage !<\/p>\n<p style=\"text-align: justify;\"><img loading=\"lazy\" decoding=\"async\" class=\"alignnone wp-image-19377\" src=\"https:\/\/www.au-pays-des-merveilles.com\/blog\/wp-content\/uploads\/2016\/12\/Et-soudain-tout-change-COLLECTOR-625x1024.jpg\" alt=\"Et soudain tout change COLLECTOR\" width=\"250\" height=\"410\" srcset=\"https:\/\/www.au-pays-des-merveilles.com\/blog\/wp-content\/uploads\/2016\/12\/Et-soudain-tout-change-COLLECTOR-625x1024.jpg 625w, https:\/\/www.au-pays-des-merveilles.com\/blog\/wp-content\/uploads\/2016\/12\/Et-soudain-tout-change-COLLECTOR-183x300.jpg 183w, https:\/\/www.au-pays-des-merveilles.com\/blog\/wp-content\/uploads\/2016\/12\/Et-soudain-tout-change-COLLECTOR-768x1259.jpg 768w, https:\/\/www.au-pays-des-merveilles.com\/blog\/wp-content\/uploads\/2016\/12\/Et-soudain-tout-change-COLLECTOR.jpg 1276w\" sizes=\"auto, (max-width: 250px) 100vw, 250px\" \/> <img loading=\"lazy\" decoding=\"async\" class=\"alignnone wp-image-19378\" src=\"https:\/\/www.au-pays-des-merveilles.com\/blog\/wp-content\/uploads\/2016\/12\/Juste-avant-le-bonheur-COLLECTOR-625x1024.jpg\" alt=\"Juste avant le bonheur COLLECTOR\" width=\"250\" height=\"410\" srcset=\"https:\/\/www.au-pays-des-merveilles.com\/blog\/wp-content\/uploads\/2016\/12\/Juste-avant-le-bonheur-COLLECTOR-625x1024.jpg 625w, https:\/\/www.au-pays-des-merveilles.com\/blog\/wp-content\/uploads\/2016\/12\/Juste-avant-le-bonheur-COLLECTOR-183x300.jpg 183w, https:\/\/www.au-pays-des-merveilles.com\/blog\/wp-content\/uploads\/2016\/12\/Juste-avant-le-bonheur-COLLECTOR-768x1259.jpg 768w, https:\/\/www.au-pays-des-merveilles.com\/blog\/wp-content\/uploads\/2016\/12\/Juste-avant-le-bonheur-COLLECTOR.jpg 1276w\" sizes=\"auto, (max-width: 250px) 100vw, 250px\" \/><\/p>\n<p style=\"text-align: justify;\">** <strong>des livres.<\/strong> Je suis une grosse fana de bouquins &#8230; M\u00eame si j&rsquo;ai 14 histoires en cours, je suis capable d&rsquo;en acheter encore ! C&rsquo;est n&rsquo;importe quoi, on est d&rsquo;accord ! Mais je crois que je suis une f\u00e9tichiste des livres : j&rsquo;aime l&rsquo;objet en lui m\u00eame, le papier, le parfum des pages &#8230; Toujours est il que pour mon plus grand plaisir, les <a rel=\"nofollow noopener noreferrer\" href=\"http:\/\/www.universpoche.com\/\" target=\"_blank\" rel=\"nofollow noopener noreferrer\">\u00e9ditions Pocket<\/a> ont sorti des \u00e9ditions limit\u00e9es &amp; collector pour No\u00ebl comme \u00ab\u00a0Et soudain tout change\u00a0\u00bb de Gilles Legardinier (la couverture est trooop jolie !)\u00a0 ou encore \u00ab\u00a0Juste avant le bonheur\u00a0\u00bb de Agn\u00e8s Ledig que je lis, en m\u00eame temps (ouay jsuis une dingue !) donc tu peux m&rsquo;en offrir d&rsquo;autres, j&rsquo;adore !<\/p>\n<p style=\"text-align: justify;\"><img loading=\"lazy\" decoding=\"async\" class=\"aligncenter size-large wp-image-19381\" src=\"https:\/\/www.au-pays-des-merveilles.com\/blog\/wp-content\/uploads\/2016\/12\/Luminette\u00ae___Lunettes_de_luminothe\u0301rapie__Site_officiel-1024x606.jpg\" alt=\"Luminette\u00ae___Lunettes_de_luminothe\u0301rapie__Site_officiel\" width=\"600\" height=\"355\" srcset=\"https:\/\/www.au-pays-des-merveilles.com\/blog\/wp-content\/uploads\/2016\/12\/Luminette\u00ae___Lunettes_de_luminothe\u0301rapie__Site_officiel-1024x606.jpg 1024w, https:\/\/www.au-pays-des-merveilles.com\/blog\/wp-content\/uploads\/2016\/12\/Luminette\u00ae___Lunettes_de_luminothe\u0301rapie__Site_officiel-300x177.jpg 300w, https:\/\/www.au-pays-des-merveilles.com\/blog\/wp-content\/uploads\/2016\/12\/Luminette\u00ae___Lunettes_de_luminothe\u0301rapie__Site_officiel-768x454.jpg 768w, https:\/\/www.au-pays-des-merveilles.com\/blog\/wp-content\/uploads\/2016\/12\/Luminette\u00ae___Lunettes_de_luminothe\u0301rapie__Site_officiel.jpg 1067w\" sizes=\"auto, (max-width: 600px) 100vw, 600px\" \/><\/p>\n<p style=\"text-align: justify;\">** <strong>la luminette<\/strong> ! Pour retrouver bien \u00eatre et s\u00e9r\u00e9nit\u00e9, et traiter efficacement ma de\u0301pression saisonnie\u0300re et mes troubles du sommeil, j&rsquo;ai test\u00e9 la luminoth\u00e9rapie en mode nomade ! La luminothe\u0301rapie est reconnue depuis 2005 (American Psychiatric Association) comme la the\u0301rapie la plus efficace pour lutter contre le manque de lumie\u0300re et les troubles de l\u2019horloge biologique. Apre\u0300s 4 anne\u0301es de recherche universitaire, trois chercheurs belges de l\u2019universite\u0301 de Lie\u0300ge cre\u0301ent la Luminette\u00ae. Le faisceau lumineux pe\u0301ne\u0300tre dans l\u2019\u0153il de manie\u0300re naturelle, comme le soleil, et atteint la partie infe\u0301rieure de la re\u0301tine, zone particulie\u0300rement riche en photore\u0301cepteurs. Elle e\u0301met une lumie\u0300re blanche enrichie en bleu. Celle-ci active le plus la re\u0301ponse e\u0301nergisante du corps. Comme une paire de lunettes classique, la Luminette\u00ae reste a\u0300 e\u0301gale distance de la re\u0301tine quels que soient nos mouvements, sans nous e\u0301blouir. Une utilisation une fois par jour suffit a\u0300 raison d\u2019une se\u0301ance de 20 minutes. Les effets be\u0301ne\u0301fiques se font ressentir de\u0300s 4 a\u0300 5 jours. Une utilisation le matin est recommande\u0301e pour la baisse d\u2019e\u0301nergie, le blues hivernal le retard de phase sommeil. Une utilisation en soire\u0301e est pre\u0301conise\u0301e pour l\u2019avance de phase de sommeil et le travail de nuit. Top pour un cadeau de No\u00ebl original et qui fait du bien ! P\u00e8re No\u00ebl ? La luminette est en vente sur le site <a rel=\"nofollow noopener noreferrer\" href=\"https:\/\/www.myluminette.com\/\" target=\"_blank\" rel=\"nofollow noopener noreferrer\">www.myluminette.com<\/a>, en magasin chez Nature et De\u0301couvertes et dans toutes les pharmacies du groupe Pharmareva.<\/p>\n<p style=\"text-align: justify;\"><img loading=\"lazy\" decoding=\"async\" class=\"aligncenter wp-image-19387\" src=\"https:\/\/www.au-pays-des-merveilles.com\/blog\/wp-content\/uploads\/2016\/12\/Cadeau_-_Gymlib.jpg\" alt=\"Cadeau_-_Gymlib\" width=\"500\" height=\"465\" srcset=\"https:\/\/www.au-pays-des-merveilles.com\/blog\/wp-content\/uploads\/2016\/12\/Cadeau_-_Gymlib.jpg 551w, https:\/\/www.au-pays-des-merveilles.com\/blog\/wp-content\/uploads\/2016\/12\/Cadeau_-_Gymlib-300x279.jpg 300w\" sizes=\"auto, (max-width: 500px) 100vw, 500px\" \/><\/p>\n<p style=\"text-align: justify;\">\u00a0**<strong> des cours de gym<\/strong>. Bon ok, on laisse passer les f\u00eates histoire de faire les gros et apr\u00e8s on rechausse les baskets et on reprend les bonnes vieilles habitudes : diet et sport ! Yeeeesss ! Je vous l&rsquo;accorde, les abonnements en salle de sport sont souvent couteux et pass\u00e9e l&rsquo;euphorie du d\u00e9but, la motivation diminue. Alors innovation les enfants ! <a rel=\"nofollow noopener noreferrer\" href=\"https:\/\/www.gymlib.com\" target=\"_blank\" rel=\"nofollow noopener noreferrer\">Gymlib<\/a> invente le pass courte dur\u00e9e sans contrainte d&rsquo;engagement en salle de sport ! Excellent !\u00a0 Sous le sapin, une carte cadeau sur-mesure \u00e0 utiliser dans plus de 1200 salles en France, permettant \u00e0 chacun de se ressourcer, de se d\u00e9tendre ou de se d\u00e9fouler selon ses envies. Prix n\u00e9goci\u00e9s, pas de frais d&rsquo;inscription, pas d&rsquo;abonnement &#8230; Quoi de mieux que du sport \u00e0 la carte\u00a0pour aider ses proches \u00e0 appliquer imm\u00e9diatement leurs <s>\u00e9ph\u00e9m\u00e8res<\/s> bonnes\u00a0r\u00e9solutions ?! Fini les pubs avec plein de \u00ab\u00a0***\u00a0\u00bb qui cachent des conditions. Chez <a rel=\"nofollow noopener noreferrer\" href=\"https:\/\/www.gymlib.com\" target=\"_blank\" rel=\"nofollow noopener noreferrer\">Gymlib<\/a>, on veut faire du sport 1 fois, on ach\u00e8te 1 entr\u00e9e. On veut faire 1 mois d\u2019illimit\u00e9 dans une salle, on ach\u00e8te 1 mois. Et c\u2019est tout, apr\u00e8s on peut dispara\u00eetre et revenir quand on se remotive ! Je trouve ce concept au top !<\/p>\n<h3 style=\"text-align: justify;\"><span style=\"text-decoration: underline;\">Cadeau<\/span> : avec le code promo MERVEILLES, vous pourrez b\u00e9n\u00e9ficier de 10% valable jusqu\u2019au 30\/01\/2016. Et encore mieux, c&rsquo;est No\u00eb\u00eb\u00eb\u00eblll, 10 pass d&rsquo;1 entr\u00e9e sont \u00e0 gagner ! Pour cela, vous me laissez un commentaire jusqu&rsquo;au 31 d\u00e9cembre 2015 \u00e0 15 heures. R\u00e9sultats par tirage au sort dans l&rsquo;apr\u00e8s-midi !<\/h3>\n<p>Sur ces belles paroles, je vous souhaite un tr\u00e8s Joyeux No\u00ebl !<\/p>\n<p>Merci P\u00e8re No\u00ebl ! <img src=\"https:\/\/www.au-pays-des-merveilles.com\/blog\/wp-includes\/images\/smilies\/3.gif\" alt=\";)\" class=\"wp-smiley\" style=\"height: 1em; max-height: 1em;\" \/> \u00a0\u00bb<\/p>\n<p><img loading=\"lazy\" decoding=\"async\" class=\"aligncenter wp-image-19393\" src=\"https:\/\/www.au-pays-des-merveilles.com\/blog\/wp-content\/uploads\/2016\/12\/nono.jpg\" alt=\"nono\" width=\"450\" height=\"668\" srcset=\"https:\/\/www.au-pays-des-merveilles.com\/blog\/wp-content\/uploads\/2016\/12\/nono.jpg 550w, https:\/\/www.au-pays-des-merveilles.com\/blog\/wp-content\/uploads\/2016\/12\/nono-202x300.jpg 202w\" sizes=\"auto, (max-width: 450px) 100vw, 450px\" \/><\/p>\n","protected":false},"excerpt":{"rendered":"<p>Et ben, il serait temps que je me r\u00e9veille hein ! Oh h\u00e9 \u00e7a va ! A 3 jours de No\u00ebl, je suis encore dans les temps ! Allez GOOO ! \u00ab\u00a0Cher P\u00e8re No\u00ebl, Cette ann\u00e9e, pourrais tu mettre dans ta hotte : ** un nouvel appart, une nouvelle voiture, une GoPro, un r\u00e9flex &#8230;<\/p>\n","protected":false},"author":1,"featured_media":0,"comment_status":"open","ping_status":"open","sticky":false,"template":"","format":"standard","meta":{"footnotes":""},"categories":[6,36],"tags":[245,1430,1448,1451,1437,61,1449,1450,255,894,930,1365],"class_list":["post-19371","post","type-post","status-publish","format-standard","hentry","category-beautiful-girl","category-fashion-no-victim","tag-cadeau","tag-concours","tag-editions-pocket","tag-gymlib","tag-karin-herzog","tag-livre","tag-luminette","tag-luminotherapie","tag-noel","tag-soin-anti-age-visage","tag-spartoo","tag-wishlist"],"_links":{"self":[{"href":"https:\/\/www.au-pays-des-merveilles.com\/blog\/wp-json\/wp\/v2\/posts\/19371","targetHints":{"allow":["GET"]}}],"collection":[{"href":"https:\/\/www.au-pays-des-merveilles.com\/blog\/wp-json\/wp\/v2\/posts"}],"about":[{"href":"https:\/\/www.au-pays-des-merveilles.com\/blog\/wp-json\/wp\/v2\/types\/post"}],"author":[{"embeddable":true,"href":"https:\/\/www.au-pays-des-merveilles.com\/blog\/wp-json\/wp\/v2\/users\/1"}],"replies":[{"embeddable":true,"href":"https:\/\/www.au-pays-des-merveilles.com\/blog\/wp-json\/wp\/v2\/comments?post=19371"}],"version-history":[{"count":0,"href":"https:\/\/www.au-pays-des-merveilles.com\/blog\/wp-json\/wp\/v2\/posts\/19371\/revisions"}],"wp:attachment":[{"href":"https:\/\/www.au-pays-des-merveilles.com\/blog\/wp-json\/wp\/v2\/media?parent=19371"}],"wp:term":[{"taxonomy":"category","embeddable":true,"href":"https:\/\/www.au-pays-des-merveilles.com\/blog\/wp-json\/wp\/v2\/categories?post=19371"},{"taxonomy":"post_tag","embeddable":true,"href":"https:\/\/www.au-pays-des-merveilles.com\/blog\/wp-json\/wp\/v2\/tags?post=19371"}],"curies":[{"name":"wp","href":"https:\/\/api.w.org\/{rel}","templated":true}]}}