{"id":19487,"date":"2016-02-29T14:50:54","date_gmt":"2016-02-29T13:50:54","guid":{"rendered":"http:\/\/www.au-pays-des-merveilles.com\/blog\/?p=19487"},"modified":"2019-04-28T12:14:18","modified_gmt":"2019-04-28T10:14:18","slug":"%e2%99%a1-les-liens-du-week-end-%e2%99%a1-75","status":"publish","type":"post","link":"https:\/\/www.au-pays-des-merveilles.com\/blog\/2016\/02\/29\/%e2%99%a1-les-liens-du-week-end-%e2%99%a1-75\/","title":{"rendered":"\u2661 LES LIENS DU WEEK-END \u2661 # 75"},"content":{"rendered":"<p style=\"text-align: justify;\"><img loading=\"lazy\" decoding=\"async\" class=\"size-full wp-image-19537 aligncenter\" src=\"https:\/\/www.au-pays-des-merveilles.com\/blog\/wp-content\/uploads\/2017\/02\/5252724.jpg\" alt=\"5252724\" width=\"600\" height=\"399\" srcset=\"https:\/\/www.au-pays-des-merveilles.com\/blog\/wp-content\/uploads\/2017\/02\/5252724.jpg 600w, https:\/\/www.au-pays-des-merveilles.com\/blog\/wp-content\/uploads\/2017\/02\/5252724-300x200.jpg 300w\" sizes=\"auto, (max-width: 600px) 100vw, 600px\" \/><\/p>\n<p style=\"text-align: justify;\">Oooh un article sur le liens du week-end le lundi, original ! <em>Il serait temps Jacqueline &#8230; oui ben on fait ce qu&rsquo;on peut hein ! Et j&rsquo;ai r\u00e9dig\u00e9 mon post sur mon r\u00e9\u00e9quilibrage alimentaire qui \u00e9tait un peu plus long donc je vous prie d&rsquo;accepter toutes mes confuses ! Il arrive tr\u00e8s vite !<\/em> D&rsquo;ailleurs, en parlant de r\u00e9gime &#8230;<\/p>\n<p style=\"text-align: justify;\">&#x2665;<strong> DIET<\/strong> : si vous souhaitez vous familiariser avec la m\u00e9thode que je pratique actuellement vous pouvez lire le livre du Dr Laurence Plumey , m\u00e9decin nutritionniste, \u00ab\u00a0<a href=\"http:\/\/www.amazon.fr\/gp\/product\/2212563485\/ref=as_li_tl?ie=UTF8&amp;camp=1642&amp;creative=19458&amp;creativeASIN=2212563485&amp;linkCode=as2&amp;tag=aupaysdesmerv-21\" rel=\"nofollow\">Comment maigrir heureux quand on n&rsquo;aime ni le sport ni les l\u00e9gumes<\/a>\u00ab\u00a0<img loading=\"lazy\" decoding=\"async\" style=\"border: none !important; margin: 0px !important;\" src=\"http:\/\/ir-fr.amazon-adsystem.com\/e\/ir?t=aupaysdesmerv-21&amp;l=as2&amp;o=8&amp;a=2212563485\" alt=\"\" width=\"1\" height=\"1\" border=\"0\" \/>. Cet ouvrage au titre prometteur est tr\u00e8s bien fait ! Il est tr\u00e8s clair, il propose lui aussi un programme sur mesure avec des id\u00e9es de menus sur la semaine, des recettes, des conseils &#8230; qui se d\u00e9cline en 4 \u00e9tapes : 1200 calories\/jour pour perdre les premiers kilos, 1500 calories par jour pour continuer \u00e0 perdre sur la dur\u00e9e, 1800 calories par jour pour stabiliser et ne pas reprendre les kilos perdus, 2000 calories par jour pour entretenir sa forme pendant des ann\u00e9es ! J&rsquo;y ai trouv\u00e9 un vrai compl\u00e9ment au r\u00e9gime Croq&rsquo;kilos que je fais en ce moment ! Je vous le conseille vivement les filles !<\/p>\n<p style=\"text-align: justify;\"><img loading=\"lazy\" decoding=\"async\" class=\"aligncenter wp-image-19532 size-medium\" src=\"https:\/\/www.au-pays-des-merveilles.com\/blog\/wp-content\/uploads\/2017\/02\/livre-194x300.jpg\" alt=\"livre\" width=\"194\" height=\"300\" srcset=\"https:\/\/www.au-pays-des-merveilles.com\/blog\/wp-content\/uploads\/2017\/02\/livre-194x300.jpg 194w, https:\/\/www.au-pays-des-merveilles.com\/blog\/wp-content\/uploads\/2017\/02\/livre.jpg 322w\" sizes=\"auto, (max-width: 194px) 100vw, 194px\" \/><\/p>\n<p style=\"text-align: justify;\">&#x2665; <strong>MUSIQUE<\/strong> : je me passe en boucle l&rsquo;album de <a rel=\"nofollow noopener noreferrer\" href=\"http:\/\/lenkamusic.com\/\" target=\"_blank\" rel=\"nofollow noopener noreferrer\">LENKA<\/a> &#8211; The Bright Side. Vous connaissez cette artiste australienne ? Je suis s\u00fbre que si &#8230; je suis une fan inconditionnelle de son album de 2008 \u00ab\u00a0The Show\u00a0\u00bb que je ne retrouve plus sur mon ordi d&rsquo;ailleurs &#8230; je pense que je vais le racheter !! Et l\u00e0, 1000 ans apr\u00e8s tout le monde, je d\u00e9couvre qu&rsquo;elle a sorti un album l&rsquo;ann\u00e9e derni\u00e8re ! Je kiffe son style, sa voix, sa douceur &#8230; oui ce sont vraiment des chansons doudou pour moi ! Je ne sais comment vous expliquer &#8230; Magique !<\/p>\n<p style=\"text-align: justify;\"><img loading=\"lazy\" decoding=\"async\" class=\"aligncenter size-medium wp-image-19534\" src=\"https:\/\/www.au-pays-des-merveilles.com\/blog\/wp-content\/uploads\/2017\/02\/cover-bright-side-300x300.jpg\" alt=\"cover-bright-side\" width=\"300\" height=\"300\" srcset=\"https:\/\/www.au-pays-des-merveilles.com\/blog\/wp-content\/uploads\/2017\/02\/cover-bright-side-300x300.jpg 300w, https:\/\/www.au-pays-des-merveilles.com\/blog\/wp-content\/uploads\/2017\/02\/cover-bright-side-150x150.jpg 150w, https:\/\/www.au-pays-des-merveilles.com\/blog\/wp-content\/uploads\/2017\/02\/cover-bright-side-768x768.jpg 768w, https:\/\/www.au-pays-des-merveilles.com\/blog\/wp-content\/uploads\/2017\/02\/cover-bright-side-210x210.jpg 210w, https:\/\/www.au-pays-des-merveilles.com\/blog\/wp-content\/uploads\/2017\/02\/cover-bright-side.jpg 800w\" sizes=\"auto, (max-width: 300px) 100vw, 300px\" \/><\/p>\n<p style=\"text-align: justify;\">&#x2665; <strong>SHOES<\/strong> : rhhaaa je suis un vrai mouton &#8230; des mois que je lorgne dessus ! Ma voisine, dans les pages mode des mag&rsquo;, les blogueuses mode &#8230; elles ont toutes leurs paires de <a href=\"http:\/\/www.spartoo.com\/modele-29238466-adidas-Originals-Stan-Smith.php\" target=\"_blank\" rel=\"nofollow noopener noreferrer\">Stan Smith<\/a>, il faut bien que je m&rsquo;y mette aussi ! Ca annonce le Printemps <a href=\"http:\/\/www.spartoo.com\/adidas-Originals-STAN-SMITH-W-x2406075.php\" target=\"_blank\" rel=\"nofollow noopener noreferrer\">cette petite paire de baskets Adidas<\/a> effet peau de serpent, trouv\u00e9es sur <a rel=\"nofollow noopener noreferrer\" href=\"http:\/\/www.spartoo.com\" target=\"_blank\" rel=\"nofollow noopener noreferrer\">Spartoo<\/a> ! Je vais craquayde &#8230;!!<\/p>\n<p style=\"text-align: justify;\"><img loading=\"lazy\" decoding=\"async\" class=\"aligncenter size-full wp-image-19530\" src=\"https:\/\/www.au-pays-des-merveilles.com\/blog\/wp-content\/uploads\/2017\/02\/adidas-Originals-STAN-SMITH-W-2406075_350_A.jpg\" alt=\"adidas-Originals-STAN-SMITH-W-2406075_350_A\" width=\"350\" height=\"350\" srcset=\"https:\/\/www.au-pays-des-merveilles.com\/blog\/wp-content\/uploads\/2017\/02\/adidas-Originals-STAN-SMITH-W-2406075_350_A.jpg 350w, https:\/\/www.au-pays-des-merveilles.com\/blog\/wp-content\/uploads\/2017\/02\/adidas-Originals-STAN-SMITH-W-2406075_350_A-150x150.jpg 150w, https:\/\/www.au-pays-des-merveilles.com\/blog\/wp-content\/uploads\/2017\/02\/adidas-Originals-STAN-SMITH-W-2406075_350_A-300x300.jpg 300w, https:\/\/www.au-pays-des-merveilles.com\/blog\/wp-content\/uploads\/2017\/02\/adidas-Originals-STAN-SMITH-W-2406075_350_A-210x210.jpg 210w\" sizes=\"auto, (max-width: 350px) 100vw, 350px\" \/><\/p>\n<p style=\"text-align: justify;\">&#x2665; <strong>VOYAGE<\/strong> : avec tout \u00e7a, on voit que j&rsquo;ai h\u00e2te d&rsquo;\u00eatre au Printemps parce que j&rsquo;ai des envies de voyages et de week-end, un truc de ouf ! C&rsquo;est peut \u00eatre parce que je n&rsquo;ai pas eu de vraies vacances depuis plus d&rsquo;un an maintenant &#8230;<em> Je vais faire pleurer dans les chaumi\u00e8res dans 5 minutes ! Haha !<\/em> Non mais tout \u00e7a pour vous annoncer que j&rsquo;ai demand\u00e9 ma mutation pour <a href=\"http:\/\/www.noumea.nc\/\" target=\"_blank\" rel=\"noopener noreferrer\"><strong>Noum\u00e9a en Nouvelle Cal\u00e9donie<\/strong><\/a> ! Je n&rsquo;aurai la r\u00e9ponse que le 1er juin mais je peux vous dire que dans ma t\u00eate je suis d\u00e9j\u00e0 partie &#8230; ! Tu m&rsquo;\u00e9tonnes John ! Surtout quand tu vois les paysages de r\u00eave sur le net (lookez voir les superbes photos de <a rel=\"nofollow noopener noreferrer\" href=\"http:\/\/www.sebastienmerion.com\/\" target=\"_blank\" rel=\"nofollow noopener noreferrer\">S\u00e9bastien M\u00e9rion<\/a> !) et que je lis les t\u00e9moignages de personnes habitant sur place ! Le dossier est parti et j&rsquo;ai commenc\u00e9 les d\u00e9marches pour mon ptit chat, ma Luna, pour l&#8217;emmener avec moi ! C&rsquo;est un peu le parcours du combattant mais quand on veut &#8230; Si vous souhaitez des infos l\u00e0 dessus, mon v\u00e9to est hyper cal\u00e9 et m&rsquo;a fait tout un tableau que je pourrais vous scanner ! Donc si vous avez des contacts, des t\u00e9moignages, des conseils sur la NC, je suis preneuse ! ^^<\/p>\n<p style=\"text-align: justify;\"><img loading=\"lazy\" decoding=\"async\" class=\"aligncenter size-large wp-image-19538\" src=\"https:\/\/www.au-pays-des-merveilles.com\/blog\/wp-content\/uploads\/2017\/02\/ob_6b3470_img-1927-jpg1-1024x683-1024x683.jpg\" alt=\"ob_6b3470_img-1927-jpg1-1024x683\" width=\"600\" height=\"400\" srcset=\"https:\/\/www.au-pays-des-merveilles.com\/blog\/wp-content\/uploads\/2017\/02\/ob_6b3470_img-1927-jpg1-1024x683.jpg 1024w, https:\/\/www.au-pays-des-merveilles.com\/blog\/wp-content\/uploads\/2017\/02\/ob_6b3470_img-1927-jpg1-1024x683-300x200.jpg 300w, https:\/\/www.au-pays-des-merveilles.com\/blog\/wp-content\/uploads\/2017\/02\/ob_6b3470_img-1927-jpg1-1024x683-768x512.jpg 768w\" sizes=\"auto, (max-width: 600px) 100vw, 600px\" \/><\/p>\n<p style=\"text-align: justify;\">En attendant, je vais sortir mes rames &#8230;<\/p>\n<p style=\"text-align: justify;\">Stay tuned, il y a plein de petits concours qui se profilent \u00e0 l&rsquo;horizon ! &#8230; Joyeuse semaine !<\/p>\n","protected":false},"excerpt":{"rendered":"<p>Oooh un article sur le liens du week-end le lundi, original ! Il serait temps Jacqueline &#8230; oui ben on fait ce qu&rsquo;on peut hein ! Et j&rsquo;ai r\u00e9dig\u00e9 mon post sur mon r\u00e9\u00e9quilibrage alimentaire qui \u00e9tait un peu plus long donc je vous prie d&rsquo;accepter toutes mes confuses ! Il arrive tr\u00e8s vite !<\/p>\n","protected":false},"author":1,"featured_media":0,"comment_status":"open","ping_status":"open","sticky":false,"template":"","format":"standard","meta":{"footnotes":""},"categories":[236],"tags":[165,1462,1464,1461,1460,502,930,1463,1429],"class_list":["post-19487","post","type-post","status-publish","format-standard","hentry","category-les-liens-du-week-end","tag-adidas","tag-iles","tag-lenka","tag-noumea","tag-nouvelle-caledonie","tag-regime","tag-spartoo","tag-stan-smith","tag-voyage"],"_links":{"self":[{"href":"https:\/\/www.au-pays-des-merveilles.com\/blog\/wp-json\/wp\/v2\/posts\/19487","targetHints":{"allow":["GET"]}}],"collection":[{"href":"https:\/\/www.au-pays-des-merveilles.com\/blog\/wp-json\/wp\/v2\/posts"}],"about":[{"href":"https:\/\/www.au-pays-des-merveilles.com\/blog\/wp-json\/wp\/v2\/types\/post"}],"author":[{"embeddable":true,"href":"https:\/\/www.au-pays-des-merveilles.com\/blog\/wp-json\/wp\/v2\/users\/1"}],"replies":[{"embeddable":true,"href":"https:\/\/www.au-pays-des-merveilles.com\/blog\/wp-json\/wp\/v2\/comments?post=19487"}],"version-history":[{"count":0,"href":"https:\/\/www.au-pays-des-merveilles.com\/blog\/wp-json\/wp\/v2\/posts\/19487\/revisions"}],"wp:attachment":[{"href":"https:\/\/www.au-pays-des-merveilles.com\/blog\/wp-json\/wp\/v2\/media?parent=19487"}],"wp:term":[{"taxonomy":"category","embeddable":true,"href":"https:\/\/www.au-pays-des-merveilles.com\/blog\/wp-json\/wp\/v2\/categories?post=19487"},{"taxonomy":"post_tag","embeddable":true,"href":"https:\/\/www.au-pays-des-merveilles.com\/blog\/wp-json\/wp\/v2\/tags?post=19487"}],"curies":[{"name":"wp","href":"https:\/\/api.w.org\/{rel}","templated":true}]}}