{"id":2044,"date":"2008-10-31T07:00:26","date_gmt":"2008-10-31T05:00:26","guid":{"rendered":"http:\/\/www.au-pays-des-merveilles.com\/blog\/?p=2044"},"modified":"2019-03-22T17:17:48","modified_gmt":"2019-03-22T15:17:48","slug":"happy-halloween","status":"publish","type":"post","link":"https:\/\/www.au-pays-des-merveilles.com\/blog\/2008\/10\/31\/happy-halloween\/","title":{"rendered":"Happy Halloween !"},"content":{"rendered":"<p style=\"text-align: center;\"><a href=\"https:\/\/www.au-pays-des-merveilles.com\/blog\/wp-content\/uploads\/2008\/10\/image22.png\"><img loading=\"lazy\" decoding=\"async\" style=\"border-right: 0px; border-top: 0px; border-left: 0px; border-bottom: 0px\" src=\"https:\/\/www.au-pays-des-merveilles.com\/blog\/wp-content\/uploads\/2008\/10\/image-thumb20.png\" border=\"0\" alt=\"image\" width=\"414\" height=\"286\" \/><\/a><\/p>\n<p style=\"text-align: center;\">Les bonbons ou la vie ?! <img src=\"https:\/\/www.au-pays-des-merveilles.com\/blog\/wp-includes\/images\/smilies\/8.gif\" alt=\"(suc)\" class=\"wp-smiley\" style=\"height: 1em; max-height: 1em;\" \/><\/p>\n<p style=\"text-align: center;\">(chouette, une occasion de plus de manger des cochonneries !!)<\/p>\n<p style=\"text-align: center;\"><strong>Au programme de ce week-end<\/strong>, une petite vir\u00e9e \u00e0 Troyes pour l&rsquo;anniv de la grand-m\u00e8re de mister loulou. Pour l&rsquo;occas&rsquo;, je pense lui faire un g\u00e2teau de saison :<\/p>\n<p style=\"text-align: center;\">mon spider carott cake !<\/p>\n<p style=\"text-align: center;\"><a href=\"https:\/\/www.au-pays-des-merveilles.com\/blog\/wp-content\/uploads\/2008\/10\/image23.png\"><img loading=\"lazy\" decoding=\"async\" style=\"border-right: 0px; border-top: 0px; border-left: 0px; border-bottom: 0px\" src=\"https:\/\/www.au-pays-des-merveilles.com\/blog\/wp-content\/uploads\/2008\/10\/image-thumb21.png\" border=\"0\" alt=\"image\" width=\"414\" height=\"304\" \/><\/a><\/p>\n<p style=\"text-align: center;\">&#8230; surtout que son papy est un grand fan des g\u00e2teaux aux carottes ! Moi aussi, enfin bon en m\u00eame temps c&rsquo;est pas tr\u00e8s compliqu\u00e9 vu que je suis tr\u00e8s sucr\u00e9, tout me plait !! Je vous posterais la recette si vous la voulez ! faut juste que je la retrouve parce que j&rsquo;avais fait un mix de plusieurs recettes !<\/p>\n<p style=\"text-align: center;\">Et je vais aussi me faire plaisir avec <strong>mon reflex<\/strong> puisqu&rsquo;il y aura les deux ni\u00e8ces de mister ! elles sont trop choupettes ! je vais me tester au portrait &#8230; \u00e0 suivre !<\/p>\n<p style=\"text-align: center;\">Et <strong>dimanche,<\/strong> ben ce sera plus studieux je pense, puisque je continue mes <strong>r\u00e9visions<\/strong>. Ca y est, je me suis inscrite aux concours. Les \u00e9ch\u00e9ances arrivent \u00e0 grands pas &#8230; et je commence un tout tit peu \u00e0 flipper ! un tout tit peu !!<\/p>\n<p style=\"text-align: center;\">Enfin, pourquoi pas <strong>un petit cin\u00e9<\/strong> ! \u00e7a fait une \u00e9ternit\u00e9 que je n&rsquo;y suis plus all\u00e9e &#8230; pour tout vous dire on a m\u00eame annul\u00e9 notre carte UGC &#8230; plus le temps de rien de toute fa\u00e7on !<\/p>\n<p style=\"text-align: center;\">Et pis ben la semaine prochaine je vous montrerai <strong>un de mes cadeaux d&rsquo;anniv<\/strong> (il serait temps aussi !) que je me suis offert ! Il est trop beau, trop pratique, je ne le quitte plus &#8230; la suite d\u00e8s <strong>lundi <\/strong>!\u00a0 <img src=\"https:\/\/www.au-pays-des-merveilles.com\/blog\/wp-includes\/images\/smilies\/9.gif\" alt=\"(gift)\" class=\"wp-smiley\" style=\"height: 1em; max-height: 1em;\" \/><\/p>\n<p style=\"text-align: center;\"><em>Et vous c&rsquo;est quoi votre programme ?!<\/em><\/p>\n<p style=\"text-align: center;\"><strong>Bon week-end !<\/strong><\/p>\n<p style=\"text-align: center;\">\n<p style=\"text-align: center;\"><span style=\"color: #ff6600;\"><span style=\"text-decoration: underline;\">Edit de 21h<\/span> : et ben en fait je suis partie plus t\u00f4t du boulot aujourd&rsquo;hui pour aller voir mon gentil Doc (2 heures d&rsquo;attente, j&rsquo;adore) : me suis fait un m\u00e9ga torticoli de la mort &#8230; Sous m\u00e9docs et minerve jusqu&rsquo;\u00e0 mardi prochain &#8230; je le sens bien le week-end ! Quand je vous dis que je les accumule en ce moment &#8230; <\/span><\/p>\n","protected":false},"excerpt":{"rendered":"<p>Les bonbons ou la vie ?! (chouette, une occasion de plus de manger des cochonneries !!) Au programme de ce week-end, une petite vir\u00e9e \u00e0 Troyes pour l&rsquo;anniv de la grand-m\u00e8re de mister loulou. Pour l&rsquo;occas&rsquo;, je pense lui faire un g\u00e2teau de saison : mon spider carott cake ! &#8230; surtout que son papy<\/p>\n","protected":false},"author":1,"featured_media":0,"comment_status":"open","ping_status":"open","sticky":false,"template":"","format":"standard","meta":{"footnotes":""},"categories":[13,4],"tags":[],"class_list":["post-2044","post","type-post","status-publish","format-standard","hentry","category-calendrier","category-ma-vie-mon-oeuvre"],"_links":{"self":[{"href":"https:\/\/www.au-pays-des-merveilles.com\/blog\/wp-json\/wp\/v2\/posts\/2044","targetHints":{"allow":["GET"]}}],"collection":[{"href":"https:\/\/www.au-pays-des-merveilles.com\/blog\/wp-json\/wp\/v2\/posts"}],"about":[{"href":"https:\/\/www.au-pays-des-merveilles.com\/blog\/wp-json\/wp\/v2\/types\/post"}],"author":[{"embeddable":true,"href":"https:\/\/www.au-pays-des-merveilles.com\/blog\/wp-json\/wp\/v2\/users\/1"}],"replies":[{"embeddable":true,"href":"https:\/\/www.au-pays-des-merveilles.com\/blog\/wp-json\/wp\/v2\/comments?post=2044"}],"version-history":[{"count":0,"href":"https:\/\/www.au-pays-des-merveilles.com\/blog\/wp-json\/wp\/v2\/posts\/2044\/revisions"}],"wp:attachment":[{"href":"https:\/\/www.au-pays-des-merveilles.com\/blog\/wp-json\/wp\/v2\/media?parent=2044"}],"wp:term":[{"taxonomy":"category","embeddable":true,"href":"https:\/\/www.au-pays-des-merveilles.com\/blog\/wp-json\/wp\/v2\/categories?post=2044"},{"taxonomy":"post_tag","embeddable":true,"href":"https:\/\/www.au-pays-des-merveilles.com\/blog\/wp-json\/wp\/v2\/tags?post=2044"}],"curies":[{"name":"wp","href":"https:\/\/api.w.org\/{rel}","templated":true}]}}