{"id":20566,"date":"2017-09-25T18:45:30","date_gmt":"2017-09-25T16:45:30","guid":{"rendered":"http:\/\/www.au-pays-des-merveilles.com\/blog\/?p=20566"},"modified":"2019-03-22T17:16:51","modified_gmt":"2019-03-22T15:16:51","slug":"coque-personnalisee","status":"publish","type":"post","link":"https:\/\/www.au-pays-des-merveilles.com\/blog\/2017\/09\/25\/coque-personnalisee\/","title":{"rendered":"Une coque personnalis\u00e9e pour f\u00eater un mois d&rsquo;amour &#x2665;"},"content":{"rendered":"<p><img loading=\"lazy\" decoding=\"async\" class=\"aligncenter size-full wp-image-20568\" src=\"https:\/\/www.au-pays-des-merveilles.com\/blog\/wp-content\/uploads\/2017\/09\/Nous.jpg\" alt=\"\" width=\"461\" height=\"303\" srcset=\"https:\/\/www.au-pays-des-merveilles.com\/blog\/wp-content\/uploads\/2017\/09\/Nous.jpg 461w, https:\/\/www.au-pays-des-merveilles.com\/blog\/wp-content\/uploads\/2017\/09\/Nous-300x197.jpg 300w\" sizes=\"auto, (max-width: 461px) 100vw, 461px\" \/><\/p>\n<p style=\"text-align: justify;\">Un mois d&rsquo;amour &amp; de bonheur, \u00e7a se f\u00eate non ?! Oui toutes les occasions sont bonnes me direz vous pour se faire des p&rsquo;tits cadeaux ! Parfois, on s\u00e8che niveau id\u00e9es pour offrir un pr\u00e9sent \u00e0 sa ou son ch\u00e9ri(e), sa soeur, son fr\u00e8re, ses parents &#8230; enfin toute la famille quoi ^^ ou m\u00eame ses amis ! Pas oblig\u00e9 d&rsquo;attendre un \u00e9v\u00e9nement particulier &#8230; juste se faire ou faire plaisir \u00e0 tous les moments de l&rsquo;ann\u00e9e \u00e0 moindre prix, it is possibeule ! Une petite id\u00e9e comme \u00e7a : la <a href=\"https:\/\/www.lacoquepersonnalisee.fr\/\" rel=\"nofollow\">coque personnalis\u00e9e<\/a> ! Je vais vous faire une confidence : je n&rsquo;ai jamais \u00e9t\u00e9 tr\u00e8s fan de ces coques avec des photos dessus mais depuis que je suis amoureuse, je voudrais coller sa photo partout ! Hahahaha !! <img src=\"https:\/\/www.au-pays-des-merveilles.com\/blog\/wp-includes\/images\/smilies\/19.gif\" alt=\"(love)\" class=\"wp-smiley\" style=\"height: 1em; max-height: 1em;\" \/><\/p>\n<p>Je suis all\u00e9e choisir ma coque dans la rubrique <a rel=\"nofollow\" rel=\"nofollow noopener noreferrer\" href=\"https:\/\/www.lacoquepersonnalisee.fr\/apple\/iphone-6-6s-plus\/\" target=\"_blank\" rel=\"nofollow noopener\" data-saferedirecturl=\"https:\/\/www.google.com\/url?hl=fr&amp;q=https:\/\/www.lacoquepersonnalisee.fr\/apple\/iphone-6-6s-plus\/&amp;source=gmail&amp;ust=1506443966119000&amp;usg=AFQjCNEdqxytyXixH8crNNDSlM5g2acixA\">coque personnalisable iPhone 6 Plus<\/a> en optant pour la coque rigide en plastique poli, avec une finition brillante !<\/p>\n<p><img loading=\"lazy\" decoding=\"async\" class=\"aligncenter wp-image-20567\" src=\"https:\/\/www.au-pays-des-merveilles.com\/blog\/wp-content\/uploads\/2017\/09\/IMG_6709-1024x1024.jpg\" alt=\"\" width=\"523\" height=\"523\" srcset=\"https:\/\/www.au-pays-des-merveilles.com\/blog\/wp-content\/uploads\/2017\/09\/IMG_6709-1024x1024.jpg 1024w, https:\/\/www.au-pays-des-merveilles.com\/blog\/wp-content\/uploads\/2017\/09\/IMG_6709-150x150.jpg 150w, https:\/\/www.au-pays-des-merveilles.com\/blog\/wp-content\/uploads\/2017\/09\/IMG_6709-300x300.jpg 300w, https:\/\/www.au-pays-des-merveilles.com\/blog\/wp-content\/uploads\/2017\/09\/IMG_6709-768x768.jpg 768w, https:\/\/www.au-pays-des-merveilles.com\/blog\/wp-content\/uploads\/2017\/09\/IMG_6709-200x200.jpg 200w\" sizes=\"auto, (max-width: 523px) 100vw, 523px\" \/><\/p>\n<p style=\"text-align: justify;\"><em>N&rsquo;est elle pas trop belle ?!<\/em> Bon moi je suis love donc forc\u00e9ment mon avis n&rsquo;est pas tr\u00e8s objectif mais bon &#8230; il n&#8217;emp\u00eache que je suis bluff\u00e9e par la qualit\u00e9 et par la rapidit\u00e9 du service (en 5 jours elle \u00e9tait dans ma BAL !). Pour r\u00e9aliser le collage, je me suis servie de l&rsquo;appli <em>MOLDIV<\/em> sur Apple<em> (la seule qui est gratos et qui fonctionne sur le nouvel iOS 11 !)<\/em> avec un effet <em>Snapchout<\/em> (<em>oui on a 14 ans &#8230; on est amoureux on vous a dit !! haha ! <img src=\"https:\/\/www.au-pays-des-merveilles.com\/blog\/wp-includes\/images\/smilies\/20.gif\" alt=\"(yeah)\" class=\"wp-smiley\" style=\"height: 1em; max-height: 1em;\" \/>\u00a0 <\/em>). Il suffit de se mettre sur le site et de configurer votre coque aux dimensions voulues, et en moins d&rsquo;une semaine vous recevez votre photo favorite d\u2019un bord \u00e0 l\u2019autre d\u2019une coque personnalis\u00e9e rigide pour un rendu 3D ultra original ! <em>Si c&rsquo;est pas trop chouette \u00e7a !<\/em><\/p>\n<p>Du coup, maintenant que j&rsquo;ai test\u00e9, j&rsquo;ai plein d&rsquo;id\u00e9es et je crois que tout le monde va \u00eatre g\u00e2t\u00e9 ! Contente la dame &#8230; enfin plus que \u00e7a m\u00eame &#8230; HEUREUSE ! <img src=\"https:\/\/www.au-pays-des-merveilles.com\/blog\/wp-includes\/images\/smilies\/11.gif\" alt=\"(h)\" class=\"wp-smiley\" style=\"height: 1em; max-height: 1em;\" \/><\/p>\n","protected":false},"excerpt":{"rendered":"<p>Un mois d&rsquo;amour &amp; de bonheur, \u00e7a se f\u00eate non ?! Oui toutes les occasions sont bonnes me direz vous pour se faire des p&rsquo;tits cadeaux ! Parfois, on s\u00e8che niveau id\u00e9es pour offrir un pr\u00e9sent \u00e0 sa ou son ch\u00e9ri(e), sa soeur, son fr\u00e8re, ses parents &#8230; enfin toute la famille quoi ^^ ou<\/p>\n","protected":false},"author":1,"featured_media":0,"comment_status":"open","ping_status":"open","sticky":false,"template":"","format":"standard","meta":{"footnotes":""},"categories":[20],"tags":[1648,1626,114],"class_list":["post-20566","post","type-post","status-publish","format-standard","hentry","category-buzz","tag-coque-personnalisee","tag-coque-telephone","tag-telephone"],"_links":{"self":[{"href":"https:\/\/www.au-pays-des-merveilles.com\/blog\/wp-json\/wp\/v2\/posts\/20566","targetHints":{"allow":["GET"]}}],"collection":[{"href":"https:\/\/www.au-pays-des-merveilles.com\/blog\/wp-json\/wp\/v2\/posts"}],"about":[{"href":"https:\/\/www.au-pays-des-merveilles.com\/blog\/wp-json\/wp\/v2\/types\/post"}],"author":[{"embeddable":true,"href":"https:\/\/www.au-pays-des-merveilles.com\/blog\/wp-json\/wp\/v2\/users\/1"}],"replies":[{"embeddable":true,"href":"https:\/\/www.au-pays-des-merveilles.com\/blog\/wp-json\/wp\/v2\/comments?post=20566"}],"version-history":[{"count":0,"href":"https:\/\/www.au-pays-des-merveilles.com\/blog\/wp-json\/wp\/v2\/posts\/20566\/revisions"}],"wp:attachment":[{"href":"https:\/\/www.au-pays-des-merveilles.com\/blog\/wp-json\/wp\/v2\/media?parent=20566"}],"wp:term":[{"taxonomy":"category","embeddable":true,"href":"https:\/\/www.au-pays-des-merveilles.com\/blog\/wp-json\/wp\/v2\/categories?post=20566"},{"taxonomy":"post_tag","embeddable":true,"href":"https:\/\/www.au-pays-des-merveilles.com\/blog\/wp-json\/wp\/v2\/tags?post=20566"}],"curies":[{"name":"wp","href":"https:\/\/api.w.org\/{rel}","templated":true}]}}