{"id":20621,"date":"2017-10-22T22:00:13","date_gmt":"2017-10-22T20:00:13","guid":{"rendered":"http:\/\/www.au-pays-des-merveilles.com\/blog\/?p=20621"},"modified":"2019-03-22T17:16:51","modified_gmt":"2019-03-22T15:16:51","slug":"%e2%99%a1-les-liens-du-week-end-%e2%99%a1-84","status":"publish","type":"post","link":"https:\/\/www.au-pays-des-merveilles.com\/blog\/2017\/10\/22\/%e2%99%a1-les-liens-du-week-end-%e2%99%a1-84\/","title":{"rendered":"\u2661 LES LIENS DU WEEK-END \u2661 # 84"},"content":{"rendered":"<p><img loading=\"lazy\" decoding=\"async\" class=\"aligncenter size-full wp-image-20642\" src=\"https:\/\/www.au-pays-des-merveilles.com\/blog\/wp-content\/uploads\/2018\/10\/noix.jpg\" alt=\"\" width=\"594\" height=\"596\" srcset=\"https:\/\/www.au-pays-des-merveilles.com\/blog\/wp-content\/uploads\/2018\/10\/noix.jpg 594w, https:\/\/www.au-pays-des-merveilles.com\/blog\/wp-content\/uploads\/2018\/10\/noix-150x150.jpg 150w, https:\/\/www.au-pays-des-merveilles.com\/blog\/wp-content\/uploads\/2018\/10\/noix-300x300.jpg 300w, https:\/\/www.au-pays-des-merveilles.com\/blog\/wp-content\/uploads\/2018\/10\/noix-200x200.jpg 200w\" sizes=\"auto, (max-width: 594px) 100vw, 594px\" \/><\/p>\n<p style=\"text-align: justify;\"><em>Non je ne fais pas une fixette sur le poids, la nutrition et la minceur mais en ce moment, on me propose beaucoup de produits \u00e0 ce sujet alors autant en profiter ! Si une nouveaut\u00e9 est sympa, je prende !! ^^<\/em><\/p>\n<p><img loading=\"lazy\" decoding=\"async\" class=\"aligncenter size-full wp-image-20651\" src=\"https:\/\/www.au-pays-des-merveilles.com\/blog\/wp-content\/uploads\/2017\/10\/belvita.jpg\" alt=\"\" width=\"547\" height=\"512\" srcset=\"https:\/\/www.au-pays-des-merveilles.com\/blog\/wp-content\/uploads\/2017\/10\/belvita.jpg 547w, https:\/\/www.au-pays-des-merveilles.com\/blog\/wp-content\/uploads\/2017\/10\/belvita-300x281.jpg 300w\" sizes=\"auto, (max-width: 547px) 100vw, 547px\" \/><\/p>\n<p style=\"text-align: justify;\">&#x2665; <strong>FOOD<\/strong> : les nouveaux moelleux <a href=\"https:\/\/www.lu.fr\/belvita\" rel=\"nofollow\" class=\"broken_link\">Belvita<\/a> Petit D\u00e9jeuner aux 5 c\u00e9r\u00e9ales compl\u00e8tes ! Et c&rsquo;est mon amoureux qui les a go\u00fbt\u00e9 et qui se fait un plaisir de vous donner son avis !<\/p>\n<div dir=\"auto\" style=\"text-align: justify;\">\u00ab\u00a0<em>Enfin !!! Depuis que j&rsquo;attendais que cette gamme Belvita moelleux se d\u00e9veloppe un peu, mon v\u0153ux se r\u00e9alise ! Un r\u00e9veil tardif ? un petit d\u00e9jeuner rapide ? un petit creux dans la matin\u00e9e ou dans l&rsquo;apr\u00e8s midi ? le moelleux Belvita saura ravir toutes vos envies ! J&rsquo;adore les biscuits de cette marque mais mes pr\u00e9f\u00e9r\u00e9s restent vraiment les moelleux.<\/em><\/div>\n<div dir=\"auto\" style=\"text-align: justify;\"><em>Hier au p\u00e9pites de chocolat ou aux c\u00e9r\u00e9ales, aujourd&rsquo;hui on les red\u00e9couvre avec l&rsquo;apparition du c\u0153ur fondant au go\u00fbt choco-noisettes ou \u00e0 la fraise.<\/em><\/div>\n<div dir=\"auto\" style=\"text-align: justify;\"><em>J&rsquo;ai essay\u00e9 les deux qui sont vraiment sympas et remplissent bien leur r\u00f4le de coupe faim. J&rsquo;ai une pr\u00e9f\u00e9rence pour celui au go\u00fbt choco-noisettes. Concernant celui \u00e0 la fraise, m\u00eame s&rsquo;il est bon, on cherche quand m\u00eame le go\u00fbt du fruit.<\/em><\/div>\n<div dir=\"auto\" style=\"text-align: justify;\"><em>Avec un verre de lait et un jus d&rsquo;orange, je suis rassasi\u00e9 pour la matin\u00e9e. <\/em><\/div>\n<div dir=\"auto\" style=\"text-align: justify;\"><em>Et vous, vous avez go\u00fbt\u00e9 ? Avez vous aim\u00e9 ?<\/em> \u00ab\u00a0<\/div>\n<div dir=\"auto\"><\/div>\n<div dir=\"auto\"><img loading=\"lazy\" decoding=\"async\" class=\"aligncenter size-full wp-image-20652\" src=\"https:\/\/www.au-pays-des-merveilles.com\/blog\/wp-content\/uploads\/2017\/10\/kusmi.jpg\" alt=\"\" width=\"548\" height=\"545\" srcset=\"https:\/\/www.au-pays-des-merveilles.com\/blog\/wp-content\/uploads\/2017\/10\/kusmi.jpg 548w, https:\/\/www.au-pays-des-merveilles.com\/blog\/wp-content\/uploads\/2017\/10\/kusmi-150x150.jpg 150w, https:\/\/www.au-pays-des-merveilles.com\/blog\/wp-content\/uploads\/2017\/10\/kusmi-300x298.jpg 300w, https:\/\/www.au-pays-des-merveilles.com\/blog\/wp-content\/uploads\/2017\/10\/kusmi-200x200.jpg 200w\" sizes=\"auto, (max-width: 548px) 100vw, 548px\" \/><\/div>\n<div dir=\"auto\"><\/div>\n<div dir=\"auto\">\n<p style=\"text-align: justify;\">&#x2665; <strong>TEA TIME<\/strong> : une fois n&rsquo;est pas coutume, je change de cr\u00e8merie et je teste les th\u00e9s <a href=\"https:\/\/www.kusmitea.com\/\" rel=\"nofollow\">Kusmi Tea<\/a> &#8230; oui 1000 ans apr\u00e8s tout le monde (comme d&rsquo;hab !) &#8230; il m&rsquo;a fallu go\u00fbter aux d\u00e9licieux th\u00e9s chez mon amie parisienne pour que je me tente \u00e0 entrer dans une de leurs boutiques ! Je cherchais un th\u00e9 pour le matin et une infusion pour le soir &#8230; jusque l\u00e0 rien de tr\u00e8s compliqu\u00e9 ! Sauf que je m&rsquo;\u00e9tais arr\u00eat\u00e9 sur le th\u00e9 vert au lieu du th\u00e9 noir et visiblement je me trompais ! &#8230; La vendeuse tr\u00e8s sympa m&rsquo;a conseill\u00e9 plusieurs parfums et sortes de th\u00e9 &#8230; Je me suis laiss\u00e9e tenter par le th\u00e9 noir <a href=\"https:\/\/www.kusmitea.com\/troika.html?packaging=56\" rel=\"nofollow\" class=\"broken_link\">Tro\u00efka<\/a> (oui, souvent femme varie !!) et leur nouveaut\u00e9 Lov&rsquo;Organic, le Lovely Break . D\u00e9j\u00e0 ce que j&rsquo;aime chez Kusmi Tea, c&rsquo;est le packaging. Leurs bo\u00eetes ont vraiment un joli design et permettent au th\u00e9 de garder sa saveur longtemps. Le Lovely break est une infusion aux fruits des bois et aux ar\u00f4mes de biscuits : en ouvrant la boite, c&rsquo;est le parfum des fruits rouges qui m&rsquo;arrivent en premier au nez suivie des biscuits, hum &#8230; trop app\u00e9tissant ! A la d\u00e9gustation, on ressent tout de suite le go\u00fbt des fruits rouges puis en deuxi\u00e8me la note gourmande du biscuit. J&rsquo;ai ador\u00e9, au petit d\u00e9jeuner ou en fin de journ\u00e9e, il est au top ! Le Tro\u00efka, lui, est un th\u00e9 noir aromatis\u00e9 \u00e0 la bergamote, \u00e0 l&rsquo;orange et \u00e0 la mandarine. La vendeuse m&rsquo;a convaincue de prendre ce th\u00e9 noir qui gr\u00e2ce \u00e0 ses antioxydants permettent de r\u00e9duire le risque d\u2019infarctus de 11%, et de mani\u00e8re g\u00e9n\u00e9rale, il serait bon pour tout le syst\u00e8me cardiovasculaire. Ces m\u00eames antioxydants permettent d\u2019am\u00e9liorer la circulation sanguine, et de lutter contre les maladies li\u00e9es au vieillissement, impeccable pour avoir une belle peau ! Question go\u00fbt, on sent bien la pr\u00e9sence de la bergamote et du th\u00e9 noir. J&rsquo;ai trouv\u00e9 un peu moins pr\u00e9sent les ar\u00f4mes d&rsquo;agrumes mais cela n&rsquo;enl\u00e8ve rien \u00e0 ce th\u00e9, qui pris au petit d\u00e9jeuner, se mariera merveilleusement bien avec des tranches de pain aux c\u00e9r\u00e9ales. J&rsquo;ai h\u00e2te d&rsquo;y retourner pour go\u00fbter de nouveaux parfums, surtout qu&rsquo;avec leur carte de fid\u00e9lit\u00e9 on peut se voir offrir de jolis cadeaux &#8230; \u00e0 suivre donc ! haha !<\/p>\n<p style=\"text-align: justify;\"><img loading=\"lazy\" decoding=\"async\" id=\"imgBlkFront\" class=\"a-dynamic-image image-stretch-vertical frontImage alignright\" src=\"https:\/\/images-na.ssl-images-amazon.com\/images\/I\/41s1rVtXRBL._SX354_BO1,204,203,200_.jpg\" alt=\"\" width=\"185\" height=\"259\" data-a-dynamic-image=\"{&quot;https:\/\/images-na.ssl-images-amazon.com\/images\/I\/41s1rVtXRBL._SY344_BO1,204,203,200_.jpg&quot;:[247,346],&quot;https:\/\/images-na.ssl-images-amazon.com\/images\/I\/41s1rVtXRBL._SX354_BO1,204,203,200_.jpg&quot;:[356,499]}\" \/>&#x2665; <strong>COOKING<\/strong> : vous prendrez bien un petit g\u00e2teau avec votre th\u00e9 ? Oui mais alors une petite p\u00e2tisserie et pas n&rsquo;importe laquelle ! Vous r\u00eavez de cuisiner un fraisier, une tarte au citron ou encore un \u00e9clair \u00e0 la fraise fa\u00e7on Cyril Lignac ? \u00e7a tombe bien, ce dernier vient de sortir un joli livre de cuisine d\u00e9di\u00e9 \u00e0 <a href=\"http:\/\/amzn.to\/2z0KUV1\" rel=\"nofollow\">La P\u00e2tisserie<\/a>.<\/p>\n<p style=\"text-align: justify;\"><em>\u00a0\u00bb La p\u00e2tisserie est une affaire de tendresse maternelle. Je veux que mes g\u00e2teaux r\u00e9confortent les gens, qu&rsquo;ils leur apportent de la douceur. \u00a0\u00bb La p\u00e2tisserie, un condens\u00e9 d&rsquo;\u00e9motions &#8230; S&rsquo;il s&rsquo;exprime aussi bien en cuisine qu&rsquo;en chocolaterie, Cyril Lignac nous ouvre ici les portes de sa p\u00e2tisserie pour mieux nous livrer son savoir-faire au c\u0153ur de notre quotidien. Avec Beno\u00eet Couvrand, grand p\u00e2tissier et complice cr\u00e9atif, il imagine 55 recettes sous le signe de la simplicit\u00e9 et de la proximit\u00e9 : classiques revisit\u00e9s, petites douceurs, g\u00e2teaux de saison &#8230; Les p\u00e2tisseries quittent leur vitrine pour embaumer les foyers des meilleurs parfums : ceux du go\u00fbt, du plaisir et de la joie partag\u00e9s<\/em>.<\/p>\n<p style=\"text-align: justify;\">Les photos sont superbes (on se retient de ne pas manger le livre &#8230; c&rsquo;est dire !!) et les recettes n&rsquo;ont pas l&rsquo;air compliqu\u00e9es. Je ne les ai pas encore essay\u00e9 mais \u00e7a ne saurait tarder ! En revanche, je lui reproche juste de tout convertir en grammes &#8230; pour exemple, 35 gr. d&rsquo;oeuf ! il pr\u00e9cise tout de m\u00eame dans une recette que cela \u00e9quivaut \u00e0 1\/2 oeuf, okayyy &#8230; va peser 1\/2 oeuf !! Bon chance ! Je me tente bient\u00f4t et je vous dis !<\/p>\n<p style=\"text-align: justify;\">&#x2665; <strong>LIVRE<\/strong> : <img loading=\"lazy\" decoding=\"async\" id=\"imgBlkFront\" class=\"a-dynamic-image image-stretch-vertical frontImage alignleft\" src=\"https:\/\/images-na.ssl-images-amazon.com\/images\/I\/614KP-I32WL._SX353_BO1,204,203,200_.jpg\" alt=\"\" width=\"176\" height=\"247\" data-a-dynamic-image=\"{&quot;https:\/\/images-na.ssl-images-amazon.com\/images\/I\/614KP-I32WL._SY344_BO1,204,203,200_.jpg&quot;:[246,346],&quot;https:\/\/images-na.ssl-images-amazon.com\/images\/I\/614KP-I32WL._SX353_BO1,204,203,200_.jpg&quot;:[355,499]}\" \/>et si pendant le go\u00fbter, on se payait une bonne tranche de rire ?! <a href=\"http:\/\/amzn.to\/2yCjeoN\" rel=\"nofollow\">Adieu graisse ! Mon journal (presque) intime<\/a> est le joyeux livre de Lumi Poullaec, Directrice artistique dans une agence de communication. Elle a illustr\u00e9, une ann\u00e9e durant, sa lutte contre la graisse apr\u00e8s avoir eu le fameux d\u00e9clic qui lui a fait prendre conscience de son surpoids.<br \/>\nDans son journal, elle raconte avec humour le cheminement qui lui a fait retrouver la ligne et la sant\u00e9 gr\u00e2ce \u00e0 une alimentation plus saine.<\/p>\n<p style=\"text-align: justify;\"><em>Trentenaire active, \u00e0 moiti\u00e9 fran\u00e7aise, \u00e0 moiti\u00e9 finlandaise, la p\u00e9tillante Lumi est graphiste dans la presse, Directrice G\u00e9n\u00e9rale en Chef de Son Bureau et Quelques <\/em><em>M\u00e8tres Carr\u00e9s Autour. Croquant la vie \u00e0 pleines dents, elle aime la photographie, les gribouillis, donner des surnoms aux gens qu\u2019elle c\u00f4toie et&#8230; manger !<\/em><br \/>\n<em>Apr\u00e8s quelques semaines de vacances pass\u00e9es dans son m\u00f6kki familial en Finlande, elle prend soudain conscience qu\u2019il est temps d\u2019agir face aux kilos accumul\u00e9s au fil des ann\u00e9es. Elle nous livre ici son journal (presque) intime dans lequel elle relate son quotidien pour retrouver une vie plus saine ainsi que ses combats int\u00e9rieurs orchestr\u00e9s par le d\u00e9mon Sheitan et la Voix de la Raison.<\/em><\/p>\n<p>Je l&rsquo;ai lu d&rsquo;une traite mais je vais le relire rien que pour noter les bonnes adresses et les recettes pr\u00e9sentes dans le livre ! J&rsquo;ai bien ri parce que je me suis retrouv\u00e9e \u00e0 certaines p\u00e9riodes du journal &#8230; comme quoi nous sommes toutes les m\u00eames quand il s&rsquo;agit de poids ! hihi !! J&rsquo;ai vraiment bien aim\u00e9 \u00e0 tel point que Lumi m&rsquo;a redonn\u00e9 l&rsquo;envie de tenir un journal parce que, oui, mine de rien, maigrir prend du temps et n&rsquo;est pas de tout repos ! Humour et auto-d\u00e9rision ponctuent cet ouvrage joyeux ! A lire ou \u00e0 offrir !<\/p>\n<\/div>\n<p style=\"text-align: justify;\">&#x2665; <strong>T\u00c9L\u00c9PHONE<\/strong> : en ce moment, je g\u00e2te mon iPhone ! Apr\u00e8s la jolie <a href=\"https:\/\/www.au-pays-des-merveilles.com\/blog\/2017\/09\/25\/coque-personnalisee\/\">coque d&rsquo;amoureux<\/a>, je le pare d&rsquo;un film de protection oculaire pour prot\u00e9ger non seulement mon mobile mais surtout mes yeux ! Oui vous savez, on en parle pas mal en ce moment : la lumi\u00e8re bleue ! Si lorsque comme moi, vous avez des maux de t\u00eate, des picotements aux yeux, un sommeil perturb\u00e9, c&rsquo;est peut \u00eatre que vous \u00eates sensible \u00e0 la surexposition \u00e0 la lumi\u00e8re bleue. Celle ci peut engendrer \u00e0 court terme une fatigue oculaire importante mais \u00e0 long terme, des risques de myopie et de DMLA accrus en raison d\u2019atteintes de la r\u00e9tine et du cristallin. Ce r\u00e9tro\u00e9clairage LED dont disposent tous les \u00e9crans a un effet n\u00e9faste sur la sant\u00e9. On passe en moyenne 4 heures par jour sur nos \u00e9crans donc autant trouver des solutions pour prendre soin de nos noeils ! C&rsquo;est pourquoi la soci\u00e9t\u00e9 <a href=\"https:\/\/www.bluecatscreen.com\/\" rel=\"nofollow\">BlueCat ScreenTM<\/a> , sp\u00e9cialis\u00e9e depuis 2013 dans les filtres anti lumi\u00e8re bleue pour smartphones rem\u00e9die \u00e0 cela avec un film de protection oculaire et \u00e9tend aujourd\u2019hui sa gamme \u00e0 placer sur tous les \u00e9crans : smartphones, ordinateurs, tablettes et liseuses. Cette solution assure une protection proche de 100 % contre la lumi\u00e8re bleue. J&rsquo;ai opt\u00e9 pour <a href=\"https:\/\/www.bluecatscreen.com\/boutique-filtre-film-anti-lumiere-bleue\/gamme-iphone\/\" rel=\"nofollow\" class=\"broken_link\">le filtre pour mon iPhone<\/a> qui remplit bien son r\u00f4le. Vous dire que je suis moins fatigu\u00e9e depuis que je l&rsquo;ai serait vous mentir, en revanche il est vrai que j&rsquo;ai beaucoup moins les yeux qui me piquent le soir &#8230; La pose est facile et est m\u00eame expliqu\u00e9e dans une vid\u00e9o <a href=\"https:\/\/www.bluecatscreen.com\/protection-lumiere-bleue\/\" rel=\"nofollow\" class=\"broken_link\">ici.<\/a><\/p>\n<p style=\"text-align: justify;\">\u00c7a ira au niveau go\u00fbter, tea time et autres douceurs pour les longues soir\u00e9es automnales ?! Cette semaine, je vous parle d&rsquo;autres choses comme mon extension de cils (trop joliiiis !), la collection make-up de Clarins, des id\u00e9es cadeaux pour anniversaire ou No\u00ebl, mon choix d&rsquo;arr\u00eater la pilule et de me mettre \u00e0 la symptothermie, des coquineries ^^ &#8230; enfin bref, vais-je avoir assez d&rsquo;une semaine pour vous parler de tout \u00e7a ?! &#8230; l&rsquo;avenir nous le dira ! A tr\u00e8s vite et belle semaine !<\/p>\n<p>&nbsp;<\/p>\n","protected":false},"excerpt":{"rendered":"<p>Non je ne fais pas une fixette sur le poids, la nutrition et la minceur mais en ce moment, on me propose beaucoup de produits \u00e0 ce sujet alors autant en profiter ! Si une nouveaut\u00e9 est sympa, je prende !! ^^ &#x2665; FOOD : les nouveaux moelleux Belvita Petit D\u00e9jeuner aux 5 c\u00e9r\u00e9ales compl\u00e8tes<\/p>\n","protected":false},"author":1,"featured_media":0,"comment_status":"open","ping_status":"open","sticky":false,"template":"","format":"standard","meta":{"footnotes":""},"categories":[236],"tags":[1408,1656,1654,237,77,152,1655,56],"class_list":["post-20621","post","type-post","status-publish","format-standard","hentry","category-les-liens-du-week-end","tag-belvita","tag-blue-cat-screen","tag-kusmi-tea","tag-liens","tag-minceur","tag-the","tag-tisane","tag-week-end"],"_links":{"self":[{"href":"https:\/\/www.au-pays-des-merveilles.com\/blog\/wp-json\/wp\/v2\/posts\/20621","targetHints":{"allow":["GET"]}}],"collection":[{"href":"https:\/\/www.au-pays-des-merveilles.com\/blog\/wp-json\/wp\/v2\/posts"}],"about":[{"href":"https:\/\/www.au-pays-des-merveilles.com\/blog\/wp-json\/wp\/v2\/types\/post"}],"author":[{"embeddable":true,"href":"https:\/\/www.au-pays-des-merveilles.com\/blog\/wp-json\/wp\/v2\/users\/1"}],"replies":[{"embeddable":true,"href":"https:\/\/www.au-pays-des-merveilles.com\/blog\/wp-json\/wp\/v2\/comments?post=20621"}],"version-history":[{"count":0,"href":"https:\/\/www.au-pays-des-merveilles.com\/blog\/wp-json\/wp\/v2\/posts\/20621\/revisions"}],"wp:attachment":[{"href":"https:\/\/www.au-pays-des-merveilles.com\/blog\/wp-json\/wp\/v2\/media?parent=20621"}],"wp:term":[{"taxonomy":"category","embeddable":true,"href":"https:\/\/www.au-pays-des-merveilles.com\/blog\/wp-json\/wp\/v2\/categories?post=20621"},{"taxonomy":"post_tag","embeddable":true,"href":"https:\/\/www.au-pays-des-merveilles.com\/blog\/wp-json\/wp\/v2\/tags?post=20621"}],"curies":[{"name":"wp","href":"https:\/\/api.w.org\/{rel}","templated":true}]}}