{"id":20975,"date":"2017-12-28T08:00:52","date_gmt":"2017-12-28T07:00:52","guid":{"rendered":"http:\/\/www.au-pays-des-merveilles.com\/blog\/?p=20975"},"modified":"2019-03-22T17:16:50","modified_gmt":"2019-03-22T15:16:50","slug":"10-ans","status":"publish","type":"post","link":"https:\/\/www.au-pays-des-merveilles.com\/blog\/2017\/12\/28\/10-ans\/","title":{"rendered":"10 ans !"},"content":{"rendered":"<p><img loading=\"lazy\" decoding=\"async\" class=\"aligncenter wp-image-20979\" src=\"https:\/\/www.au-pays-des-merveilles.com\/blog\/wp-content\/uploads\/2017\/12\/10.jpg\" alt=\"\" width=\"500\" height=\"500\" srcset=\"https:\/\/www.au-pays-des-merveilles.com\/blog\/wp-content\/uploads\/2017\/12\/10.jpg 2448w, https:\/\/www.au-pays-des-merveilles.com\/blog\/wp-content\/uploads\/2017\/12\/10-150x150.jpg 150w, https:\/\/www.au-pays-des-merveilles.com\/blog\/wp-content\/uploads\/2017\/12\/10-300x300.jpg 300w, https:\/\/www.au-pays-des-merveilles.com\/blog\/wp-content\/uploads\/2017\/12\/10-768x768.jpg 768w, https:\/\/www.au-pays-des-merveilles.com\/blog\/wp-content\/uploads\/2017\/12\/10-1024x1024.jpg 1024w, https:\/\/www.au-pays-des-merveilles.com\/blog\/wp-content\/uploads\/2017\/12\/10-200x200.jpg 200w\" sizes=\"auto, (max-width: 500px) 100vw, 500px\" \/><\/p>\n<p style=\"text-align: center;\">28 d\u00e9cembre 2007 &#8211; 28 d\u00e9cembre 2017<\/p>\n<p style=\"text-align: center;\"><em>1 512 articles &#8211; 19 262 commentaires &#8230; Wolay !!<\/em><\/p>\n<p style=\"text-align: justify;\">Mon blog a 10 ans cette ann\u00e9e ! Je n&rsquo;en reviens pas ! 10 ans que je partage avec vous ch\u00e8res lectrices et chers lecteurs (<em>oui il y en a quand m\u00eame !<\/em>) ma petite vie tr\u00e9pidante ! J&rsquo;ai v\u00e9cu des moments magiques durant toutes ces ann\u00e9es grace \u00e0 ce blog : des escapades, des voyages, des rencontres, des cadeaux, du beurre dans les \u00e9pinards ! Mais surtout des amiti\u00e9s jusqu&rsquo;\u00e0 ce jour encore ! \u00c7a rapproche de raconter sa life avec ses petits tracas et petits bonheurs du quotidien ! En 10 ann\u00e9es, on change aussi &#8230; enfin on essaye ! <a href=\"https:\/\/www.au-pays-des-merveilles.com\/blog\/2007\/12\/28\/bonjour-tout-le-monde\/\">A l&rsquo;\u00e9poque<\/a>, je d\u00e9couvrais les \u00ab\u00a0joies\u00a0\u00bb de l&rsquo;\u00e9diteur de blog et le nom de domaine personnalis\u00e9 ! Quelle grande aventure ! Je me souviens encore que je m&rsquo;arrachais les cheveux \u00e0 chaque mise \u00e0 jour ! J&rsquo;avais aussi beaucoup plus de commentaires et je passais plus de temps pour vous r\u00e9pondre aussi ! J&rsquo;ai l&rsquo;impression que maintenant on ne prend plus le temps de commenter sur les blogs (moi la premi\u00e8re !) et on communique plus via les r\u00e9seaux sociaux que par les blogs &#8230; serait ce la fin ? Pas pour moi en tout cas ! J&rsquo;aime bien trop mon site pour le laisser tomber. Ce n&rsquo;est pas facile tous les jours je vous avoue parce que quoi qu&rsquo;on en dise, il faut \u00eatre r\u00e9guli\u00e8re, positive &#8230;\u00a0 Je sais que je suis beaucoup moins pr\u00e9sente depuis quelques temps mais il n&rsquo;en demeure pas moins que je prends toujours autant de plaisir \u00e0 vous partager mes bons plans, mes liens, mes d\u00e9couvertes &#8230; et bient\u00f4t mes jolies photos ! Mon amoureux de ma viiie, en plus de m&rsquo;aider r\u00e9guli\u00e8rement dans la r\u00e9daction de certains posts (<em>c&rsquo;est un amour !<\/em>), m&rsquo;a offert un reflex pour No\u00ebl (<em>je suis dans un r\u00eave les copains !<\/em>) donc je me dois de vous poster de jolies photos &#8230; ma passion premi\u00e8re lorsque j&rsquo;ai ouvert ce blog.<\/p>\n<p style=\"text-align: justify;\">Alors, c&rsquo;est vous, ch\u00e8res lectrices et chers lecteurs, que je dois remercier aujourd&rsquo;hui car c&rsquo;est en partie grace \u00e0 vous que j&rsquo;ai v\u00e9cu toutes ces jolies choses durant ces dix ann\u00e9es et je compte bien remettre le couvert pour dix ann\u00e9es de plus ! MERCI du fond du coeur &#8230;<\/p>\n<p style=\"text-align: center;\"><em>Un merci particulier \u00e0 Pierre qui me prouve chaque jour que l&rsquo;amour, le vrai, existe vraiment. <\/em><img src=\"https:\/\/www.au-pays-des-merveilles.com\/blog\/wp-includes\/images\/smilies\/11.gif\" alt=\"(h)\" class=\"wp-smiley\" style=\"height: 1em; max-height: 1em;\" \/><\/p>\n<p style=\"text-align: center;\">Finissez bien l&rsquo;ann\u00e9e ! On se retrouve l&rsquo;ann\u00e9e prochaine ? (<em>dites oui sinon j&rsquo;ai l&rsquo;air idiote !!!<\/em>)<\/p>\n<p style=\"text-align: center;\">Je vous embrasse <img src=\"https:\/\/www.au-pays-des-merveilles.com\/blog\/wp-includes\/images\/smilies\/19.gif\" alt=\"(love)\" class=\"wp-smiley\" style=\"height: 1em; max-height: 1em;\" \/><\/p>\n<p style=\"text-align: justify;\"><em>PS : oui, promis, j&rsquo;essaie de changer mon th\u00e8me tr\u00e8s vite parce que je sais que les yeux de mon lectorat, comme les miens, vieillissent et qu&rsquo;ils ne peuvent plus lire la typo trop claire du site !! et oui, 10 ans dans les dents les gars &#8230; hahaha !<\/em><\/p>\n","protected":false},"excerpt":{"rendered":"<p>28 d\u00e9cembre 2007 &#8211; 28 d\u00e9cembre 2017 1 512 articles &#8211; 19 262 commentaires &#8230; Wolay !! Mon blog a 10 ans cette ann\u00e9e ! Je n&rsquo;en reviens pas ! 10 ans que je partage avec vous ch\u00e8res lectrices et chers lecteurs (oui il y en a quand m\u00eame !) ma petite vie tr\u00e9pidante !<\/p>\n","protected":false},"author":1,"featured_media":20979,"comment_status":"open","ping_status":"open","sticky":false,"template":"","format":"standard","meta":{"footnotes":""},"categories":[4],"tags":[199,355,1530],"class_list":["post-20975","post","type-post","status-publish","format-standard","has-post-thumbnail","hentry","category-ma-vie-mon-oeuvre","tag-anniversaire","tag-blog","tag-blogging"],"_links":{"self":[{"href":"https:\/\/www.au-pays-des-merveilles.com\/blog\/wp-json\/wp\/v2\/posts\/20975","targetHints":{"allow":["GET"]}}],"collection":[{"href":"https:\/\/www.au-pays-des-merveilles.com\/blog\/wp-json\/wp\/v2\/posts"}],"about":[{"href":"https:\/\/www.au-pays-des-merveilles.com\/blog\/wp-json\/wp\/v2\/types\/post"}],"author":[{"embeddable":true,"href":"https:\/\/www.au-pays-des-merveilles.com\/blog\/wp-json\/wp\/v2\/users\/1"}],"replies":[{"embeddable":true,"href":"https:\/\/www.au-pays-des-merveilles.com\/blog\/wp-json\/wp\/v2\/comments?post=20975"}],"version-history":[{"count":0,"href":"https:\/\/www.au-pays-des-merveilles.com\/blog\/wp-json\/wp\/v2\/posts\/20975\/revisions"}],"wp:featuredmedia":[{"embeddable":true,"href":"https:\/\/www.au-pays-des-merveilles.com\/blog\/wp-json\/wp\/v2\/media\/20979"}],"wp:attachment":[{"href":"https:\/\/www.au-pays-des-merveilles.com\/blog\/wp-json\/wp\/v2\/media?parent=20975"}],"wp:term":[{"taxonomy":"category","embeddable":true,"href":"https:\/\/www.au-pays-des-merveilles.com\/blog\/wp-json\/wp\/v2\/categories?post=20975"},{"taxonomy":"post_tag","embeddable":true,"href":"https:\/\/www.au-pays-des-merveilles.com\/blog\/wp-json\/wp\/v2\/tags?post=20975"}],"curies":[{"name":"wp","href":"https:\/\/api.w.org\/{rel}","templated":true}]}}