{"id":21053,"date":"2018-01-09T12:42:11","date_gmt":"2018-01-09T11:42:11","guid":{"rendered":"http:\/\/www.au-pays-des-merveilles.com\/blog\/?p=21053"},"modified":"2019-03-22T17:16:50","modified_gmt":"2019-03-22T15:16:50","slug":"joyeuse-annee-2018","status":"publish","type":"post","link":"https:\/\/www.au-pays-des-merveilles.com\/blog\/2018\/01\/09\/joyeuse-annee-2018\/","title":{"rendered":"Joyeuse Ann\u00e9e 2018 !"},"content":{"rendered":"<p><img loading=\"lazy\" decoding=\"async\" class=\"aligncenter wp-image-21031\" src=\"https:\/\/www.au-pays-des-merveilles.com\/blog\/wp-content\/uploads\/2018\/01\/Test1.jpg\" alt=\"\" width=\"1257\" height=\"565\" srcset=\"https:\/\/www.au-pays-des-merveilles.com\/blog\/wp-content\/uploads\/2018\/01\/Test1.jpg 1600w, https:\/\/www.au-pays-des-merveilles.com\/blog\/wp-content\/uploads\/2018\/01\/Test1-300x135.jpg 300w, https:\/\/www.au-pays-des-merveilles.com\/blog\/wp-content\/uploads\/2018\/01\/Test1-768x345.jpg 768w, https:\/\/www.au-pays-des-merveilles.com\/blog\/wp-content\/uploads\/2018\/01\/Test1-1024x460.jpg 1024w, https:\/\/www.au-pays-des-merveilles.com\/blog\/wp-content\/uploads\/2018\/01\/Test1-668x300.jpg 668w\" sizes=\"auto, (max-width: 1257px) 100vw, 1257px\" \/><\/p>\n<p>&nbsp;<\/p>\n<p style=\"text-align: justify;\">Je vous souhaite une tr\u00e8s belle &amp; douce ann\u00e9e 2018 remplie de petits bonheurs et de jolies surprises avec, comme diraient nos anciens, la sant\u00e9 surtout &#8230; la r\u00e9ussite et l&rsquo;amouuuur ! <em>C&rsquo;est le plus important !<\/em>\u00a0 <img src=\"https:\/\/www.au-pays-des-merveilles.com\/blog\/wp-includes\/images\/smilies\/11.gif\" alt=\"(h)\" class=\"wp-smiley\" style=\"height: 1em; max-height: 1em;\" \/><\/p>\n<p style=\"text-align: justify;\">En parlant d&rsquo;amour, mon amoureux m&rsquo;a aid\u00e9 \u00e0 remettre le site \u00e0 jour. Vous aviez remarqu\u00e9 ?! On a remis un coup de jeune au blog avec une organisation plus claire et notamment une typo plus fonc\u00e9e <em>(j&rsquo;ai pens\u00e9 \u00e0 mes \u00ab\u00a0vieilles\u00a0\u00bb lectrices ! haha !)<\/em> et un peu plus de place pour les photos puisque je vais pouvoir m&rsquo;adonner \u00e0 ma premi\u00e8re passion : la photographie. D&rsquo;ailleurs, je pense que je vais retenter les d\u00e9fis photos que je r\u00e9alisais il y a quelques ann\u00e9es comme le <a href=\"https:\/\/www.au-pays-des-merveilles.com\/blog\/2011\/12\/06\/\u2606-le-projet-52-\u2606\/\">P52 (1 photo par semaine)<\/a> ou le <a href=\"https:\/\/www.au-pays-des-merveilles.com\/blog\/2012\/11\/30\/projet-photo-12-2013\/\">P12 (1 photo par mois)<\/a>. Est ce que \u00e7a vous dirait de vous lancer avec moi et de garder en souvenir votre ann\u00e9e 2018 avec de jolies images ?<\/p>\n<p style=\"text-align: justify;\">J&rsquo;ai bien d&rsquo;autres choses \u00e0 vous parler &#8230; je vais essayer de m&rsquo;atteler un peu plus au blog cette ann\u00e9e parce que je l&rsquo;avais laiss\u00e9 un peu en suspend l&rsquo;ann\u00e9e derni\u00e8re, surtout que maintenant j&rsquo;ai mon aide de camp (<em>merci mon coeur !<\/em> <img src=\"https:\/\/www.au-pays-des-merveilles.com\/blog\/wp-includes\/images\/smilies\/3.gif\" alt=\";)\" class=\"wp-smiley\" style=\"height: 1em; max-height: 1em;\" \/> ). On y retrouvera tous les articles beaut\u00e9, sant\u00e9, mode, mais aussi plus de photos et un peu de tricot, de lecture, de sorties et de cin\u00e9ma &#8230; toutes les petites merveilles qui pars\u00e8ment ma vie.<\/p>\n<p style=\"text-align: justify;\">N&rsquo;h\u00e9sitez pas \u00e0 me dire dans les commentaires ou par messages si vous avez des remarques, des demandes, des suggestions \u00e0 me faire. \u00c7a m&rsquo;aiderait \u00e0 vous proposer une version plus affin\u00e9e du site pour vous.<\/p>\n<p style=\"text-align: justify;\">Je vous dis &#8230; on vous dit &#8230; \u00a0\u00e0 tr\u00e8s vite pour de nouvelles aventures !<\/p>\n","protected":false},"excerpt":{"rendered":"<p>&nbsp; Je vous souhaite une tr\u00e8s belle &amp; douce ann\u00e9e 2018 remplie de petits bonheurs et de jolies surprises avec, comme diraient nos anciens, la sant\u00e9 surtout &#8230; la r\u00e9ussite et l&rsquo;amouuuur ! C&rsquo;est le plus important !\u00a0 En parlant d&rsquo;amour, mon amoureux m&rsquo;a aid\u00e9 \u00e0 remettre le site \u00e0 jour. Vous aviez remarqu\u00e9 ?!<\/p>\n","protected":false},"author":1,"featured_media":21031,"comment_status":"open","ping_status":"open","sticky":false,"template":"","format":"standard","meta":{"footnotes":""},"categories":[4],"tags":[355,1530,195],"class_list":["post-21053","post","type-post","status-publish","format-standard","has-post-thumbnail","hentry","category-ma-vie-mon-oeuvre","tag-blog","tag-blogging","tag-photo"],"_links":{"self":[{"href":"https:\/\/www.au-pays-des-merveilles.com\/blog\/wp-json\/wp\/v2\/posts\/21053","targetHints":{"allow":["GET"]}}],"collection":[{"href":"https:\/\/www.au-pays-des-merveilles.com\/blog\/wp-json\/wp\/v2\/posts"}],"about":[{"href":"https:\/\/www.au-pays-des-merveilles.com\/blog\/wp-json\/wp\/v2\/types\/post"}],"author":[{"embeddable":true,"href":"https:\/\/www.au-pays-des-merveilles.com\/blog\/wp-json\/wp\/v2\/users\/1"}],"replies":[{"embeddable":true,"href":"https:\/\/www.au-pays-des-merveilles.com\/blog\/wp-json\/wp\/v2\/comments?post=21053"}],"version-history":[{"count":0,"href":"https:\/\/www.au-pays-des-merveilles.com\/blog\/wp-json\/wp\/v2\/posts\/21053\/revisions"}],"wp:featuredmedia":[{"embeddable":true,"href":"https:\/\/www.au-pays-des-merveilles.com\/blog\/wp-json\/wp\/v2\/media\/21031"}],"wp:attachment":[{"href":"https:\/\/www.au-pays-des-merveilles.com\/blog\/wp-json\/wp\/v2\/media?parent=21053"}],"wp:term":[{"taxonomy":"category","embeddable":true,"href":"https:\/\/www.au-pays-des-merveilles.com\/blog\/wp-json\/wp\/v2\/categories?post=21053"},{"taxonomy":"post_tag","embeddable":true,"href":"https:\/\/www.au-pays-des-merveilles.com\/blog\/wp-json\/wp\/v2\/tags?post=21053"}],"curies":[{"name":"wp","href":"https:\/\/api.w.org\/{rel}","templated":true}]}}