{"id":21496,"date":"2018-02-12T18:55:13","date_gmt":"2018-02-12T17:55:13","guid":{"rendered":"http:\/\/www.au-pays-des-merveilles.com\/blog\/?p=21496"},"modified":"2019-03-22T17:16:50","modified_gmt":"2019-03-22T15:16:50","slug":"vitamine-d","status":"publish","type":"post","link":"https:\/\/www.au-pays-des-merveilles.com\/blog\/2018\/02\/12\/vitamine-d\/","title":{"rendered":"Vous prendrez bien un peu de Vitamine D ?!"},"content":{"rendered":"<p><!--more--><img loading=\"lazy\" decoding=\"async\" class=\" wp-image-21498 aligncenter\" src=\"https:\/\/www.au-pays-des-merveilles.com\/blog\/wp-content\/uploads\/2018\/02\/vitamine-d.jpg\" alt=\"\" width=\"751\" height=\"541\" srcset=\"https:\/\/www.au-pays-des-merveilles.com\/blog\/wp-content\/uploads\/2018\/02\/vitamine-d.jpg 816w, https:\/\/www.au-pays-des-merveilles.com\/blog\/wp-content\/uploads\/2018\/02\/vitamine-d-300x216.jpg 300w, https:\/\/www.au-pays-des-merveilles.com\/blog\/wp-content\/uploads\/2018\/02\/vitamine-d-768x553.jpg 768w, https:\/\/www.au-pays-des-merveilles.com\/blog\/wp-content\/uploads\/2018\/02\/vitamine-d-416x300.jpg 416w\" sizes=\"auto, (max-width: 751px) 100vw, 751px\" \/><\/p>\n<p style=\"text-align: justify;\">Aujourd&rsquo;hui, focus sur <strong>la vitamine D<\/strong> ! En rentrant de Normandie, j&rsquo;ai pens\u00e9 \u00e0 ce sujet puisque j&rsquo;ai lu que la\u00a0dur\u00e9e d\u2019ensoleillement depuis le d\u00e9but du mois de janvier 2018 sur Rouen est de seulement \u00ab\u00a0dix heures contre une moyenne de 59 heures sur un mois de janvier classique\u00a0\u00bb selon M\u00e9t\u00e9o France.\u00a02018 pourrait bien \u00eatre une ann\u00e9e record. Il faut remonter \u00e0 2014, pour retrouver un mois de janvier sous les nuages avec une dur\u00e9e limit\u00e9e d\u2019ensoleillement. Les pr\u00e9visionnistes avaient enregistr\u00e9s 24 heures de soleil seulement. Du coup, niveau vitamine D, c&rsquo;est rat\u00e9 ! Celle-ci,\u00a0connue sous le nom de \u00ab <strong>vitamine antirachitique<\/strong> \u00bb ou \u00ab <strong>vitamine soleil<\/strong> \u00bb, est indispensable \u00e0 l\u2019organisme. Ce compos\u00e9 est entre autres utile pour l\u2019<strong>\u00e9dification de la masse osseuse<\/strong> ou encore pour <strong>soutenir le syst\u00e8me immunitaire<\/strong>. \u00a0La vitamine D existe sous une douzaine de formes, dont les plus connues et les seules pr\u00e9sentes chez l\u2019homme sont les vitamines D2 et D3. Ces derni\u00e8res sont liposolubles, c\u2019est-\u00e0-dire solubles dans les lipides, alt\u00e9r\u00e9es par la lumi\u00e8re et sensibles \u00e0 l\u2019oxydation. Cependant, \u00e0 la diff\u00e9rence de la vitamine D2 qui provient des v\u00e9g\u00e9taux, la vitamine D3, ou chol\u00e9calcif\u00e9rol, est d\u2019origine animale. Les poissons comme le saumon, le thon et la truite, mais aussi la morue, en contiennent, tout comme le lait et ses d\u00e9riv\u00e9s. L\u2019organisme aussi est en mesure d\u2019en fabriquer par l\u2019action des rayons ultraviolets du soleil sur la peau, d\u2019o\u00f9 son autre appellation de \u00ab vitamine soleil \u00bb. Le compos\u00e9 ainsi form\u00e9 passe dans le sang et est finalement transform\u00e9 dans sa forme active apr\u00e8s un passage dans le foie et les reins. Le chol\u00e9calcif\u00e9rol est par ailleurs plus efficace que la vitamine D2.<\/p>\n<h1 class=\"entry-title\">\u2605\u00a0<strong>Quels sont les bienfaits de la vitamine D3 ?\u00a0<\/strong><\/h1>\n<p style=\"text-align: justify;\"><strong>Au niveau des os<\/strong><br \/>\nLe chol\u00e9calcif\u00e9rol est indispensable pour la sant\u00e9 des os. Il favorise l\u2019absorption du calcium par l\u2019organisme et participe \u00e0 l\u2019\u00e9dification de la structure osseuse \u00e0 partir de ce min\u00e9ral. Ainsi, une carence en vitamine D3 entra\u00eene une fragilisation des os et peut aboutir \u00e0 l\u2019ost\u00e9oporose et \u00e0 l\u2019ost\u00e9omalacie chez les adultes. Chez les enfants, ce manque cause le rachitisme, lequel se manifeste g\u00e9n\u00e9ralement par des membres incurv\u00e9s et la pr\u00e9sence de bourrelets sur les chevilles et les poignets.<\/p>\n<p style=\"text-align: justify;\"><strong>Au niveau du syst\u00e8me immunitaire<\/strong><br \/>\nCette substance renforce le syst\u00e8me immunitaire en r\u00e9gulant les lymphocytes T et en augmentant l\u2019action destructrice des cellules macrophages. Cette action de la vitamine D3 est plus importante au niveau du syst\u00e8me respiratoire puisqu\u2019elle stimule l\u2019action antimicrobienne des cellules immunitaires et r\u00e9duit ainsi les risques d\u2019infection dans les poumons. Ce compos\u00e9 permet aussi de limiter la progression de maladies auto-immunes et att\u00e9nue \u00e9galement l\u2019expression excessive des facteurs inflammatoires. Ce dernier point est b\u00e9n\u00e9fique dans le cas d\u2019insuffisance cardiaque qui pourrait \u00eatre due \u00e0 une production importante de cytokine pro-inflammatoire1.<\/p>\n<p style=\"text-align: justify;\"><strong>Elle pr\u00e9vient les cons\u00e9quences n\u00e9fastes et les causes des chutes chez les personnes \u00e2g\u00e9es<\/strong><br \/>\nLes chutes sont tr\u00e8s fr\u00e9quentes et souvent graves chez les personnes \u00e2g\u00e9es. Cela est notamment d\u00fb \u00e0 une faiblesse musculaire qui porte surtout sur des fibres musculaires entrant dans le maintien de l\u2019\u00e9quilibre. Des \u00e9tudes ont permis d\u2019\u00e9tablir que les individus pr\u00e9sentant un taux sanguin plus \u00e9lev\u00e9 en vitamine D tombaient moins souvent et qu\u2019une <a href=\"https:\/\/www.supersmart.com\/fr--Vitamines--21\" rel=\"nofollow\">suppl\u00e9mentation en vitamine<\/a> chez les sujets carenc\u00e9s limitait les risques de chute, tout en am\u00e9liorant la mobilit\u00e9 et la force musculaire2.<\/p>\n<p style=\"text-align: justify;\"><strong>Elle r\u00e9duirait les risques de cancers<\/strong><br \/>\nDes \u00e9tudes permettent d\u2019avancer que des individus vivant dans les r\u00e9gions ensoleill\u00e9es ont moins de risques de pr\u00e9senter des cancers. Des r\u00e9sultats positifs portent surtout sur des cas de cancer du c\u00f4lon, de la prostate, du sein et des ovaires. Les \u00e9tudes men\u00e9es sur les cancers du c\u00f4lon et du sein indiquent que l\u2019effet protecteur de la vitamine D3 agit \u00e0 partir de concentrations sanguines de 24 \u00e0 32 ng\/ml3. Pour le cas d\u2019un cancer de la prostate, des \u00e9tudes ont permis d\u2019\u00e9tablir que la forme active de la vitamine D permet une meilleure diff\u00e9renciation des cellulaires saines et stoppe la prolif\u00e9ration des cellules canc\u00e9reuses4.<\/p>\n<p style=\"text-align: justify;\"><strong>Elle pr\u00e9viendrait le diab\u00e8te<\/strong><br \/>\nUne suppl\u00e9mentation en <a href=\"https:\/\/www.supersmart.com\/fr--Vitamines--Vitamin-D3-5000-UI--0597\" rel=\"nofollow\">vitamine D3<\/a> chez les personnes \u00e2g\u00e9es qui pr\u00e9sentent une glyc\u00e9mie instable pourrait pr\u00e9venir l\u2019apparition du diab\u00e8te5. Le chol\u00e9calcif\u00e9rol ralentirait la perte de sensibilit\u00e9 \u00e0 l\u2019insuline chez les personnes qui pr\u00e9sentent des signes avant-coureurs de la maladie.<\/p>\n<h1 class=\"entry-title\">\u2605\u00a0Quel est l\u2019apport journalier conseill\u00e9 ?<\/h1>\n<p style=\"text-align: justify;\">L\u2019Agence fran\u00e7aise de s\u00e9curit\u00e9 sanitaire recommande un <strong>apport journalier de 200 UI pour un adulte en bonne sant\u00e9<\/strong> qui b\u00e9n\u00e9ficie d\u2019une exposition mod\u00e9r\u00e9e au soleil. Ainsi, une absence totale d\u2019exposition entra\u00eene un manque et le recours \u00e0 une suppl\u00e9mentation devient indispensable. Ce chiffre tend \u00e0 augmenter chez les personnes \u00e2g\u00e9es et varie ainsi entre 400 et 600 UI. Pour la femme enceinte ou allaitante, l\u2019apport conseill\u00e9 est de 400 UI par jour. Toutefois, beaucoup de chercheurs estiment que cet apport est insuffisant pour couvrir les besoins et recommandent un apport de 1 000 UI par jour, voire le double, sans qu\u2019il y ait \u00e0 craindre des effets secondaires. En effet, m\u00eame avec une dose quotidienne de 10 000 UI, aucun risque n\u2019a \u00e9t\u00e9 constat\u00e96.<\/p>\n<p><img loading=\"lazy\" decoding=\"async\" class=\"wp-image-21497 aligncenter\" src=\"https:\/\/www.au-pays-des-merveilles.com\/blog\/wp-content\/uploads\/2018\/02\/vitamine-et-mineraux.jpg\" alt=\"\" width=\"751\" height=\"501\" srcset=\"https:\/\/www.au-pays-des-merveilles.com\/blog\/wp-content\/uploads\/2018\/02\/vitamine-et-mineraux.jpg 848w, https:\/\/www.au-pays-des-merveilles.com\/blog\/wp-content\/uploads\/2018\/02\/vitamine-et-mineraux-300x200.jpg 300w, https:\/\/www.au-pays-des-merveilles.com\/blog\/wp-content\/uploads\/2018\/02\/vitamine-et-mineraux-768x513.jpg 768w, https:\/\/www.au-pays-des-merveilles.com\/blog\/wp-content\/uploads\/2018\/02\/vitamine-et-mineraux-480x320.jpg 480w, https:\/\/www.au-pays-des-merveilles.com\/blog\/wp-content\/uploads\/2018\/02\/vitamine-et-mineraux-449x300.jpg 449w\" sizes=\"auto, (max-width: 751px) 100vw, 751px\" \/><\/p>\n<h1 class=\"entry-title\">\u2605\u00a0Dans quels cas une suppl\u00e9mentation est-elle n\u00e9cessaire ?<\/h1>\n<p style=\"text-align: justify;\"><strong>En cas de faible exposition au soleil<\/strong><br \/>\nL\u2019exposition au <strong>soleil fournit jusqu\u2019\u00e0 90 % de la vitamine D<\/strong> utile \u00e0 l\u2019organisme. Toutefois, certains facteurs comme la latitude et l\u2019usage de cr\u00e8me solaire peuvent rendre inefficace le rayonnement solaire. La couleur de la peau a aussi une incidence sur la synth\u00e8se de ce compos\u00e9. Les personnes \u00e0 la peau fonc\u00e9e doivent s\u2019exposer plus longtemps au soleil pour obtenir une assimilation suffisante pour l\u2019organisme.<\/p>\n<p style=\"text-align: justify;\"><strong>Chez les nourrissons nourris au lait maternel<\/strong><br \/>\nLe lait maternel \u00e9tant pauvre en vitamine D, les p\u00e9diatres recommandent un apport suppl\u00e9mentaire pour couvrir les besoins d\u2019un nourrisson uniquement aliment\u00e9 au sein afin de soutenir son d\u00e9veloppement osseux et de diminuer les risques de rachitisme.<\/p>\n<p style=\"text-align: justify;\"><strong>Chez les personnes en surpoids<\/strong><br \/>\nLes personnes en surpoids ou souffrant d\u2019ob\u00e9sit\u00e9 pr\u00e9sentent g\u00e9n\u00e9ralement un manque en vitamine D. En effet, ce compos\u00e9 est stock\u00e9 dans les cellules graisseuses et quand la graisse accumul\u00e9e est trop importante, elle emp\u00eache la vitamine D d\u2019\u00eatre assimil\u00e9e dans le sang.<\/p>\n<p style=\"text-align: justify;\"><strong>Durant la grossesse<\/strong><br \/>\nDes \u00e9tudes sugg\u00e8rent une suppl\u00e9mentation de vitamine D chez la femme enceinte. Administr\u00e9 seul, sans le calcium, ce compos\u00e9 diminuerait les risques d\u2019un accouchement pr\u00e9matur\u00e9 et r\u00e9duirait la pression art\u00e9rielle \u00e9lev\u00e9e chez la m\u00e8re.<\/p>\n<h1 class=\"entry-title\">\u2605\u00a0Comment proc\u00e9der pour optimiser une suppl\u00e9mentation ?<\/h1>\n<p style=\"text-align: justify;\">Avec la vitamine D, D2 ou D3, un apport journalier en comprim\u00e9 n\u2019est pas n\u00e9cessaire. Il est tout \u00e0 fait possible de prendre une dose hebdomadaire, mensuelle ou bimestrielle, \u00e0 condition que ce soit un <strong>suppl\u00e9ment liquide<\/strong>. D\u2019un c\u00f4t\u00e9, cette forme garantit un apport bien quantifi\u00e9, \u00e0 l\u2019oppos\u00e9 des comprim\u00e9s et des capsules. En effet, ces derniers n\u2019apportent pas un dosage suffisant puisqu\u2019une partie de la vitamine est rapidement \u00e9limin\u00e9e dans les selles7. Par ailleurs, il convient d\u2019opter pour un suppl\u00e9ment qui contient <strong>uniquement<\/strong> de la vitamine D.<\/p>\n<h1 class=\"entry-title\">\u2605\u00a0Quels sont les risques d\u2019un surdosage ?<\/h1>\n<p style=\"text-align: justify;\">Un exc\u00e8s en vitamine D peut augmenter le taux de calcium dans le sang (hypercalc\u00e9mie) et dans l\u2019urine (hypercalciurie), des calculs r\u00e9naux et un d\u00e9p\u00f4t de calcium dans les reins (n\u00e9phrocalcinose). Ces cas \u00e9taient surtout constat\u00e9s \u00e0 la fin de la Seconde Guerre mondiale chez les enfants qui prenaient une suppl\u00e9mentation en vitamine D pour lutter contre le rachitisme.<\/p>\n<p style=\"text-align: justify;\">\u00a0Je sais maintenant ce qu&rsquo;il me reste \u00e0 faire lorsque je serais install\u00e9e sur la r\u00e9gion normande &#8230; repartir souvent sur la C\u00f4te d&rsquo;Azur ! Hahaha !! &#8230;<\/p>\n<p>Vous en prenez d\u00e9j\u00e0 vous de la vitamine D ou vous d\u00e9couvrez la suppl\u00e9mentation ?<\/p>\n","protected":false},"excerpt":{"rendered":"","protected":false},"author":1,"featured_media":21505,"comment_status":"open","ping_status":"open","sticky":false,"template":"","format":"standard","meta":{"footnotes":""},"categories":[6,20,37],"tags":[486,155,1734],"class_list":["post-21496","post","type-post","status-publish","format-standard","has-post-thumbnail","hentry","category-beautiful-girl","category-buzz","category-mon-programme-minceur","tag-sante","tag-soleil","tag-vitamine-d"],"_links":{"self":[{"href":"https:\/\/www.au-pays-des-merveilles.com\/blog\/wp-json\/wp\/v2\/posts\/21496","targetHints":{"allow":["GET"]}}],"collection":[{"href":"https:\/\/www.au-pays-des-merveilles.com\/blog\/wp-json\/wp\/v2\/posts"}],"about":[{"href":"https:\/\/www.au-pays-des-merveilles.com\/blog\/wp-json\/wp\/v2\/types\/post"}],"author":[{"embeddable":true,"href":"https:\/\/www.au-pays-des-merveilles.com\/blog\/wp-json\/wp\/v2\/users\/1"}],"replies":[{"embeddable":true,"href":"https:\/\/www.au-pays-des-merveilles.com\/blog\/wp-json\/wp\/v2\/comments?post=21496"}],"version-history":[{"count":0,"href":"https:\/\/www.au-pays-des-merveilles.com\/blog\/wp-json\/wp\/v2\/posts\/21496\/revisions"}],"wp:featuredmedia":[{"embeddable":true,"href":"https:\/\/www.au-pays-des-merveilles.com\/blog\/wp-json\/wp\/v2\/media\/21505"}],"wp:attachment":[{"href":"https:\/\/www.au-pays-des-merveilles.com\/blog\/wp-json\/wp\/v2\/media?parent=21496"}],"wp:term":[{"taxonomy":"category","embeddable":true,"href":"https:\/\/www.au-pays-des-merveilles.com\/blog\/wp-json\/wp\/v2\/categories?post=21496"},{"taxonomy":"post_tag","embeddable":true,"href":"https:\/\/www.au-pays-des-merveilles.com\/blog\/wp-json\/wp\/v2\/tags?post=21496"}],"curies":[{"name":"wp","href":"https:\/\/api.w.org\/{rel}","templated":true}]}}