{"id":21591,"date":"2018-03-06T12:00:35","date_gmt":"2018-03-06T11:00:35","guid":{"rendered":"http:\/\/www.au-pays-des-merveilles.com\/blog\/?p=21591"},"modified":"2018-03-05T22:54:10","modified_gmt":"2018-03-05T21:54:10","slug":"on-se-fait-une-toile-2","status":"publish","type":"post","link":"https:\/\/www.au-pays-des-merveilles.com\/blog\/2018\/03\/06\/on-se-fait-une-toile-2\/","title":{"rendered":"On se fait une toile ? #2"},"content":{"rendered":"<p style=\"text-align: justify;\" tabindex=\"-1\">Entre la neige et la flotte, les occupations pendant les vacances \u00e9taient limit\u00e9es &#8230; mais avec l&rsquo;amoroso, on s&rsquo;est fait une petite fourn\u00e9e de films ! Voici nos impressions ! Si vous les avez vu, je suis curieuse de connaitre vos avis !<\/p>\n<p style=\"text-align: justify;\" tabindex=\"-1\">Moteur &#8230; Action !<\/p>\n<h1 id=\":1aq\" class=\"hP\" tabindex=\"-1\">\u2605\u2606 LE RETOUR DU HEROS<\/h1>\n<p><img loading=\"lazy\" decoding=\"async\" class=\"aligncenter wp-image-21594\" src=\"https:\/\/www.au-pays-des-merveilles.com\/blog\/wp-content\/uploads\/2019\/03\/1023327-754x1024.jpg\" alt=\"\" width=\"501\" height=\"680\" srcset=\"https:\/\/www.au-pays-des-merveilles.com\/blog\/wp-content\/uploads\/2019\/03\/1023327-754x1024.jpg 754w, https:\/\/www.au-pays-des-merveilles.com\/blog\/wp-content\/uploads\/2019\/03\/1023327-221x300.jpg 221w, https:\/\/www.au-pays-des-merveilles.com\/blog\/wp-content\/uploads\/2019\/03\/1023327-768x1043.jpg 768w, https:\/\/www.au-pays-des-merveilles.com\/blog\/wp-content\/uploads\/2019\/03\/1023327.jpg 1178w\" sizes=\"auto, (max-width: 501px) 100vw, 501px\" \/><\/p>\n<p dir=\"auto\" style=\"text-align: justify;\"><strong>Genre : Com\u00e9die fran\u00e7aise\u00a0<\/strong><\/p>\n<p dir=\"auto\" style=\"text-align: justify;\"><strong>Note de la presse : 3,4\/5<\/strong><\/p>\n<p dir=\"auto\" style=\"text-align: justify;\"><strong>Ma note : 3\/5<\/strong><\/p>\n<p dir=\"auto\" style=\"text-align: justify;\"><em>Synopsis\u00a0:\u00a0Elisabeth est droite, s\u00e9rieuse et honn\u00eate. Le capitaine Neuville est l\u00e2che, fourbe et sans scrupules. Elle le d\u00e9teste. Il la m\u00e9prise. Mais en faisant de lui un h\u00e9ros d&rsquo;op\u00e9rette, elle est devenue, malgr\u00e9 elle, responsable d&rsquo;une imposture qui va tr\u00e8s vite la d\u00e9passer\u2026\u00a0<\/em><\/p>\n<p dir=\"auto\" style=\"text-align: justify;\"><span style=\"color: #333333; font-family: arial, sans-serif;\">Avec Jean Dujardin et M\u00e9lanie Laurent, ce film nous porte dans une com\u00e9die burlesque sous le r\u00e9gime Napol\u00e9onien. <\/span><span style=\"color: #333333; font-family: arial, sans-serif;\">Le film vous met dans l&rsquo;ambiance rapidement en plantant le d\u00e9cor. M\u00eame si on voit de suite la trame du r\u00e9alisateur et surtout, l\u00e0 o\u00f9 il veut nous emmener, on attend avec engouement le d\u00e9roul\u00e9 de la situation. J&rsquo;ai trouv\u00e9 les dialogues et les interactions entre les acteurs accessibles et cocasses \u00e0 certains moments. L&rsquo;ensemble est assez \u00ab\u00a0moderne\u00a0\u00bb, ce qui le rend encore plus facile \u00e0 regarder.\u00a0<\/span><\/p>\n<p dir=\"auto\" style=\"text-align: justify;\"><span style=\"color: #333333; font-family: arial, sans-serif;\">Au final, le voir pourquoi pas car c&rsquo;est un bon divertissement au cin\u00e9ma notamment si on vous offre la place, sinon ce n&rsquo;est pas utile &#8230; !<\/span><\/p>\n<p dir=\"auto\" style=\"text-align: center;\">\u2605\u2606\u2605\u2606\u2605\u2606\u2605\u2606\u2605\u2606\u2605\u2606\u2605\u2606\u2605\u2606<\/p>\n<h1 id=\":1aq\" class=\"hP\" style=\"text-align: justify;\" tabindex=\"-1\">\u2605\u2606 LA FORME DE L&rsquo;EAU<\/h1>\n<p><img loading=\"lazy\" decoding=\"async\" class=\"aligncenter wp-image-21595\" src=\"https:\/\/www.au-pays-des-merveilles.com\/blog\/wp-content\/uploads\/2019\/03\/La_Forme_de_l_eau-754x1024.jpg\" alt=\"\" width=\"499\" height=\"678\" srcset=\"https:\/\/www.au-pays-des-merveilles.com\/blog\/wp-content\/uploads\/2019\/03\/La_Forme_de_l_eau-754x1024.jpg 754w, https:\/\/www.au-pays-des-merveilles.com\/blog\/wp-content\/uploads\/2019\/03\/La_Forme_de_l_eau-221x300.jpg 221w, https:\/\/www.au-pays-des-merveilles.com\/blog\/wp-content\/uploads\/2019\/03\/La_Forme_de_l_eau-768x1043.jpg 768w, https:\/\/www.au-pays-des-merveilles.com\/blog\/wp-content\/uploads\/2019\/03\/La_Forme_de_l_eau.jpg 1178w\" sizes=\"auto, (max-width: 499px) 100vw, 499px\" \/><\/p>\n<p dir=\"auto\"><strong>Genre : Fantastique et Romance\u00a0<\/strong><\/p>\n<p dir=\"auto\"><strong>Note de la presse : 4\/5<\/strong><\/p>\n<p dir=\"auto\"><strong>Ma note : 4\/5<\/strong><\/p>\n<p dir=\"auto\" style=\"text-align: justify;\"><em>Synopsis\u00a0:\u00a0Modeste employ\u00e9e d\u2019un laboratoire gouvernemental ultrasecret, Elisa m\u00e8ne une existence solitaire, d\u2019autant plus isol\u00e9e qu\u2019elle est muette. Sa vie bascule \u00e0 jamais lorsqu\u2019elle et sa coll\u00e8gue Zelda d\u00e9couvrent une exp\u00e9rience encore plus secr\u00e8te que les autres\u2026<\/em><\/p>\n<p dir=\"auto\" style=\"text-align: justify;\"><span style=\"color: #333333; font-family: arial, sans-serif;\">Nous sommes all\u00e9s voir ce film (The shape of water, titre original) car ma maman m&rsquo;en avait parl\u00e9 en bien. C&rsquo;est vrai qu&rsquo;avec 4 oscars remport\u00e9s sur les 13 nominations notamment pour le meilleur film et les \u00e9loges de la presse, l\u2019\u0153uvre de Guillermo Del Toro a le m\u00e9rite d&rsquo;attirer l&rsquo;attention &#8230; C&rsquo;est une histoire pour le moins originale qui a une petite atmosph\u00e8re et des couleurs qui me font penser au Fabuleux Destin d&rsquo;Am\u00e9lie Poulain. On est compl\u00e8tement immerg\u00e9 dans l&rsquo;histoire et surtout l&rsquo;ambiance de l&rsquo;Am\u00e9rique des ann\u00e9es 50 qui conte la romance d&rsquo;une jeune fille muette et d&rsquo;une cr\u00e9ature aquatique. Au d\u00e9but, j&rsquo;avais vraiment l&rsquo;impression d&rsquo;\u00eatre dans un conte de f\u00e9e moderne &#8230; cela \u00e9tant, il n&rsquo;en est rien puisque des sc\u00e8nes violentes viennent ponctuer le film. J&rsquo;ai trouv\u00e9 que la liaison entre les deux personnages \u00e9tait un peu trop rapide et aurait pu \u00eatre un peu plus fouill\u00e9e. M&rsquo;est d&rsquo;avis que certaines sc\u00e8nes ne sont pas n\u00e9cessaires pour l&rsquo;histoire. On se laisse entrainer, malgr\u00e9 tout, dans le sillage de ce conte de f\u00e9e pour adulte improbable. A voir !\u00a0<\/span><\/p>\n<p>&nbsp;<\/p>\n<p style=\"text-align: center;\">\u2605\u2606\u2605\u2606\u2605\u2606\u2605\u2606\u2605\u2606\u2605\u2606\u2605\u2606\u2605\u2606<\/p>\n<h1 id=\":1aq\" class=\"hP\" style=\"text-align: justify;\" tabindex=\"-1\">\u2605\u2606 CALL ME BY YOUR NAME<\/h1>\n<p><img loading=\"lazy\" decoding=\"async\" class=\"aligncenter wp-image-21658\" src=\"https:\/\/www.au-pays-des-merveilles.com\/blog\/wp-content\/uploads\/2019\/03\/20180305_181906.jpg\" alt=\"\" width=\"503\" height=\"745\" srcset=\"https:\/\/www.au-pays-des-merveilles.com\/blog\/wp-content\/uploads\/2019\/03\/20180305_181906.jpg 648w, https:\/\/www.au-pays-des-merveilles.com\/blog\/wp-content\/uploads\/2019\/03\/20180305_181906-203x300.jpg 203w\" sizes=\"auto, (max-width: 503px) 100vw, 503px\" \/><\/p>\n<p style=\"text-align: justify;\"><strong>Genre : Drame et Romance\u00a0<\/strong><\/p>\n<p style=\"text-align: justify;\"><strong>Note de la presse : 4.2\/5<\/strong><\/p>\n<p style=\"text-align: justify;\"><strong>Ma note : 2\/5<\/strong><\/p>\n<p style=\"text-align: justify;\"><em>Synopsis\u00a0:\u00a0 \u00c9t\u00e9 1983. Elio Perlman, 17 ans, passe ses vacances dans la villa du XVIIe si\u00e8cle que poss\u00e8de sa famille en Italie, \u00e0 jouer de la musique classique, \u00e0 lire et \u00e0 flirter avec son amie Marzia. Son p\u00e8re, \u00e9minent professeur sp\u00e9cialiste de la culture gr\u00e9co-romaine, et sa m\u00e8re, traductrice, lui ont donn\u00e9 une excellente \u00e9ducation, et il est proche de ses parents. Sa sophistication et ses talents intellectuels font d\u2019Elio un jeune homme m\u00fbr pour son \u00e2ge, mais il conserve aussi une certaine innocence, en particulier pour ce qui touche \u00e0 l\u2019amour. Un jour, Oliver, un s\u00e9duisant Am\u00e9ricain qui pr\u00e9pare son doctorat, vient travailler aupr\u00e8s du p\u00e8re d\u2019Elio. Elio et Oliver vont bient\u00f4t d\u00e9couvrir l\u2019\u00e9veil du d\u00e9sir, au cours d\u2019un \u00e9t\u00e9 ensoleill\u00e9 dans la campagne italienne qui changera leur vie \u00e0 jamais.<\/em><\/p>\n<p dir=\"auto\" style=\"text-align: justify;\"><span style=\"color: #333333; font-family: arial, sans-serif;\">Je vais \u00eatre tr\u00e8s honn\u00eate, je me suis bien ennuy\u00e9e pendant ce film. J\u2019avais entendu et lu que de bonnes critiques et de tr\u00e8s bons commentaires sur diff\u00e9rents sites. Quelle ne fut pas ma d\u00e9ception lorsque j&rsquo;ai commenc\u00e9 \u00e0 regarder le film. <\/span><span style=\"color: #333333; font-family: arial, sans-serif;\">Le sc\u00e9nario aborde une r\u00e9alit\u00e9 bien marqu\u00e9e du 21ieme si\u00e8cle, et donne un coup de pied aux pr\u00e9jug\u00e9s et st\u00e9r\u00e9otypes mais malheureusement, je n&rsquo;ai pas \u00e9t\u00e9 transport\u00e9e\u00a0!&#8230; hormis peut \u00eatre dans les images estivales de l&rsquo;Italie. \u00c7a m&rsquo;a juste donn\u00e9 envie de passer des vacances dans la campagne italienne. C&rsquo;est d\u00e9j\u00e0, \u00e7a me direz vous &#8230; Cela \u00e9tant, c&rsquo;est quand m\u00eame bien mou. Remarquez, au moins, l&rsquo;histoire d&rsquo;amour entre ces deux personnages a bien le temps de s&rsquo;installer. Mais je pense que le film aurait pu \u00eatre largement r\u00e9duit. 2h12 c&rsquo;est tr\u00e8s long.<\/span><span style=\"color: #333333; font-family: arial, sans-serif;\"> Les sc\u00e8nes d\u2019amour sont remplac\u00e9es par des sc\u00e8nes \u00e9rotiques \u2026 bref, c\u2019est beau hein, &#8230; limite on comprend leurs \u00e9tats d&rsquo;\u00e2me et on est touch\u00e9 par la fin, mais au final, c&rsquo;est d&rsquo;un ennui &#8230; Dommage &#8230;<br \/>\n<\/span><\/p>\n<p><strong>\u00a0<\/strong><\/p>\n<p>&nbsp;<\/p>\n","protected":false},"excerpt":{"rendered":"<p>Entre la neige et la flotte, les occupations pendant les vacances \u00e9taient limit\u00e9es &#8230; mais avec l&rsquo;amoroso, on s&rsquo;est fait une petite fourn\u00e9e de films ! Voici nos impressions ! Si vous les avez vu, je suis curieuse de connaitre vos avis ! Moteur &#8230; Action ! \u2605\u2606 LE RETOUR DU HEROS Genre : Com\u00e9die<\/p>\n","protected":false},"author":1,"featured_media":21082,"comment_status":"open","ping_status":"open","sticky":false,"template":"","format":"standard","meta":{"footnotes":""},"categories":[1693,1694],"tags":[70,1686,261,1742,1743,1427],"class_list":["post-21591","post","type-post","status-publish","format-standard","has-post-thumbnail","hentry","category-cinema-culture","category-films-series","tag-cinema","tag-critique-cinema","tag-film","tag-la-forme-de-leau","tag-le-retour-du-heros","tag-sorties"],"_links":{"self":[{"href":"https:\/\/www.au-pays-des-merveilles.com\/blog\/wp-json\/wp\/v2\/posts\/21591","targetHints":{"allow":["GET"]}}],"collection":[{"href":"https:\/\/www.au-pays-des-merveilles.com\/blog\/wp-json\/wp\/v2\/posts"}],"about":[{"href":"https:\/\/www.au-pays-des-merveilles.com\/blog\/wp-json\/wp\/v2\/types\/post"}],"author":[{"embeddable":true,"href":"https:\/\/www.au-pays-des-merveilles.com\/blog\/wp-json\/wp\/v2\/users\/1"}],"replies":[{"embeddable":true,"href":"https:\/\/www.au-pays-des-merveilles.com\/blog\/wp-json\/wp\/v2\/comments?post=21591"}],"version-history":[{"count":0,"href":"https:\/\/www.au-pays-des-merveilles.com\/blog\/wp-json\/wp\/v2\/posts\/21591\/revisions"}],"wp:featuredmedia":[{"embeddable":true,"href":"https:\/\/www.au-pays-des-merveilles.com\/blog\/wp-json\/wp\/v2\/media\/21082"}],"wp:attachment":[{"href":"https:\/\/www.au-pays-des-merveilles.com\/blog\/wp-json\/wp\/v2\/media?parent=21591"}],"wp:term":[{"taxonomy":"category","embeddable":true,"href":"https:\/\/www.au-pays-des-merveilles.com\/blog\/wp-json\/wp\/v2\/categories?post=21591"},{"taxonomy":"post_tag","embeddable":true,"href":"https:\/\/www.au-pays-des-merveilles.com\/blog\/wp-json\/wp\/v2\/tags?post=21591"}],"curies":[{"name":"wp","href":"https:\/\/api.w.org\/{rel}","templated":true}]}}