{"id":21619,"date":"2018-02-25T17:40:39","date_gmt":"2018-02-25T16:40:39","guid":{"rendered":"http:\/\/www.au-pays-des-merveilles.com\/blog\/?p=21619"},"modified":"2019-06-23T15:28:21","modified_gmt":"2019-06-23T13:28:21","slug":"%e2%99%a1-les-liens-du-week-end-%e2%99%a1-90","status":"publish","type":"post","link":"https:\/\/www.au-pays-des-merveilles.com\/blog\/2018\/02\/25\/%e2%99%a1-les-liens-du-week-end-%e2%99%a1-90\/","title":{"rendered":"\u2661 LES LIENS DU WEEK-END \u2661 # 90"},"content":{"rendered":"<p style=\"text-align: justify;\"><strong>&#x2665; PHOTO : <\/strong>on arrive \u00e0 la fin f\u00e9vrier et je viens de r\u00e9aliser que je ne vous ai pas encore montr\u00e9 mon top 3 des jolies photos du <a href=\"https:\/\/www.facebook.com\/groups\/defi.photo.2018.P12\/\" rel=\"nofollow\">d\u00e9fi photo P12<\/a> de Janvier 2018. Vu que j&rsquo;ai cr\u00e9\u00e9 le groupe tardivement, le th\u00e8me \u00e9tait libre ou \u00ab\u00a0ciel\u00a0\u00bb, voici mon top 3 :<\/p>\n<p><img loading=\"lazy\" decoding=\"async\" class=\"aligncenter wp-image-21624\" src=\"https:\/\/www.au-pays-des-merveilles.com\/blog\/wp-content\/uploads\/2019\/02\/ciel1.jpg\" alt=\"\" width=\"500\" height=\"475\" srcset=\"https:\/\/www.au-pays-des-merveilles.com\/blog\/wp-content\/uploads\/2019\/02\/ciel1.jpg 960w, https:\/\/www.au-pays-des-merveilles.com\/blog\/wp-content\/uploads\/2019\/02\/ciel1-300x285.jpg 300w, https:\/\/www.au-pays-des-merveilles.com\/blog\/wp-content\/uploads\/2019\/02\/ciel1-768x730.jpg 768w, https:\/\/www.au-pays-des-merveilles.com\/blog\/wp-content\/uploads\/2019\/02\/ciel1-315x300.jpg 315w\" sizes=\"auto, (max-width: 500px) 100vw, 500px\" \/><\/p>\n<p style=\"text-align: center;\"><em>N\u00b01 : le jeu de miroir de Sylvie G.<\/em><\/p>\n<p><img loading=\"lazy\" decoding=\"async\" class=\"aligncenter wp-image-21625\" src=\"https:\/\/www.au-pays-des-merveilles.com\/blog\/wp-content\/uploads\/2019\/02\/ciel2.jpg\" alt=\"\" width=\"500\" height=\"656\" srcset=\"https:\/\/www.au-pays-des-merveilles.com\/blog\/wp-content\/uploads\/2019\/02\/ciel2.jpg 732w, https:\/\/www.au-pays-des-merveilles.com\/blog\/wp-content\/uploads\/2019\/02\/ciel2-229x300.jpg 229w\" sizes=\"auto, (max-width: 500px) 100vw, 500px\" \/><\/p>\n<p style=\"text-align: center;\"><em>N\u00b02 : le ciel romain de Charlotte M.<\/em><\/p>\n<p><img loading=\"lazy\" decoding=\"async\" class=\"aligncenter wp-image-21626\" src=\"https:\/\/www.au-pays-des-merveilles.com\/blog\/wp-content\/uploads\/2019\/02\/ciel3.jpg\" alt=\"\" width=\"500\" height=\"750\" srcset=\"https:\/\/www.au-pays-des-merveilles.com\/blog\/wp-content\/uploads\/2019\/02\/ciel3.jpg 640w, https:\/\/www.au-pays-des-merveilles.com\/blog\/wp-content\/uploads\/2019\/02\/ciel3-200x300.jpg 200w\" sizes=\"auto, (max-width: 500px) 100vw, 500px\" \/><\/p>\n<p style=\"text-align: center;\"><em>N\u00b03 : le ciel et la lune de Doriane M.<\/em><\/p>\n<p style=\"text-align: justify;\">Bravo pour ces jolies photos les filles ! Merci aux autres participants ! J&rsquo;attends avec h\u00e2te les derni\u00e8res photos de F\u00e9vrier sur le th\u00e8me de la gourmandise &#8230; ou autre ! ^^<\/p>\n<p style=\"text-align: justify;\"><strong>&#x2665; FOOD : <\/strong>en parlant de gourmandise, mon Valentin est venu la semaine derni\u00e8re avec les bras charg\u00e9s de bonnes petites choses et notamment de d\u00e9licieux chocolats Le Comptoir de Mathilde. Oui, il fallait bien marquer la St Valentin !<\/p>\n<p><img loading=\"lazy\" decoding=\"async\" class=\"aligncenter wp-image-21628\" src=\"https:\/\/www.au-pays-des-merveilles.com\/blog\/wp-content\/uploads\/2019\/02\/cdm.jpg\" alt=\"\" width=\"500\" height=\"499\" srcset=\"https:\/\/www.au-pays-des-merveilles.com\/blog\/wp-content\/uploads\/2019\/02\/cdm.jpg 598w, https:\/\/www.au-pays-des-merveilles.com\/blog\/wp-content\/uploads\/2019\/02\/cdm-150x150.jpg 150w, https:\/\/www.au-pays-des-merveilles.com\/blog\/wp-content\/uploads\/2019\/02\/cdm-300x300.jpg 300w, https:\/\/www.au-pays-des-merveilles.com\/blog\/wp-content\/uploads\/2019\/02\/cdm-301x300.jpg 301w\" sizes=\"auto, (max-width: 500px) 100vw, 500px\" \/><\/p>\n<p style=\"text-align: justify;\">Inutile de vous dire que la guimauve chocolat\u00e9e en bas \u00e0 gauche n&rsquo;a pas surv\u00e9cu \u00e0 la soir\u00e9e (comment c&rsquo;est trop bon !) et que je me fais violence pour ne pas \u00e9clater le c\u0153ur au chocolat noir &#8230; Les cuill\u00e8res pour chocolat chaud tombent \u00e0 pic pour les go\u00fbters d&rsquo;hiver. Quant au petit lapin l\u00e0 haut, c&rsquo;est du chocolat \u00ab\u00a0blond\u00a0\u00bb, vous avez d\u00e9j\u00e0 go\u00fbt\u00e9 ?\u00a0 Je mange tout \u00e7a par parcimonie &#8230; Croq&rsquo;kilos oblige ! Vivement le mois d&rsquo;Avril et P\u00e2ques pour go\u00fbter aux nouveaut\u00e9s chocolat\u00e9es !<\/p>\n<p style=\"text-align: justify;\"><strong>&#x2665; FASHION : <\/strong>pour notre soir\u00e9e en amoureux, inutile de se prendre la t\u00eate devant la placard puisque j&rsquo;avais une jolie s\u00e9lection dans <a href=\"https:\/\/www.lecloset.fr\/?rt=SiMvMmYjEmXbDtga77s2Og\" rel=\"nofollow\">ma box Le Closet<\/a>. Entre la chemise en dentelle et la petite robe noire, mon c\u0153ur balance &#8230;<\/p>\n<p><img loading=\"lazy\" decoding=\"async\" class=\" wp-image-21630 alignnone\" src=\"https:\/\/www.au-pays-des-merveilles.com\/blog\/wp-content\/uploads\/2019\/02\/closet.jpg\" alt=\"\" width=\"350\" height=\"339\" srcset=\"https:\/\/www.au-pays-des-merveilles.com\/blog\/wp-content\/uploads\/2019\/02\/closet.jpg 614w, https:\/\/www.au-pays-des-merveilles.com\/blog\/wp-content\/uploads\/2019\/02\/closet-300x291.jpg 300w, https:\/\/www.au-pays-des-merveilles.com\/blog\/wp-content\/uploads\/2019\/02\/closet-310x300.jpg 310w\" sizes=\"auto, (max-width: 350px) 100vw, 350px\" \/> <img loading=\"lazy\" decoding=\"async\" class=\" wp-image-21631 alignnone\" src=\"https:\/\/www.au-pays-des-merveilles.com\/blog\/wp-content\/uploads\/2019\/02\/closet2.jpg\" alt=\"\" width=\"350\" height=\"355\" srcset=\"https:\/\/www.au-pays-des-merveilles.com\/blog\/wp-content\/uploads\/2019\/02\/closet2.jpg 591w, https:\/\/www.au-pays-des-merveilles.com\/blog\/wp-content\/uploads\/2019\/02\/closet2-296x300.jpg 296w\" sizes=\"auto, (max-width: 350px) 100vw, 350px\" \/><\/p>\n<p style=\"text-align: justify;\">Je vous rappelle que vous pouvez avoir <a href=\"https:\/\/www.lecloset.fr\/?rt=SiMvMmYjEmXbDtga77s2Og\" rel=\"nofollow\">25 euros de r\u00e9duction<\/a> sur votre premier Closet avec <a href=\"https:\/\/www.lecloset.fr\/?rt=SiMvMmYjEmXbDtga77s2Og\" rel=\"nofollow\">ce lien<\/a> ! Pour les collants, ce sont des <a href=\"https:\/\/fr.calzedonia.com\/home.jsp\" rel=\"nofollow\">Calzedonia<\/a> et les chaussures <a href=\"https:\/\/www.spartoo.com\/\">Spartoo<\/a>. D&rsquo;ailleurs, j&rsquo;ai look\u00e9 de jolies derbies pour aller avec les robes ou les jupes un peu courtes sans faire trop da-dame, comme les <a href=\"https:\/\/www.spartoo.com\/Betty-London-HENRIKA-x6015045.php\">derbies Henrika Betty London<\/a> qui sont en promo :<\/p>\n<p><img loading=\"lazy\" decoding=\"async\" class=\"aligncenter size-full wp-image-21634\" src=\"https:\/\/www.au-pays-des-merveilles.com\/blog\/wp-content\/uploads\/2019\/02\/derbies.jpg\" alt=\"\" width=\"500\" height=\"500\" srcset=\"https:\/\/www.au-pays-des-merveilles.com\/blog\/wp-content\/uploads\/2019\/02\/derbies.jpg 500w, https:\/\/www.au-pays-des-merveilles.com\/blog\/wp-content\/uploads\/2019\/02\/derbies-150x150.jpg 150w, https:\/\/www.au-pays-des-merveilles.com\/blog\/wp-content\/uploads\/2019\/02\/derbies-300x300.jpg 300w\" sizes=\"auto, (max-width: 500px) 100vw, 500px\" \/><\/p>\n<p>On est trop bien dedans, je ne les quitte plus !<\/p>\n<p style=\"text-align: justify;\"><strong>&#x2665; SANTE : <\/strong>apr\u00e8s les chocolats, la tenue et les chaussures, rien de tel qu&rsquo;un joli sourire ! <em>Vous avez vu l&rsquo;enchainement de ouf ?!<\/em> Qui n&rsquo;a pas vu cette publicit\u00e9 de Mac Lesggy qui vante les m\u00e9rites de la brosse \u00e0 dent \u00e9lectrique \u00ab\u00a0<a href=\"https:\/\/www.oralb.fr\/fr-fr\" rel=\"nofollow\">Oral B<\/a>\u00a0\u00bb ?<\/p>\n<p style=\"text-align: justify;\"><img loading=\"lazy\" decoding=\"async\" class=\"alignleft wp-image-21636\" src=\"https:\/\/www.au-pays-des-merveilles.com\/blog\/wp-content\/uploads\/2019\/02\/bad.jpg\" alt=\"\" width=\"343\" height=\"257\" srcset=\"https:\/\/www.au-pays-des-merveilles.com\/blog\/wp-content\/uploads\/2019\/02\/bad.jpg 400w, https:\/\/www.au-pays-des-merveilles.com\/blog\/wp-content\/uploads\/2019\/02\/bad-300x225.jpg 300w\" sizes=\"auto, (max-width: 343px) 100vw, 343px\" \/>Le mois dernier, je me suis rendue chez ma dentiste pour faire ma visite annuelle, et elle m&rsquo;a dit que je devrais faire attention \u00e0 mes gencives. Que je frottais s\u00fbrement trop s\u00e8chement. \u00c0 la r\u00e9ponse donn\u00e9e \u00e0 \u00ab\u00a0comment faire\u00a0\u00bb , elle m&rsquo;a expliqu\u00e9, ainsi que son assistante, que les brosses \u00e0 dents \u00e9lectriques \u00e9taient la meilleure garantie pour mes gencives. Vous me connaissez, j&rsquo;ai donc sond\u00e9 des amis, des lectrices pour avoir quelques avis&#8230; Et finalement, que \u00ab\u00a0du bien\u00a0\u00bb&#8230;\u00a0Je me suis donc offert cette brosse \u00e0 dent \u00e9lectrique avec t\u00e9moin de charge et t\u00e9moin de force (elle indique quand j&rsquo;appuie trop),\u00a0 livr\u00e9e avec une double brossette. Au r\u00e9sultat apr\u00e8s un mois,je suis r\u00e9ellement convaincue ! On se retrouve rapidement avec des dents saines, une bouche bien propre et surtout en un brossage, les petits restes coinc\u00e9s disparaissent sans effort. Vraiment, je suis fan ! En plus, m\u00eame si les brossettes restent assez on\u00e9reuses, j&rsquo;en change moins souvent que de brosse \u00e0 dent.\u00a0Et vous, avez vous test\u00e9 ou \u00eates vous \u00e0 la brosse \u00e0 dent manuelle ?<\/p>\n<p style=\"text-align: justify;\"><strong><img loading=\"lazy\" decoding=\"async\" class=\"alignright wp-image-21638\" src=\"https:\/\/www.au-pays-des-merveilles.com\/blog\/wp-content\/uploads\/2019\/02\/livre.jpg\" alt=\"\" width=\"236\" height=\"277\" srcset=\"https:\/\/www.au-pays-des-merveilles.com\/blog\/wp-content\/uploads\/2019\/02\/livre.jpg 426w, https:\/\/www.au-pays-des-merveilles.com\/blog\/wp-content\/uploads\/2019\/02\/livre-256x300.jpg 256w\" sizes=\"auto, (max-width: 236px) 100vw, 236px\" \/>&#x2665; LIVRE : <\/strong>enfin, apr\u00e8s avoir soign\u00e9 votre apparence physique, nul doute que vous brillerez en soci\u00e9t\u00e9 surtout apr\u00e8s avoir acquis les \u00ab\u00a0<a href=\"http:\/\/amzn.to\/2sU3b40\" rel=\"nofollow\">100 trucs infaillibles pour avoir l&rsquo;air intelligent en r\u00e9union<\/a>\u00a0\u00bb de Sarah Cooper aux \u00e9ditions DUNOD. <em>Encore une r\u00e9union \u00e0 assurer? Ce petit livre est fait pour vous, car se montrer pertinent et efficace dans les r\u00e9unions de travail, c&rsquo;est pour vous indispensable! On estime \u00e0 75 % le temps pass\u00e9 en r\u00e9union. M\u00eame si bien souvent les r\u00e9unions s&rsquo;av\u00e8rent inutiles, il faut le reconna\u00eetre, elles sont l&rsquo;une des rares opportunit\u00e9s de prouver votre leadership et de faire briller votre esprit critique. Et, bient\u00f4t, sans vous en apercevoir, vous vous retrouvez dans la position de votre CEO ! Ce petit livre illustr\u00e9, malin, op\u00e9rationnel et plein d&rsquo;humour, vous propose plus de <strong>100 attitudes, trucs et astuces \u00e0 adopter pour faire croire \u00e0 tout le monde que vous \u00eates le plus intelligent ! <\/strong><\/em>J&rsquo;avoue que cet ouvrage ne manque pas d&rsquo;humour et qu&rsquo;il d\u00e9livre quelques bons conseils, m\u00eame si je n&rsquo;adh\u00e8re pas \u00e0 certaines de ses r\u00e9flexions. Cela \u00e9tant, il me sera bien utile pour mon activit\u00e9 future &#8230;<\/p>\n<p>Je vous souhaite une excellente semaine et de belles vacances pour les plus chanceux !<\/p>\n<p>&nbsp;<\/p>\n<p>&nbsp;<\/p>\n","protected":false},"excerpt":{"rendered":"<p>&#x2665; PHOTO : on arrive \u00e0 la fin f\u00e9vrier et je viens de r\u00e9aliser que je ne vous ai pas encore montr\u00e9 mon top 3 des jolies photos du d\u00e9fi photo P12 de Janvier 2018. Vu que j&rsquo;ai cr\u00e9\u00e9 le groupe tardivement, le th\u00e8me \u00e9tait libre ou \u00ab\u00a0ciel\u00a0\u00bb, voici mon top 3 : N\u00b01 :<\/p>\n","protected":false},"author":1,"featured_media":21622,"comment_status":"open","ping_status":"open","sticky":false,"template":"","format":"standard","meta":{"footnotes":""},"categories":[921,236],"tags":[41,490,1666,1675,237,1750,195,930,56],"class_list":["post-21619","post","type-post","status-publish","format-standard","has-post-thumbnail","hentry","category-defi-photo-p12","category-les-liens-du-week-end","tag-chocolat","tag-defi-photo-2","tag-le-closet","tag-le-comptoir-de-mathilde","tag-liens","tag-oral-b","tag-photo","tag-spartoo","tag-week-end"],"_links":{"self":[{"href":"https:\/\/www.au-pays-des-merveilles.com\/blog\/wp-json\/wp\/v2\/posts\/21619","targetHints":{"allow":["GET"]}}],"collection":[{"href":"https:\/\/www.au-pays-des-merveilles.com\/blog\/wp-json\/wp\/v2\/posts"}],"about":[{"href":"https:\/\/www.au-pays-des-merveilles.com\/blog\/wp-json\/wp\/v2\/types\/post"}],"author":[{"embeddable":true,"href":"https:\/\/www.au-pays-des-merveilles.com\/blog\/wp-json\/wp\/v2\/users\/1"}],"replies":[{"embeddable":true,"href":"https:\/\/www.au-pays-des-merveilles.com\/blog\/wp-json\/wp\/v2\/comments?post=21619"}],"version-history":[{"count":0,"href":"https:\/\/www.au-pays-des-merveilles.com\/blog\/wp-json\/wp\/v2\/posts\/21619\/revisions"}],"wp:featuredmedia":[{"embeddable":true,"href":"https:\/\/www.au-pays-des-merveilles.com\/blog\/wp-json\/wp\/v2\/media\/21622"}],"wp:attachment":[{"href":"https:\/\/www.au-pays-des-merveilles.com\/blog\/wp-json\/wp\/v2\/media?parent=21619"}],"wp:term":[{"taxonomy":"category","embeddable":true,"href":"https:\/\/www.au-pays-des-merveilles.com\/blog\/wp-json\/wp\/v2\/categories?post=21619"},{"taxonomy":"post_tag","embeddable":true,"href":"https:\/\/www.au-pays-des-merveilles.com\/blog\/wp-json\/wp\/v2\/tags?post=21619"}],"curies":[{"name":"wp","href":"https:\/\/api.w.org\/{rel}","templated":true}]}}