{"id":21641,"date":"2018-03-03T12:00:09","date_gmt":"2018-03-03T11:00:09","guid":{"rendered":"http:\/\/www.au-pays-des-merveilles.com\/blog\/?p=21641"},"modified":"2019-03-22T17:16:50","modified_gmt":"2019-03-22T15:16:50","slug":"%e2%98%85%e2%98%86-p12-fevrier-2018-%e2%98%86%e2%98%85","status":"publish","type":"post","link":"https:\/\/www.au-pays-des-merveilles.com\/blog\/2018\/03\/03\/%e2%98%85%e2%98%86-p12-fevrier-2018-%e2%98%86%e2%98%85\/","title":{"rendered":"\u2605\u2606 P12- F\u00e9vrier 2018 \u2606\u2605"},"content":{"rendered":"<p><img loading=\"lazy\" decoding=\"async\" class=\"aligncenter size-full wp-image-21642\" src=\"https:\/\/www.au-pays-des-merveilles.com\/blog\/wp-content\/uploads\/2018\/02\/gourmandise.jpg\" alt=\"\" width=\"640\" height=\"960\" srcset=\"https:\/\/www.au-pays-des-merveilles.com\/blog\/wp-content\/uploads\/2018\/02\/gourmandise.jpg 640w, https:\/\/www.au-pays-des-merveilles.com\/blog\/wp-content\/uploads\/2018\/02\/gourmandise-200x300.jpg 200w\" sizes=\"auto, (max-width: 640px) 100vw, 640px\" \/><\/p>\n<p style=\"text-align: center;\"><em>F\u00e9vrier 2018 &#8211; Gourmandise<\/em><\/p>\n<p style=\"text-align: justify;\">Pour le mois de f\u00e9vrier du <a href=\"https:\/\/www.au-pays-des-merveilles.com\/blog\/2018\/01\/15\/2018-defi-photo-p12\/\">d\u00e9fi photo P12<\/a>, le th\u00e8me \u00e9tait <strong>la Gourmandise<\/strong>. \u00c7a n&rsquo;a pas inspir\u00e9 beaucoup de monde sur <a href=\"https:\/\/www.facebook.com\/groups\/defi.photo.2018.P12\/\" rel=\"nofollow\">la page FB du d\u00e9fi<\/a> mais j&rsquo;ai quand m\u00eame mon top 3 ! ^^Pour le mois de Mars, c&rsquo;est home sweet home, vous en \u00eates ?! ^^<\/p>\n<p><img loading=\"lazy\" decoding=\"async\" class=\"aligncenter wp-image-21643\" src=\"https:\/\/www.au-pays-des-merveilles.com\/blog\/wp-content\/uploads\/2018\/02\/gour.jpg\" alt=\"\" width=\"500\" height=\"374\" srcset=\"https:\/\/www.au-pays-des-merveilles.com\/blog\/wp-content\/uploads\/2018\/02\/gour.jpg 960w, https:\/\/www.au-pays-des-merveilles.com\/blog\/wp-content\/uploads\/2018\/02\/gour-300x225.jpg 300w, https:\/\/www.au-pays-des-merveilles.com\/blog\/wp-content\/uploads\/2018\/02\/gour-768x575.jpg 768w, https:\/\/www.au-pays-des-merveilles.com\/blog\/wp-content\/uploads\/2018\/02\/gour-401x300.jpg 401w\" sizes=\"auto, (max-width: 500px) 100vw, 500px\" \/><\/p>\n<p style=\"text-align: center;\"><em>N\u00b0 1 : La gourmandise par Sylvie G.<\/em><\/p>\n<p><img loading=\"lazy\" decoding=\"async\" class=\"aligncenter wp-image-21644\" src=\"https:\/\/www.au-pays-des-merveilles.com\/blog\/wp-content\/uploads\/2018\/02\/gour2.jpg\" alt=\"\" width=\"500\" height=\"493\" srcset=\"https:\/\/www.au-pays-des-merveilles.com\/blog\/wp-content\/uploads\/2018\/02\/gour2.jpg 640w, https:\/\/www.au-pays-des-merveilles.com\/blog\/wp-content\/uploads\/2018\/02\/gour2-300x296.jpg 300w, https:\/\/www.au-pays-des-merveilles.com\/blog\/wp-content\/uploads\/2018\/02\/gour2-304x300.jpg 304w\" sizes=\"auto, (max-width: 500px) 100vw, 500px\" \/><\/p>\n<p style=\"text-align: center;\"><em>N\u00b02 : La gourmandise par Violette C.<\/em><\/p>\n<p><img loading=\"lazy\" decoding=\"async\" class=\"aligncenter wp-image-21645\" src=\"https:\/\/www.au-pays-des-merveilles.com\/blog\/wp-content\/uploads\/2018\/02\/gour3.jpg\" alt=\"\" width=\"500\" height=\"667\" srcset=\"https:\/\/www.au-pays-des-merveilles.com\/blog\/wp-content\/uploads\/2018\/02\/gour3.jpg 720w, https:\/\/www.au-pays-des-merveilles.com\/blog\/wp-content\/uploads\/2018\/02\/gour3-225x300.jpg 225w\" sizes=\"auto, (max-width: 500px) 100vw, 500px\" \/><\/p>\n<p style=\"text-align: center;\"><em>N\u00b03 : La gourmandise par Charlotte M.<\/em><\/p>\n<p style=\"text-align: center;\">Merci \u00e0 tous pour vos participations ! Rendez-vous \u00e0 la fin du mois pour une prochaine s\u00e9lection de jolies photos !<\/p>\n","protected":false},"excerpt":{"rendered":"<p>F\u00e9vrier 2018 &#8211; Gourmandise Pour le mois de f\u00e9vrier du d\u00e9fi photo P12, le th\u00e8me \u00e9tait la Gourmandise. \u00c7a n&rsquo;a pas inspir\u00e9 beaucoup de monde sur la page FB du d\u00e9fi mais j&rsquo;ai quand m\u00eame mon top 3 ! ^^Pour le mois de Mars, c&rsquo;est home sweet home, vous en \u00eates ?! ^^ N\u00b0 1<\/p>\n","protected":false},"author":1,"featured_media":21177,"comment_status":"open","ping_status":"open","sticky":false,"template":"","format":"standard","meta":{"footnotes":""},"categories":[921,26],"tags":[490,1675,195],"class_list":["post-21641","post","type-post","status-publish","format-standard","has-post-thumbnail","hentry","category-defi-photo-p12","category-photography","tag-defi-photo-2","tag-le-comptoir-de-mathilde","tag-photo"],"_links":{"self":[{"href":"https:\/\/www.au-pays-des-merveilles.com\/blog\/wp-json\/wp\/v2\/posts\/21641","targetHints":{"allow":["GET"]}}],"collection":[{"href":"https:\/\/www.au-pays-des-merveilles.com\/blog\/wp-json\/wp\/v2\/posts"}],"about":[{"href":"https:\/\/www.au-pays-des-merveilles.com\/blog\/wp-json\/wp\/v2\/types\/post"}],"author":[{"embeddable":true,"href":"https:\/\/www.au-pays-des-merveilles.com\/blog\/wp-json\/wp\/v2\/users\/1"}],"replies":[{"embeddable":true,"href":"https:\/\/www.au-pays-des-merveilles.com\/blog\/wp-json\/wp\/v2\/comments?post=21641"}],"version-history":[{"count":0,"href":"https:\/\/www.au-pays-des-merveilles.com\/blog\/wp-json\/wp\/v2\/posts\/21641\/revisions"}],"wp:featuredmedia":[{"embeddable":true,"href":"https:\/\/www.au-pays-des-merveilles.com\/blog\/wp-json\/wp\/v2\/media\/21177"}],"wp:attachment":[{"href":"https:\/\/www.au-pays-des-merveilles.com\/blog\/wp-json\/wp\/v2\/media?parent=21641"}],"wp:term":[{"taxonomy":"category","embeddable":true,"href":"https:\/\/www.au-pays-des-merveilles.com\/blog\/wp-json\/wp\/v2\/categories?post=21641"},{"taxonomy":"post_tag","embeddable":true,"href":"https:\/\/www.au-pays-des-merveilles.com\/blog\/wp-json\/wp\/v2\/tags?post=21641"}],"curies":[{"name":"wp","href":"https:\/\/api.w.org\/{rel}","templated":true}]}}