{"id":23737,"date":"2018-08-01T08:00:33","date_gmt":"2018-08-01T06:00:33","guid":{"rendered":"http:\/\/www.au-pays-des-merveilles.com\/blog\/?p=23737"},"modified":"2019-09-29T18:42:59","modified_gmt":"2019-09-29T16:42:59","slug":"carnet-de-balades-orleans-en-centre-val-de-loire","status":"publish","type":"post","link":"https:\/\/www.au-pays-des-merveilles.com\/blog\/2018\/08\/01\/carnet-de-balades-orleans-en-centre-val-de-loire\/","title":{"rendered":"{Carnet de balades} Orl\u00e9ans en Centre-Val de Loire"},"content":{"rendered":"\n<p><a href=\"https:\/\/www.au-pays-des-merveilles.com\/blog\/wp-admin\/post.php?post=23737&amp;action=edit\">Edit<\/a><\/p>\n\n\n<p style=\"text-align: center;\"><em>Coor<\/em><em>donn\u00e9es GPS de Orl\u00e9ans : 47\u00b0\u00a054\u2032\u00a009\u2033 Nord, 1\u00b0\u00a054\u2032\u00a032\u2033 Est<\/em><\/p>\n<p style=\"text-align: justify;\">Avec les week-end \u00e0 rallonge que nous pouvions avoir au mois de mai, nous nous sommes organis\u00e9s avec mon homme et sa famille, pour partir visiter Orl\u00e9ans et ses alentours. Je me suis rappel\u00e9e que j&rsquo;avais d\u00e9j\u00e0 visit\u00e9 cette ville quand j&rsquo;\u00e9tais plus petite, mais que je n&rsquo;en avais pas gard\u00e9 un fabuleux souvenir.<\/p>\n<p style=\"text-align: justify;\">Nous avions en poche une liste de toutes les activit\u00e9s \u00e0 faire et \u00e9v\u00e9nements \u00e0 voir. Je vous conseille d&rsquo;ailleurs vraiment cette p\u00e9riode de l&rsquo;ann\u00e9e (entre le 29 avril et le 08 mai) pour profiter des f\u00eates Jeanne d&rsquo;Arc \u00e0 <a rel=\"nofollow noopener noreferrer\" rel=\"nofollow noopener noreferrer\" href=\"https:\/\/fr.wikipedia.org\/wiki\/Orl%C3%A9ans\" target=\"_blank\" rel=\"nofollow noopener\">Orl\u00e9ans<\/a>. Voici donc ce que je vous ai concoct\u00e9 \u00e0 la vue de ce que nous avons fait, et si en plus vous passez par la r\u00e9gion du <a rel=\"nofollow noopener noreferrer\" rel=\"nofollow noopener noreferrer\" href=\"http:\/\/www.regioncentre-valdeloire.fr\/accueil.html\" target=\"_blank\" rel=\"nofollow noopener\">Centre &#8211; Val de Loire<\/a>, vous saurez quoi faire &#8230;<\/p>\n<h2 style=\"text-align: justify;\">\u2605\u2605\u00a0Id\u00e9e h\u00f4tel\u00a0\u2605\u2605<\/h2>\n<p style=\"text-align: justify;\"><img loading=\"lazy\" decoding=\"async\" class=\"aligncenter wp-image-23885\" src=\"https:\/\/www.au-pays-des-merveilles.com\/blog\/wp-content\/uploads\/2019\/06\/IMG_20180505_163159-1024x1024.jpg\" alt=\"\" width=\"700\" height=\"700\" srcset=\"https:\/\/www.au-pays-des-merveilles.com\/blog\/wp-content\/uploads\/2019\/06\/IMG_20180505_163159-1024x1024.jpg 1024w, https:\/\/www.au-pays-des-merveilles.com\/blog\/wp-content\/uploads\/2019\/06\/IMG_20180505_163159-150x150.jpg 150w, https:\/\/www.au-pays-des-merveilles.com\/blog\/wp-content\/uploads\/2019\/06\/IMG_20180505_163159-300x300.jpg 300w, https:\/\/www.au-pays-des-merveilles.com\/blog\/wp-content\/uploads\/2019\/06\/IMG_20180505_163159-768x768.jpg 768w\" sizes=\"auto, (max-width: 700px) 100vw, 700px\" \/><\/p>\n<p style=\"text-align: justify;\">Pour cette semaine en famille comprenant de nombreux couples, nous avions convenu de loger dans <strong>un g\u00eete<\/strong> situ\u00e9 \u00e0 Saint Hilaire Saint Mesmin. <a rel=\"nofollow noopener noreferrer\" rel=\"nofollow noopener noreferrer\" href=\"https:\/\/www.gites-de-france-loiret.com\/fr\/location\/locations-gites-saint-hilaire-saint-mesmin-gite-le-chatelet-h45g003644\" target=\"_blank\" rel=\"nofollow noopener\">Le Ch\u00e2telet<\/a> est tr\u00e8s bien situ\u00e9 car il est seulement \u00e0 11km d\u2019Orl\u00e9ans. Avec 07 chambres, il y avait donc la possibilit\u00e9 de loger tout le monde et d&rsquo;y avoir son intimit\u00e9. Le top !<\/p>\n<p style=\"text-align: justify;\"><em><strong>Ma note globale : 4,8\/5<\/strong><\/em><\/p>\n<p style=\"text-align: justify;\"><em>Note sur <a rel=\"nofollow noopener noreferrer\" rel=\"nofollow noopener noreferrer\" href=\"https:\/\/www.gites-de-france-loiret.com\/fr\/\" target=\"_blank\" rel=\"nofollow noopener\">Le Loiret<\/a> : 4,7\/5<\/em><\/p>\n<p style=\"text-align: justify;\"><em>Prix de la chambre : \u20ac\u20ac<\/em><\/p>\n<p style=\"text-align: justify;\"><img loading=\"lazy\" decoding=\"async\" class=\"aligncenter wp-image-23884\" src=\"https:\/\/www.au-pays-des-merveilles.com\/blog\/wp-content\/uploads\/2019\/06\/IMG_20180505_170913-1024x512.jpg\" alt=\"\" width=\"700\" height=\"350\" srcset=\"https:\/\/www.au-pays-des-merveilles.com\/blog\/wp-content\/uploads\/2019\/06\/IMG_20180505_170913-1024x512.jpg 1024w, https:\/\/www.au-pays-des-merveilles.com\/blog\/wp-content\/uploads\/2019\/06\/IMG_20180505_170913-300x150.jpg 300w, https:\/\/www.au-pays-des-merveilles.com\/blog\/wp-content\/uploads\/2019\/06\/IMG_20180505_170913-768x384.jpg 768w, https:\/\/www.au-pays-des-merveilles.com\/blog\/wp-content\/uploads\/2019\/06\/IMG_20180505_170913-900x450.jpg 900w, https:\/\/www.au-pays-des-merveilles.com\/blog\/wp-content\/uploads\/2019\/06\/IMG_20180505_170913-600x300.jpg 600w\" sizes=\"auto, (max-width: 700px) 100vw, 700px\" \/><\/p>\n<p style=\"text-align: justify;\">Lorsque nous sommes arriv\u00e9s, nous avons \u00e9t\u00e9 surpris par la surface ext\u00e9rieure autant que l&rsquo;int\u00e9rieur. Les chambres sont spacieuses, joliment d\u00e9cor\u00e9es et le couchage a visiblement plu \u00e0 tout le monde. Il y a une grande cuisine o\u00f9 nous avons d&rsquo;ailleurs mang\u00e9 lorsqu&rsquo;il faisait plus froid, une salle \u00e0 manger spacieuse et un salon avec une t\u00e9l\u00e9vision (Wifi gratuit \u00e9galement). Quant au jardin, juste magnifique. On y a m\u00eame mang\u00e9 dehors \u00e0 plusieurs reprises. C&rsquo;est quand m\u00eame top de profiter du beau temps dans un moment convivial. Si vous \u00eates donc plusieurs \u00e0 vouloir visiter cete belle r\u00e9gion, arr\u00eatez vous ici, c&rsquo;est calme, bien situ\u00e9 et la prestation est g\u00e9niale.<\/p>\n<h2 style=\"text-align: center;\">\u2605\u2605\u2605\u2605\u2605\u2605<\/h2>\n<h2 style=\"text-align: justify;\">\u2605\u2605 Id\u00e9e restaurant\u00a0\u2605\u2605<\/h2>\n<p style=\"text-align: center;\"><a href=\"https:\/\/www.tripadvisor.fr\/LocationPhotoDirectLink-g1201030-d4506942-i152040372-Le_Bistrot_Fertois-La_Ferte_Saint_Cyr_Loire_Valley_Centre_Val_de_Loire.html#152040372\" rel=\"nofollow\"><img loading=\"lazy\" decoding=\"async\" class=\"aligncenter\" src=\"https:\/\/media-cdn.tripadvisor.com\/media\/photo-s\/04\/be\/10\/87\/le-bistrot-fertois.jpg\" alt=\"\" width=\"347\" height=\"526\" \/><\/a><br \/><em>Cette photo de Le Bistrot Fertois est fournie gracieusement par TripAdvisor<\/em><\/p>\n<p style=\"text-align: justify;\">Je ne vais pas vous mentir, en famille c&rsquo;est repas le midi tous ensemble et la m\u00eame le soir. Donc nous n&rsquo;avons pas pu tester de nombreux restos et donc la rubrique ne va pas \u00eatre tr\u00e8s riche. Par contre, nous avons fait une tr\u00e8s jolie d\u00e9couverte sur la route de Chambord. Si vous avez d\u00e9cid\u00e9 d&rsquo;aller visiter le ch\u00e2teau en d\u00e9but d&rsquo;apr\u00e8s midi, arr\u00eatez vous au <a rel=\"nofollow noopener noreferrer\" rel=\"nofollow noopener noreferrer\" href=\"https:\/\/fr-fr.facebook.com\/Le-Bistrot-Fertois-163293383809560\/\" target=\"_blank\" rel=\"nofollow noopener\">Bistrot Fertois<\/a>. Et si c&rsquo;est sur le retour, j&rsquo;ai vu sur leur page Facebook qu&rsquo;ils faisaient aussi des soir\u00e9es \u00e9v\u00e9nementielles.<\/p>\n<p style=\"text-align: justify;\"><strong><em>Ma note gastronomique : 4\/5<\/em><\/strong><\/p>\n<p style=\"text-align: justify;\"><strong><em>Ma note rapport qualit\u00e9\/prix : 4,8\/5<\/em><\/strong><\/p>\n<p style=\"text-align: justify;\">R\u00e9ellement, c&rsquo;est le prix qui nous a attir\u00e9 en premier. Mais \u00e0 la sortie de table, vraiment surpris par la qualit\u00e9 des plats, nous avions vraiment pass\u00e9 un bon moment. Il est tr\u00e8s bien not\u00e9 sur <a rel=\"nofollow noopener noreferrer\" rel=\"nofollow noopener noreferrer\" href=\"https:\/\/www.tripadvisor.fr\/Restaurant_Review-g1201030-d4506942-Reviews-Le_Bistrot_Fertois-La_Ferte_Saint_Cyr_Loire_Valley_Centre_Val_de_Loire.html\" target=\"_blank\" rel=\"nofollow noopener\">Tripadvisor<\/a>, ce fut une belle trouvaille avant d&rsquo;entamer notre visite du ch\u00e2teau de Chambord. Si vous connaissez, n&rsquo;h\u00e9sitez pas \u00e0 me dire ce que vous en avez pens\u00e9 !<\/p>\n<h4 style=\"text-align: justify;\"><em><strong>Le Bistro Fertois<\/strong><\/em> \u2013 02 Faubourg Guyenne &#8211; <span class=\"locality\">41220 LA FERTE SAINT CYR<\/span> \u2013 +33 2 54 81 70 89<\/h4>\n<h2 style=\"text-align: center;\">\u2605\u2605\u2605\u2605\u2605\u2605<\/h2>\n<h2 style=\"text-align: justify;\">\u2605\u2605 Id\u00e9es activit\u00e9s \u2605\u2605<\/h2>\n<p style=\"text-align: justify;\">Les activit\u00e9s sont vraiment nombreuses \u00e0 Orl\u00e9ans et aux alentours. Voici ce que nous avons fait sur une semaine tout en profitant des soir\u00e9es en famille et du soleil de mai. Nous avons eu beaucoup de chance avec les f\u00eates Jeanne d&rsquo;Arc.<\/p>\n<h3 style=\"text-align: justify;\">\u2661 Orl\u00e9ans (45000 \/ 45100)<\/h3>\n<p style=\"text-align: justify;\">Si vous allez \u00e0 Orl\u00e9ans, je vous conseille de passer en premier lieu de passer par l&rsquo;<a rel=\"nofollow noopener noreferrer\" rel=\"nofollow noopener noreferrer\" href=\"https:\/\/www.tourisme-orleansmetropole.com\/\" target=\"_blank\" rel=\"nofollow noopener\">Office du tourisme<\/a>, car la ville propose des animations r\u00e9guli\u00e8res. Ancienne ville royale, cette ville offre une multitude de visites. Entre sa cath\u00e9drale, son centre ville avec ses boutiques et ses festivit\u00e9s, cette ville offre beaucoup d\u2019opportunit\u00e9s. En ce qui me concerne, j&rsquo;y suis all\u00e9e \u00e0 plusieurs reprises pour profiter diff\u00e9remment de la ville.<\/p>\n<p><img loading=\"lazy\" decoding=\"async\" class=\"aligncenter size-full wp-image-23928\" src=\"https:\/\/www.au-pays-des-merveilles.com\/blog\/wp-content\/uploads\/2018\/08\/web-orl\u00e9ans-638x361.jpg\" alt=\"\" width=\"638\" height=\"361\" srcset=\"https:\/\/www.au-pays-des-merveilles.com\/blog\/wp-content\/uploads\/2018\/08\/web-orl\u00e9ans-638x361.jpg 638w, https:\/\/www.au-pays-des-merveilles.com\/blog\/wp-content\/uploads\/2018\/08\/web-orl\u00e9ans-638x361-300x170.jpg 300w, https:\/\/www.au-pays-des-merveilles.com\/blog\/wp-content\/uploads\/2018\/08\/web-orl\u00e9ans-638x361-530x300.jpg 530w\" sizes=\"auto, (max-width: 638px) 100vw, 638px\" \/><\/p>\n<p style=\"text-align: justify;\"><em><strong>Pendant les F\u00eates Jeanne d&rsquo;Arc<\/strong><\/em>, la cit\u00e9 orl\u00e9anaise avait rassembl\u00e9 plusieurs festivit\u00e9s. J&rsquo;ai ador\u00e9 le march\u00e9 m\u00e9di\u00e9val situ\u00e9 place Sainte croix. De nombreux exposants avaient pris place sur cet aire et offraient une multitude de produits. V\u00eatements, accessoires, nourriture (j&rsquo;ai d\u2019ailleurs trouv\u00e9 un miel excellent l\u00e0 bas), et m\u00eame des jeux divers. Avec cela, vous aviez des troupes m\u00e9di\u00e9vales qui chantaient et jouaient divers instruments. Vraiment tr\u00e8s sympa !<\/p>\n<figure id=\"attachment_23721\" aria-describedby=\"caption-attachment-23721\" style=\"width: 700px\" class=\"wp-caption aligncenter\"><img loading=\"lazy\" decoding=\"async\" class=\" wp-image-23721\" src=\"https:\/\/www.au-pays-des-merveilles.com\/blog\/wp-content\/uploads\/2018\/12\/Orl\u00e9ans-01.jpg\" alt=\"\" width=\"700\" height=\"394\" srcset=\"https:\/\/www.au-pays-des-merveilles.com\/blog\/wp-content\/uploads\/2018\/12\/Orl\u00e9ans-01.jpg 5984w, https:\/\/www.au-pays-des-merveilles.com\/blog\/wp-content\/uploads\/2018\/12\/Orl\u00e9ans-01-300x169.jpg 300w, https:\/\/www.au-pays-des-merveilles.com\/blog\/wp-content\/uploads\/2018\/12\/Orl\u00e9ans-01-768x432.jpg 768w, https:\/\/www.au-pays-des-merveilles.com\/blog\/wp-content\/uploads\/2018\/12\/Orl\u00e9ans-01-1024x576.jpg 1024w, https:\/\/www.au-pays-des-merveilles.com\/blog\/wp-content\/uploads\/2018\/12\/Orl\u00e9ans-01-533x300.jpg 533w\" sizes=\"auto, (max-width: 700px) 100vw, 700px\" \/><figcaption id=\"caption-attachment-23721\" class=\"wp-caption-text\">Place \u00e0 Orl\u00e9ans<\/figcaption><\/figure>\n<p style=\"text-align: justify;\"><em><strong>La Cath\u00e9drale Sainte croix<\/strong><\/em> est vraiment un tr\u00e8s bel \u00e9difice. Cela vaut le coup de faire la visite de l\u2019int\u00e9rieur pour y voir ses vitraux restaur\u00e9s et son architecture de type gothique. Et devinez quoi, durant les f\u00eates, une projection de l&rsquo;histoire de Jeanne d&rsquo;arc et d&rsquo;autres cin\u00e9matiques \u00e9taient projet\u00e9es sur sa devanture. On a eu un peu froid, pr\u00e9voyez le plaid si vous le faites \u00e0 la m\u00eame \u00e9poque, mais vraiment \u00e7a valait le coup. Pour le petit truc, <a rel=\"nofollow noopener noreferrer\" rel=\"nofollow noopener noreferrer\" href=\"http:\/\/www.clodelle45autrement.fr\/2017\/05\/son-et-lumiere-gratuit-sur-la-cathedrale-sainte-croix-d-orleans-dates-horaires-et-modifications-de-circulation.html\" target=\"_blank\" rel=\"nofollow noopener\">les projections<\/a> ont lieu encore tout cet <em>\u00e9t\u00e9 2018 et jusqu\u2019au 16 septembre<\/em>, \u00e0 ne pas manquer !<\/p>\n<p><img loading=\"lazy\" decoding=\"async\" class=\"wp-image-23891 aligncenter\" src=\"https:\/\/www.au-pays-des-merveilles.com\/blog\/wp-content\/uploads\/2019\/06\/IMG_20180510_152627-1024x1024.jpg\" alt=\"\" width=\"661\" height=\"661\" srcset=\"https:\/\/www.au-pays-des-merveilles.com\/blog\/wp-content\/uploads\/2019\/06\/IMG_20180510_152627-1024x1024.jpg 1024w, https:\/\/www.au-pays-des-merveilles.com\/blog\/wp-content\/uploads\/2019\/06\/IMG_20180510_152627-150x150.jpg 150w, https:\/\/www.au-pays-des-merveilles.com\/blog\/wp-content\/uploads\/2019\/06\/IMG_20180510_152627-300x300.jpg 300w, https:\/\/www.au-pays-des-merveilles.com\/blog\/wp-content\/uploads\/2019\/06\/IMG_20180510_152627-768x768.jpg 768w\" sizes=\"auto, (max-width: 661px) 100vw, 661px\" \/><\/p>\n<p><img loading=\"lazy\" decoding=\"async\" class=\"wp-image-23894 aligncenter\" src=\"https:\/\/www.au-pays-des-merveilles.com\/blog\/wp-content\/uploads\/2019\/06\/IMG_20180510_225713-512x1024.jpg\" alt=\"\" width=\"427\" height=\"854\" srcset=\"https:\/\/www.au-pays-des-merveilles.com\/blog\/wp-content\/uploads\/2019\/06\/IMG_20180510_225713-512x1024.jpg 512w, https:\/\/www.au-pays-des-merveilles.com\/blog\/wp-content\/uploads\/2019\/06\/IMG_20180510_225713-150x300.jpg 150w, https:\/\/www.au-pays-des-merveilles.com\/blog\/wp-content\/uploads\/2019\/06\/IMG_20180510_225713-768x1536.jpg 768w\" sizes=\"auto, (max-width: 427px) 100vw, 427px\" \/>\u00a0<img loading=\"lazy\" decoding=\"async\" class=\"wp-image-23895 aligncenter\" src=\"https:\/\/www.au-pays-des-merveilles.com\/blog\/wp-content\/uploads\/2019\/06\/IMG_20180511_001514-1024x1024.jpg\" alt=\"\" width=\"700\" height=\"700\" srcset=\"https:\/\/www.au-pays-des-merveilles.com\/blog\/wp-content\/uploads\/2019\/06\/IMG_20180511_001514-1024x1024.jpg 1024w, https:\/\/www.au-pays-des-merveilles.com\/blog\/wp-content\/uploads\/2019\/06\/IMG_20180511_001514-150x150.jpg 150w, https:\/\/www.au-pays-des-merveilles.com\/blog\/wp-content\/uploads\/2019\/06\/IMG_20180511_001514-300x300.jpg 300w, https:\/\/www.au-pays-des-merveilles.com\/blog\/wp-content\/uploads\/2019\/06\/IMG_20180511_001514-768x768.jpg 768w\" sizes=\"auto, (max-width: 700px) 100vw, 700px\" \/><\/p>\n<p style=\"text-align: justify;\"><em><strong>La visite de la ville<\/strong><\/em>, \u00e9tait le moins sympathique en fin de compte. Malgr\u00e9 la carte que nous avions prise \u00e0 l\u2019office du tourisme qui nous permettait de suivre un itin\u00e9raire bien d\u00e9fini en s\u2019arr\u00eatant \u00e0 des points d\u2019int\u00e9r\u00eats, m\u00eame si l&rsquo;id\u00e9e est originale et bien pens\u00e9e, t\u00e9l\u00e9chargez l&rsquo;application \u00e0 la maison et lookez les videos sur votre canap\u00e9 car au final, ce ne sont que des r\u00e9trospectives de ce qu&rsquo;il existait \u00e0 l&rsquo;\u00e9poque \u00e0 l&rsquo;endroit X. Beaucoup de renouveau dans la ville mais une jolie ville quand m\u00eame.<\/p>\n<figure id=\"attachment_23716\" aria-describedby=\"caption-attachment-23716\" style=\"width: 446px\" class=\"wp-caption aligncenter\"><img loading=\"lazy\" decoding=\"async\" class=\" wp-image-23716\" src=\"https:\/\/www.au-pays-des-merveilles.com\/blog\/wp-content\/uploads\/2018\/12\/Orl\u00e9ans-02-e1528488401400.jpg\" alt=\"\" width=\"446\" height=\"793\" srcset=\"https:\/\/www.au-pays-des-merveilles.com\/blog\/wp-content\/uploads\/2018\/12\/Orl\u00e9ans-02-e1528488401400.jpg 3366w, https:\/\/www.au-pays-des-merveilles.com\/blog\/wp-content\/uploads\/2018\/12\/Orl\u00e9ans-02-e1528488401400-169x300.jpg 169w, https:\/\/www.au-pays-des-merveilles.com\/blog\/wp-content\/uploads\/2018\/12\/Orl\u00e9ans-02-e1528488401400-768x1365.jpg 768w, https:\/\/www.au-pays-des-merveilles.com\/blog\/wp-content\/uploads\/2018\/12\/Orl\u00e9ans-02-e1528488401400-576x1024.jpg 576w\" sizes=\"auto, (max-width: 446px) 100vw, 446px\" \/><figcaption id=\"caption-attachment-23716\" class=\"wp-caption-text\">Rue d&rsquo;Orl\u00e9ans<\/figcaption><\/figure>\n<p>\u00a0<\/p>\n<h3 style=\"text-align: justify;\">\u00a0\u2661 Visite du Parc Floral de la Source (45100)<\/h3>\n<p><img loading=\"lazy\" decoding=\"async\" class=\"aligncenter wp-image-23902\" src=\"https:\/\/www.au-pays-des-merveilles.com\/blog\/wp-content\/uploads\/2019\/06\/IMG_0735-1024x683.jpg\" alt=\"\" width=\"701\" height=\"467\" srcset=\"https:\/\/www.au-pays-des-merveilles.com\/blog\/wp-content\/uploads\/2019\/06\/IMG_0735-1024x683.jpg 1024w, https:\/\/www.au-pays-des-merveilles.com\/blog\/wp-content\/uploads\/2019\/06\/IMG_0735-300x200.jpg 300w, https:\/\/www.au-pays-des-merveilles.com\/blog\/wp-content\/uploads\/2019\/06\/IMG_0735-768x512.jpg 768w, https:\/\/www.au-pays-des-merveilles.com\/blog\/wp-content\/uploads\/2019\/06\/IMG_0735-480x320.jpg 480w, https:\/\/www.au-pays-des-merveilles.com\/blog\/wp-content\/uploads\/2019\/06\/IMG_0735-450x300.jpg 450w\" sizes=\"auto, (max-width: 701px) 100vw, 701px\" \/><\/p>\n<p style=\"text-align: justify;\">Alors les amis, c&rsquo;est le parc \u00e0 faire et \u00e0 ne pas manquer surtout ! Passez y la journ\u00e9e, vous y serez bien et vous avez m\u00eame des endroits pour pique niquer. Le parc est superbement bien fleuri.<\/p>\n<p><img loading=\"lazy\" decoding=\"async\" class=\"alignnone wp-image-23898\" src=\"https:\/\/www.au-pays-des-merveilles.com\/blog\/wp-content\/uploads\/2019\/06\/IMG_0680-1024x683.jpg\" alt=\"\" width=\"524\" height=\"349\" srcset=\"https:\/\/www.au-pays-des-merveilles.com\/blog\/wp-content\/uploads\/2019\/06\/IMG_0680-1024x683.jpg 1024w, https:\/\/www.au-pays-des-merveilles.com\/blog\/wp-content\/uploads\/2019\/06\/IMG_0680-300x200.jpg 300w, https:\/\/www.au-pays-des-merveilles.com\/blog\/wp-content\/uploads\/2019\/06\/IMG_0680-768x512.jpg 768w, https:\/\/www.au-pays-des-merveilles.com\/blog\/wp-content\/uploads\/2019\/06\/IMG_0680-480x320.jpg 480w, https:\/\/www.au-pays-des-merveilles.com\/blog\/wp-content\/uploads\/2019\/06\/IMG_0680-450x300.jpg 450w\" sizes=\"auto, (max-width: 524px) 100vw, 524px\" \/>\u00a0<img loading=\"lazy\" decoding=\"async\" class=\"alignnone wp-image-23897\" src=\"https:\/\/www.au-pays-des-merveilles.com\/blog\/wp-content\/uploads\/2019\/06\/IMG_0677-683x1024.jpg\" alt=\"\" width=\"259\" height=\"388\" srcset=\"https:\/\/www.au-pays-des-merveilles.com\/blog\/wp-content\/uploads\/2019\/06\/IMG_0677-683x1024.jpg 683w, https:\/\/www.au-pays-des-merveilles.com\/blog\/wp-content\/uploads\/2019\/06\/IMG_0677-200x300.jpg 200w, https:\/\/www.au-pays-des-merveilles.com\/blog\/wp-content\/uploads\/2019\/06\/IMG_0677-768x1152.jpg 768w\" sizes=\"auto, (max-width: 259px) 100vw, 259px\" \/><\/p>\n<p style=\"text-align: justify;\">Il y a de nombreuses vari\u00e9t\u00e9s d&rsquo;arbres et de fleurs, des animaux avec une petite ferme, un endroit pour accueillir les enfants avec des petits jeux, des cygnes, des canards et des flamants roses, et pour finir, la r\u00e9serve aux papillons. Alors certes cela ne vaut pas le Br\u00e9sil, mais vraiment, la serre vous accueille et vous fait d\u00e9couvrir une multitude d&rsquo;esp\u00e8ces de papillons. Vraiment magniiifaaake &#x2665;&#x2665;<\/p>\n<p><img loading=\"lazy\" decoding=\"async\" class=\"aligncenter wp-image-23901\" src=\"https:\/\/www.au-pays-des-merveilles.com\/blog\/wp-content\/uploads\/2019\/06\/IMG_0727-1024x682.jpg\" alt=\"\" width=\"701\" height=\"467\" srcset=\"https:\/\/www.au-pays-des-merveilles.com\/blog\/wp-content\/uploads\/2019\/06\/IMG_0727-1024x682.jpg 1024w, https:\/\/www.au-pays-des-merveilles.com\/blog\/wp-content\/uploads\/2019\/06\/IMG_0727-300x200.jpg 300w, https:\/\/www.au-pays-des-merveilles.com\/blog\/wp-content\/uploads\/2019\/06\/IMG_0727-768x512.jpg 768w, https:\/\/www.au-pays-des-merveilles.com\/blog\/wp-content\/uploads\/2019\/06\/IMG_0727-480x320.jpg 480w, https:\/\/www.au-pays-des-merveilles.com\/blog\/wp-content\/uploads\/2019\/06\/IMG_0727-450x300.jpg 450w\" sizes=\"auto, (max-width: 701px) 100vw, 701px\" \/><\/p>\n<p><img loading=\"lazy\" decoding=\"async\" class=\"wp-image-23899 aligncenter\" src=\"https:\/\/www.au-pays-des-merveilles.com\/blog\/wp-content\/uploads\/2019\/06\/IMG_0695-683x1024.jpg\" alt=\"\" width=\"450\" height=\"675\" srcset=\"https:\/\/www.au-pays-des-merveilles.com\/blog\/wp-content\/uploads\/2019\/06\/IMG_0695-683x1024.jpg 683w, https:\/\/www.au-pays-des-merveilles.com\/blog\/wp-content\/uploads\/2019\/06\/IMG_0695-200x300.jpg 200w, https:\/\/www.au-pays-des-merveilles.com\/blog\/wp-content\/uploads\/2019\/06\/IMG_0695-768x1152.jpg 768w\" sizes=\"auto, (max-width: 450px) 100vw, 450px\" \/><\/p>\n<h3 style=\"text-align: justify;\">\u2661 Les bords du Loiret \u00e0 Saint Hilaire Saint Mesmin (45160)<\/h3>\n<p style=\"text-align: justify;\">L\u00e0 o\u00f9 nous \u00e9tions h\u00e9berg\u00e9, nous avions un parcours de marche \u00e0 proximit\u00e9 appel\u00e9 la <a rel=\"nofollow noopener noreferrer\" rel=\"nofollow noopener noreferrer\" href=\"https:\/\/www.cirkwi.com\/fr\/circuit\/53037-promenade-des-moulins-du-loiret\" target=\"_blank\" rel=\"nofollow noopener\">promenade des moulins<\/a>. Nous y sommes m\u00eame retourn\u00e9 \u00e0 plusieurs reprises. C&rsquo;est d&rsquo;un calme ! C&rsquo;est paisible et cela permet de se ressourcer et de se retrouver, vraiment ! La promenade vous emm\u00e8ne vers des petits sentiers avec panneaux qui vous explique \u00e0 diff\u00e9rents endroits la vie des moulins du coin et d&rsquo;autres information sur le Loiret. Ce fut vraiment de belles balades bucoliques.<\/p>\n<p style=\"text-align: justify;\"><img loading=\"lazy\" decoding=\"async\" class=\"aligncenter wp-image-23714 \" src=\"https:\/\/www.au-pays-des-merveilles.com\/blog\/wp-content\/uploads\/2018\/12\/Le-Loiret-01-1024x576.jpg\" alt=\"\" width=\"703\" height=\"395\" srcset=\"https:\/\/www.au-pays-des-merveilles.com\/blog\/wp-content\/uploads\/2018\/12\/Le-Loiret-01-1024x576.jpg 1024w, https:\/\/www.au-pays-des-merveilles.com\/blog\/wp-content\/uploads\/2018\/12\/Le-Loiret-01-300x169.jpg 300w, https:\/\/www.au-pays-des-merveilles.com\/blog\/wp-content\/uploads\/2018\/12\/Le-Loiret-01-768x432.jpg 768w, https:\/\/www.au-pays-des-merveilles.com\/blog\/wp-content\/uploads\/2018\/12\/Le-Loiret-01-533x300.jpg 533w\" sizes=\"auto, (max-width: 703px) 100vw, 703px\" \/><\/p>\n<p><img loading=\"lazy\" decoding=\"async\" class=\"aligncenter wp-image-23907\" src=\"https:\/\/www.au-pays-des-merveilles.com\/blog\/wp-content\/uploads\/2019\/06\/IMG_20180507_164152-1024x1024.jpg\" alt=\"\" width=\"700\" height=\"700\" srcset=\"https:\/\/www.au-pays-des-merveilles.com\/blog\/wp-content\/uploads\/2019\/06\/IMG_20180507_164152-1024x1024.jpg 1024w, https:\/\/www.au-pays-des-merveilles.com\/blog\/wp-content\/uploads\/2019\/06\/IMG_20180507_164152-150x150.jpg 150w, https:\/\/www.au-pays-des-merveilles.com\/blog\/wp-content\/uploads\/2019\/06\/IMG_20180507_164152-300x300.jpg 300w, https:\/\/www.au-pays-des-merveilles.com\/blog\/wp-content\/uploads\/2019\/06\/IMG_20180507_164152-768x768.jpg 768w\" sizes=\"auto, (max-width: 700px) 100vw, 700px\" \/><\/p>\n<h3 style=\"text-align: justify;\">\u2661 Visite du Ch\u00e2teau de Chambord (41250)<\/h3>\n<p style=\"text-align: justify;\">Si il y a bien un ch\u00e2teau \u00e0 faire et \u00e0 ne pas manquer, c&rsquo;est bien le <a rel=\"nofollow noopener noreferrer\" rel=\"nofollow noopener noreferrer\" href=\"https:\/\/www.chambord.org\/fr\/\" target=\"_blank\" rel=\"nofollow noopener\">Ch\u00e2teau de Chambord<\/a>. Je l&rsquo;avais visit\u00e9 ado, mais il ne m&rsquo;en restait que de vagues souvenirs.<\/p>\n<p><img loading=\"lazy\" decoding=\"async\" class=\"aligncenter wp-image-23908\" src=\"https:\/\/www.au-pays-des-merveilles.com\/blog\/wp-content\/uploads\/2019\/06\/IMG_20180508_143701-1024x512.jpg\" alt=\"\" width=\"700\" height=\"350\" srcset=\"https:\/\/www.au-pays-des-merveilles.com\/blog\/wp-content\/uploads\/2019\/06\/IMG_20180508_143701-1024x512.jpg 1024w, https:\/\/www.au-pays-des-merveilles.com\/blog\/wp-content\/uploads\/2019\/06\/IMG_20180508_143701-300x150.jpg 300w, https:\/\/www.au-pays-des-merveilles.com\/blog\/wp-content\/uploads\/2019\/06\/IMG_20180508_143701-768x384.jpg 768w, https:\/\/www.au-pays-des-merveilles.com\/blog\/wp-content\/uploads\/2019\/06\/IMG_20180508_143701-900x450.jpg 900w, https:\/\/www.au-pays-des-merveilles.com\/blog\/wp-content\/uploads\/2019\/06\/IMG_20180508_143701-600x300.jpg 600w\" sizes=\"auto, (max-width: 700px) 100vw, 700px\" \/><\/p>\n<p style=\"text-align: justify;\">L&rsquo;architecture, la grandeur, les jardins, les douves&#8230;.. Il y a tellement \u00e0 dire !<\/p>\n<p><img loading=\"lazy\" decoding=\"async\" class=\"aligncenter wp-image-23909\" src=\"https:\/\/www.au-pays-des-merveilles.com\/blog\/wp-content\/uploads\/2019\/06\/IMG_20180508_170138-1024x512.jpg\" alt=\"\" width=\"700\" height=\"350\" srcset=\"https:\/\/www.au-pays-des-merveilles.com\/blog\/wp-content\/uploads\/2019\/06\/IMG_20180508_170138-1024x512.jpg 1024w, https:\/\/www.au-pays-des-merveilles.com\/blog\/wp-content\/uploads\/2019\/06\/IMG_20180508_170138-300x150.jpg 300w, https:\/\/www.au-pays-des-merveilles.com\/blog\/wp-content\/uploads\/2019\/06\/IMG_20180508_170138-768x384.jpg 768w, https:\/\/www.au-pays-des-merveilles.com\/blog\/wp-content\/uploads\/2019\/06\/IMG_20180508_170138-900x450.jpg 900w, https:\/\/www.au-pays-des-merveilles.com\/blog\/wp-content\/uploads\/2019\/06\/IMG_20180508_170138-600x300.jpg 600w\" sizes=\"auto, (max-width: 700px) 100vw, 700px\" \/><\/p>\n<p style=\"text-align: justify;\">Il est situ\u00e9 \u00e0 56kms d\u2019Orl\u00e9ans, donc vous y \u00eates en moins d&rsquo;une heure. Pour la petite histoire, nous avons visit\u00e9 le ch\u00e2teau en famille et avons pris la tablette. Vraiment, elle n&rsquo;est pas utile. Nous avons trouv\u00e9 que finalement elle monopolisait trop l&rsquo;attention et par cons\u00e9quent ne laissait pas le plaisir des yeux et de la lecture. Car c&rsquo;est vrai, \u00e0 part une petite chasse au tr\u00e9sor valable peut \u00eatre pour les plus petits, le reste est d\u00e9j\u00e0 inscrit sur les supports des tableaux, sculptures et mobiliers. Dans tous les cas, l&rsquo;int\u00e9rieur, l&rsquo;ext\u00e9rieur, ce ch\u00e2teau est vraiment un incontournable !<\/p>\n<p><img loading=\"lazy\" decoding=\"async\" class=\"wp-image-23911 aligncenter\" src=\"https:\/\/www.au-pays-des-merveilles.com\/blog\/wp-content\/uploads\/2019\/06\/IMG_0605-683x1024.jpg\" alt=\"\" width=\"453\" height=\"679\" srcset=\"https:\/\/www.au-pays-des-merveilles.com\/blog\/wp-content\/uploads\/2019\/06\/IMG_0605-683x1024.jpg 683w, https:\/\/www.au-pays-des-merveilles.com\/blog\/wp-content\/uploads\/2019\/06\/IMG_0605-200x300.jpg 200w, https:\/\/www.au-pays-des-merveilles.com\/blog\/wp-content\/uploads\/2019\/06\/IMG_0605-768x1152.jpg 768w\" sizes=\"auto, (max-width: 453px) 100vw, 453px\" \/><\/p>\n<p><img loading=\"lazy\" decoding=\"async\" class=\"aligncenter wp-image-23910\" src=\"https:\/\/www.au-pays-des-merveilles.com\/blog\/wp-content\/uploads\/2019\/06\/IMG_0602-1024x575.jpg\" alt=\"\" width=\"702\" height=\"394\" srcset=\"https:\/\/www.au-pays-des-merveilles.com\/blog\/wp-content\/uploads\/2019\/06\/IMG_0602-1024x575.jpg 1024w, https:\/\/www.au-pays-des-merveilles.com\/blog\/wp-content\/uploads\/2019\/06\/IMG_0602-300x168.jpg 300w, https:\/\/www.au-pays-des-merveilles.com\/blog\/wp-content\/uploads\/2019\/06\/IMG_0602-768x431.jpg 768w, https:\/\/www.au-pays-des-merveilles.com\/blog\/wp-content\/uploads\/2019\/06\/IMG_0602-534x300.jpg 534w\" sizes=\"auto, (max-width: 702px) 100vw, 702px\" \/><\/p>\n<p><img loading=\"lazy\" decoding=\"async\" class=\"aligncenter wp-image-23912\" src=\"https:\/\/www.au-pays-des-merveilles.com\/blog\/wp-content\/uploads\/2019\/06\/IMG_0620-1024x683.jpg\" alt=\"\" width=\"701\" height=\"467\" srcset=\"https:\/\/www.au-pays-des-merveilles.com\/blog\/wp-content\/uploads\/2019\/06\/IMG_0620-1024x683.jpg 1024w, https:\/\/www.au-pays-des-merveilles.com\/blog\/wp-content\/uploads\/2019\/06\/IMG_0620-300x200.jpg 300w, https:\/\/www.au-pays-des-merveilles.com\/blog\/wp-content\/uploads\/2019\/06\/IMG_0620-768x512.jpg 768w, https:\/\/www.au-pays-des-merveilles.com\/blog\/wp-content\/uploads\/2019\/06\/IMG_0620-480x320.jpg 480w, https:\/\/www.au-pays-des-merveilles.com\/blog\/wp-content\/uploads\/2019\/06\/IMG_0620-450x300.jpg 450w\" sizes=\"auto, (max-width: 701px) 100vw, 701px\" \/><\/p>\n<p><img loading=\"lazy\" decoding=\"async\" class=\"aligncenter wp-image-23913\" src=\"https:\/\/www.au-pays-des-merveilles.com\/blog\/wp-content\/uploads\/2019\/06\/IMG_0639-1024x683.jpg\" alt=\"\" width=\"701\" height=\"467\" srcset=\"https:\/\/www.au-pays-des-merveilles.com\/blog\/wp-content\/uploads\/2019\/06\/IMG_0639-1024x683.jpg 1024w, https:\/\/www.au-pays-des-merveilles.com\/blog\/wp-content\/uploads\/2019\/06\/IMG_0639-300x200.jpg 300w, https:\/\/www.au-pays-des-merveilles.com\/blog\/wp-content\/uploads\/2019\/06\/IMG_0639-768x512.jpg 768w, https:\/\/www.au-pays-des-merveilles.com\/blog\/wp-content\/uploads\/2019\/06\/IMG_0639-480x320.jpg 480w, https:\/\/www.au-pays-des-merveilles.com\/blog\/wp-content\/uploads\/2019\/06\/IMG_0639-450x300.jpg 450w\" sizes=\"auto, (max-width: 701px) 100vw, 701px\" \/><\/p>\n<h3 style=\"text-align: justify;\">\u2661 Visite du Ch\u00e2teau de Beaugency (45190)<\/h3>\n<p><img loading=\"lazy\" decoding=\"async\" class=\"aligncenter wp-image-23917\" src=\"https:\/\/www.au-pays-des-merveilles.com\/blog\/wp-content\/uploads\/2019\/06\/IMG_20180511_152154-1024x1024.jpg\" alt=\"\" width=\"700\" height=\"700\" srcset=\"https:\/\/www.au-pays-des-merveilles.com\/blog\/wp-content\/uploads\/2019\/06\/IMG_20180511_152154-1024x1024.jpg 1024w, https:\/\/www.au-pays-des-merveilles.com\/blog\/wp-content\/uploads\/2019\/06\/IMG_20180511_152154-150x150.jpg 150w, https:\/\/www.au-pays-des-merveilles.com\/blog\/wp-content\/uploads\/2019\/06\/IMG_20180511_152154-300x300.jpg 300w, https:\/\/www.au-pays-des-merveilles.com\/blog\/wp-content\/uploads\/2019\/06\/IMG_20180511_152154-768x768.jpg 768w\" sizes=\"auto, (max-width: 700px) 100vw, 700px\" \/><\/p>\n<p>Alors que nous cherchions quelle visite nous voulions faire, nous sommes tomb\u00e9s sur un prospectus parlant du Ch\u00e2teau de Beaugency et de sa ville. Nous sommes donc parti sur Beaugency qui est situ\u00e9 \u00e0 une demi heure d\u2019Orl\u00e9ans pour une trentaine de kilom\u00e8tres. La visite \u00e9tait tr\u00e8s sympa car vraiment atypique. Surtout avec la pr\u00e9sentation des armures d&rsquo;\u00e9poque et du four \u00e0 pain encore en fonction de temps en temps pour des festivit\u00e9s locales. Quand vous montez en haut du ch\u00e2teau vous avez une vue sur la ville et la Loire, c\u2019est vraiment joli.<\/p>\n<p><img loading=\"lazy\" decoding=\"async\" class=\"aligncenter wp-image-23916\" src=\"https:\/\/www.au-pays-des-merveilles.com\/blog\/wp-content\/uploads\/2019\/06\/IMG_0792-683x1024.jpg\" alt=\"\" width=\"516\" height=\"774\" srcset=\"https:\/\/www.au-pays-des-merveilles.com\/blog\/wp-content\/uploads\/2019\/06\/IMG_0792-683x1024.jpg 683w, https:\/\/www.au-pays-des-merveilles.com\/blog\/wp-content\/uploads\/2019\/06\/IMG_0792-200x300.jpg 200w, https:\/\/www.au-pays-des-merveilles.com\/blog\/wp-content\/uploads\/2019\/06\/IMG_0792-768x1152.jpg 768w\" sizes=\"auto, (max-width: 516px) 100vw, 516px\" \/><\/p>\n<p><img loading=\"lazy\" decoding=\"async\" class=\"aligncenter wp-image-23918\" src=\"https:\/\/www.au-pays-des-merveilles.com\/blog\/wp-content\/uploads\/2019\/06\/IMG_20180511_155234-1024x512.jpg\" alt=\"\" width=\"700\" height=\"350\" srcset=\"https:\/\/www.au-pays-des-merveilles.com\/blog\/wp-content\/uploads\/2019\/06\/IMG_20180511_155234-1024x512.jpg 1024w, https:\/\/www.au-pays-des-merveilles.com\/blog\/wp-content\/uploads\/2019\/06\/IMG_20180511_155234-300x150.jpg 300w, https:\/\/www.au-pays-des-merveilles.com\/blog\/wp-content\/uploads\/2019\/06\/IMG_20180511_155234-768x384.jpg 768w, https:\/\/www.au-pays-des-merveilles.com\/blog\/wp-content\/uploads\/2019\/06\/IMG_20180511_155234-900x450.jpg 900w, https:\/\/www.au-pays-des-merveilles.com\/blog\/wp-content\/uploads\/2019\/06\/IMG_20180511_155234-600x300.jpg 600w\" sizes=\"auto, (max-width: 700px) 100vw, 700px\" \/><\/p>\n<p><img loading=\"lazy\" decoding=\"async\" class=\"aligncenter wp-image-23919\" src=\"https:\/\/www.au-pays-des-merveilles.com\/blog\/wp-content\/uploads\/2019\/06\/IMG_20180511_160627-1024x512.jpg\" alt=\"\" width=\"700\" height=\"350\" srcset=\"https:\/\/www.au-pays-des-merveilles.com\/blog\/wp-content\/uploads\/2019\/06\/IMG_20180511_160627-1024x512.jpg 1024w, https:\/\/www.au-pays-des-merveilles.com\/blog\/wp-content\/uploads\/2019\/06\/IMG_20180511_160627-300x150.jpg 300w, https:\/\/www.au-pays-des-merveilles.com\/blog\/wp-content\/uploads\/2019\/06\/IMG_20180511_160627-768x384.jpg 768w, https:\/\/www.au-pays-des-merveilles.com\/blog\/wp-content\/uploads\/2019\/06\/IMG_20180511_160627-900x450.jpg 900w, https:\/\/www.au-pays-des-merveilles.com\/blog\/wp-content\/uploads\/2019\/06\/IMG_20180511_160627-600x300.jpg 600w\" sizes=\"auto, (max-width: 700px) 100vw, 700px\" \/><\/p>\n<p style=\"text-align: justify;\">Voil\u00e0 pour cette douce parenth\u00e8se au pays orl\u00e9anais. Je suis s\u00fbre que nous n&rsquo;avons pas d\u00e9couvert la moiti\u00e9 du quart des lieux \u00e0 visiter et \u00e0 voir. Ce sera une belle excuse pour y retourner ! Vous connaissez cette r\u00e9gion ? vous y habitez peut \u00eatre ? Si vous avez des suggestions de visites et d&rsquo;endroits \u00e0 d\u00e9couvrir, ce serait chouette de les partager dans les commentaires pour une prochaine fois ! Belles vacances !<\/p>\n<p><img loading=\"lazy\" decoding=\"async\" class=\"aligncenter wp-image-23920\" src=\"https:\/\/www.au-pays-des-merveilles.com\/blog\/wp-content\/uploads\/2019\/06\/IMG_20180511_162937-1024x512.jpg\" alt=\"\" width=\"700\" height=\"350\" srcset=\"https:\/\/www.au-pays-des-merveilles.com\/blog\/wp-content\/uploads\/2019\/06\/IMG_20180511_162937-1024x512.jpg 1024w, https:\/\/www.au-pays-des-merveilles.com\/blog\/wp-content\/uploads\/2019\/06\/IMG_20180511_162937-300x150.jpg 300w, https:\/\/www.au-pays-des-merveilles.com\/blog\/wp-content\/uploads\/2019\/06\/IMG_20180511_162937-768x384.jpg 768w, https:\/\/www.au-pays-des-merveilles.com\/blog\/wp-content\/uploads\/2019\/06\/IMG_20180511_162937-900x450.jpg 900w, https:\/\/www.au-pays-des-merveilles.com\/blog\/wp-content\/uploads\/2019\/06\/IMG_20180511_162937-600x300.jpg 600w\" sizes=\"auto, (max-width: 700px) 100vw, 700px\" \/><\/p>\n<p style=\"text-align: justify;\">\u00a0<\/p>","protected":false},"excerpt":{"rendered":"<p>Edit Coordonn\u00e9es GPS de Orl\u00e9ans : 47\u00b0\u00a054\u2032\u00a009\u2033 Nord, 1\u00b0\u00a054\u2032\u00a032\u2033 Est Avec les week-end \u00e0 rallonge que nous pouvions avoir au mois de mai, nous nous sommes organis\u00e9s avec mon homme et sa famille, pour partir visiter Orl\u00e9ans et ses alentours. Je me suis rappel\u00e9e que j&rsquo;avais d\u00e9j\u00e0 visit\u00e9 cette ville quand j&rsquo;\u00e9tais plus petite, mais<\/p>\n","protected":false},"author":1,"featured_media":23927,"comment_status":"open","ping_status":"open","sticky":false,"template":"","format":"standard","meta":{"footnotes":""},"categories":[1704],"tags":[1711,1481,1429],"class_list":["post-23737","post","type-post","status-publish","format-standard","has-post-thumbnail","hentry","category-restaurant-pub-bonnesadresses-visites","tag-carnet-de-balades","tag-orleans","tag-voyage"],"_links":{"self":[{"href":"https:\/\/www.au-pays-des-merveilles.com\/blog\/wp-json\/wp\/v2\/posts\/23737","targetHints":{"allow":["GET"]}}],"collection":[{"href":"https:\/\/www.au-pays-des-merveilles.com\/blog\/wp-json\/wp\/v2\/posts"}],"about":[{"href":"https:\/\/www.au-pays-des-merveilles.com\/blog\/wp-json\/wp\/v2\/types\/post"}],"author":[{"embeddable":true,"href":"https:\/\/www.au-pays-des-merveilles.com\/blog\/wp-json\/wp\/v2\/users\/1"}],"replies":[{"embeddable":true,"href":"https:\/\/www.au-pays-des-merveilles.com\/blog\/wp-json\/wp\/v2\/comments?post=23737"}],"version-history":[{"count":0,"href":"https:\/\/www.au-pays-des-merveilles.com\/blog\/wp-json\/wp\/v2\/posts\/23737\/revisions"}],"wp:featuredmedia":[{"embeddable":true,"href":"https:\/\/www.au-pays-des-merveilles.com\/blog\/wp-json\/wp\/v2\/media\/23927"}],"wp:attachment":[{"href":"https:\/\/www.au-pays-des-merveilles.com\/blog\/wp-json\/wp\/v2\/media?parent=23737"}],"wp:term":[{"taxonomy":"category","embeddable":true,"href":"https:\/\/www.au-pays-des-merveilles.com\/blog\/wp-json\/wp\/v2\/categories?post=23737"},{"taxonomy":"post_tag","embeddable":true,"href":"https:\/\/www.au-pays-des-merveilles.com\/blog\/wp-json\/wp\/v2\/tags?post=23737"}],"curies":[{"name":"wp","href":"https:\/\/api.w.org\/{rel}","templated":true}]}}