{"id":27268,"date":"2018-12-09T21:13:29","date_gmt":"2018-12-09T19:13:29","guid":{"rendered":"http:\/\/www.au-pays-des-merveilles.com\/blog\/?p=27268"},"modified":"2019-03-22T17:16:47","modified_gmt":"2019-03-22T15:16:47","slug":"%e2%99%a1-les-liens-du-week-end-%e2%99%a1-98","status":"publish","type":"post","link":"https:\/\/www.au-pays-des-merveilles.com\/blog\/2018\/12\/09\/%e2%99%a1-les-liens-du-week-end-%e2%99%a1-98\/","title":{"rendered":"\u2661 LES LIENS DU WEEK-END \u2661 #98"},"content":{"rendered":"\n<p style=\"text-align:right\"><em>Photo by&nbsp;<\/em><a href=\"https:\/\/unsplash.com\/photos\/cAkkwenx5zo?utm_source=unsplash&amp;utm_medium=referral&amp;utm_content=creditCopyText\"><em>Tyler Delgado<\/em><\/a><em>&nbsp;on&nbsp;<\/em><a href=\"https:\/\/unsplash.com\/search\/photos\/christmas?utm_source=unsplash&amp;utm_medium=referral&amp;utm_content=creditCopyText\" class=\"broken_link\"><em>Unsplash<\/em><\/a><\/p>\n\n\n\n<p>Pas facile dans le contexte fran\u00e7ais actuel de parler de choses \u00ab\u00a0futiles\u00a0\u00bb mais on ne va pas se laisser aller pour autant et j&rsquo;ai un caract\u00e8re plut\u00f4t optimiste alors j&rsquo;y crois encore &#8230; <em>\u00e0 la mani\u00e8re de C\u00e9line ! (comprenne qui pourra).&nbsp;<\/em>Pour en rajouter une couche, mon site \u00e9tait down ces derniers jours donc j&rsquo;essaie de rattraper le temps perdu parce que j&rsquo;ai beaucoup de choses \u00e0 vous dire ! On commence par des id\u00e9es cadeaux pour Nono !&nbsp;<\/p>\n\n\n\n<p>&#x2665;&nbsp;<strong>SHOES :&nbsp;<\/strong>vous n&rsquo;\u00eates pas sans savoir que j&rsquo;ai d\u00e9m\u00e9nag\u00e9 en Normandie et qui dit Normandie, dit temp\u00e9ratures plus froides ! Parait il que cette semaine, on va ramasser ! Super Michel ! Du coup, je cherche des <strong>boots fourr\u00e9es<\/strong> pour avoir bien chaud aux pieds, mais pas des Ugg qui, faut bien l&rsquo;avouer sont pas jojo et surtout s&rsquo;abiment vite s&rsquo;il pleut ou s&rsquo;il neige &#8230; mais plut\u00f4t des chaussures en cuir, chaudes et qui r\u00e9sistent bien aux intemp\u00e9ries.&nbsp; Je pense avoir trouv\u00e9 mon bonheur sur <a rel=\"nofollow\" href=\"https:\/\/www.spartoo.com\">Spartoo<\/a> avec le mod\u00e8le <a href=\"https:\/\/www.spartoo.com\/PLDM-by-Palladium-COVENTRY-CML-x3863467.php\">Coventry CML de PLDM by Palladium<\/a>. Vu les commentaires des gens sur le site, je pense que je fais le bon choix ! Vous en pensez quoi ?&nbsp;<\/p>\n\n\n\n\n\n<p>&#x2665;&nbsp;<strong>BEAUTE : <\/strong>je suis une fan des massages et notamment ceux r\u00e9alis\u00e9s avec les produits de <a rel=\"nofollow\" href=\"http:\/\/www.lasultanedesaba.com\/\">la Sultane de Saba.<\/a> Mon indispensable est la brume parfum\u00e9e a\u00e9rienne et rafraichissante \u00ab\u00a0Voyage sur la route d&rsquo;Uda\u00efpur\u00a0\u00bb. J&rsquo;en mets sur moi mais aussi sur les draps, j&rsquo;adore cette odeur.&nbsp;<\/p>\n\n\n\n\n\n<p>Pour No\u00ebl en plus, la marque a sorti des coffrets avec une brume, une huile corporelle et un gommage au sucre aux senteurs d&rsquo;\u00e9corces pr\u00e9cieuses de musc et d\u2019encens dans ses notes de t\u00eate et des accents de gingembre, de bois de santal et d\u2019h\u00e9liotrope dans ses notes de c\u0153ur et de fonds pour l<strong>e Voyage sur la route d&rsquo;Uda\u00efpur <\/strong>et&nbsp;aux notes captivantes d\u2019ambre et de vanille, qui se m\u00ealent aux veloutes \u00e9pic\u00e9es du patchouli pour le parfum <strong>Voyage sur la route des \u00e9pices.<\/strong> Un d\u00e9lice. Pour info, les coffrets sont au prix de 44 euros environ, une parfaite id\u00e9e cadeau pour les nanas !<\/p>\n\n\n\n\n\n<p>&#x2665;&nbsp;<strong>BEAUTE HOMME<\/strong>&nbsp;: pour 72% de la population masculine, il n&rsquo;est pas facile de prendre soin de sa peau. Pourtant avec le rasage quotidien ou m\u00eame l&rsquo;entretien de sa barbe, les hommes ont besoin d&rsquo;hydratation. C&rsquo;est dans cette optique que la marque de cosm\u00e9tiques naturels <a rel=\"nofollow\" href=\"https:\/\/www.everbiocosmetics.fr\/\">Ever Bio Cosmetics<\/a> a imagin\u00e9 un tout-en-un aux ingr\u00e9dients pr\u00e9cieux pour combler les hommes gr\u00e2ce \u00e0 sa simplicit\u00e9 et son rayon d&rsquo;action : <a rel=\"nofollow\" href=\"https:\/\/www.everbiocosmetics.fr\/ser-homm-sublimissime-for-him-f416222.html\">Sublimissime for Him<\/a>.&nbsp;Voil\u00e0 une excellente id\u00e9e cadeau de No\u00ebl pour aider les hommes \u00e0 instaurer leur propre rituel de soin de peau !<\/p>\n\n\n\n\n\n\n\n<p><br \/>Et pour vous convaincre, voici le ressenti de mon homme qui a test\u00e9 cette huile soin du visage \u00ab\u00a0Ser&rsquo;Homm\u00a0\u00bb : \u00ab\u00a0Je vais aller droit au but. J&rsquo;utilise r\u00e9guli\u00e8rement des cr\u00e8mes pour ma peau car, en plus avec des eaux qui sont parfois tr\u00e8s calcaires, celle-ci me tire beaucoup. En revanche, c&rsquo;est la premi\u00e8re fois que j&rsquo;utilise un soin pour homme \u00e0 base d&rsquo;huiles essentielles du style s\u00e9rum. Appliqu\u00e9e matin et soir avant ma cr\u00e8me, j&rsquo;ai \u00e9t\u00e9 surpris de l&rsquo;effet positif que cela a apport\u00e9 \u00e0 ma peau surtout que celle-ci est tr\u00e8s sensible. En plus de son parfum l\u00e9ger, elle est tr\u00e8s facile \u00e0 appliquer. Finalement, et surtout avec ce froid, ce soin du visage m&rsquo;a r\u00e9duit quelques rougeurs et m&rsquo;a \u00e9vit\u00e9 les agressions ext\u00e9rieures. Je vais d&rsquo;ailleurs m&rsquo;en procurer un nouveau.\u00a0\u00bb Si avec \u00e7a, les messieurs ne sont pas s\u00e9duits alors je ne sais que dire ! Haha !&nbsp;<\/p>\n\n\n\n<p>&#x2665; <strong>SOINS<\/strong> : je ne sais pas si vous vous souvenez mais je vous avais parl\u00e9 cet \u00e9t\u00e9 des dentifrices aux go\u00fbts originaux&nbsp;<strong><a rel=\"nofollow\" href=\"https:\/\/www.curaprox.com\/fr-fr\">Curaprox<\/a><\/strong>&nbsp;. Cette fois-ci, et c&rsquo;est impeccable si vous voyagez, je vous parle des brosses \u00e0 dents aux couleurs qui p\u00e8tent : l&rsquo;\u00e9dition limit\u00e9e \u00ab&nbsp;Pop Art&nbsp;\u00bb va \u00e9gayer votre salle de bain&nbsp;!<\/p>\n\n\n\n\n\n\n\n<p>Cette nouvelle brosse \u00e0 dents rappelle l&rsquo;esprit et l&rsquo;attention particuli\u00e8re que la marque d&rsquo;hygi\u00e8ne bucco-dentaire porte aux gencives chaque jour. Ce que j&rsquo;aime c&rsquo;est qu&rsquo;elle est tr\u00e8s fournie, gr\u00e2ce \u00e0 ses 5460 brins (les brosses \u00e0 dents habituellement disponibles sur le march\u00e9 n&rsquo;en&nbsp;disposent environ que de 800),&nbsp;en Curen\u00ae, une fibre brevet\u00e9e qui ne retient pas l&rsquo;eau, mais \u00e9galement d&rsquo;une douceur in\u00e9gal\u00e9e &#8230; et pourtant d&rsquo;une duret\u00e9 impitoyable contre la plaque dentaire&nbsp;! Je l&#8217;emporte dans ma trousse de toilette pour le prochain WE.<\/p>\n\n\n\n<p><em>\u00ab&nbsp;Pop Art&nbsp;\u00bb, \u00e9dition limit\u00e9e&nbsp;des brosses \u00e0 dents CURAPROX CS5460. Vendues par deux (12.20&nbsp;\u20ac). Elles sont en vente dans les pharmacies&nbsp;et sur&nbsp;<\/em><a rel=\"noreferrer noopener\" href=\"https:\/\/shop.curaprox.fr\/\" target=\"_blank\"><em>l&rsquo;e-shop<\/em><\/a><em>.<\/em><\/p>\n\n\n\n<p>&#x2665;&nbsp;<strong>CINEMA<\/strong> : pour se divertir un peu et si vous ne les avez pas encore vu, je vous conseille d&rsquo;aller voir &#8230;<\/p>\n\n\n\n<div class=\"wp-block-image\"><figure class=\"alignleft is-resized\"><img loading=\"lazy\" decoding=\"async\" src=\"https:\/\/www.au-pays-des-merveilles.com\/blog\/wp-content\/uploads\/2018\/11\/astarisborn.jpg\" alt=\"\" class=\"wp-image-27273\" width=\"342\" height=\"456\" srcset=\"https:\/\/www.au-pays-des-merveilles.com\/blog\/wp-content\/uploads\/2018\/11\/astarisborn.jpg 1200w, https:\/\/www.au-pays-des-merveilles.com\/blog\/wp-content\/uploads\/2018\/11\/astarisborn-225x300.jpg 225w, https:\/\/www.au-pays-des-merveilles.com\/blog\/wp-content\/uploads\/2018\/11\/astarisborn-768x1024.jpg 768w\" sizes=\"auto, (max-width: 342px) 100vw, 342px\" \/><\/figure><\/div>\n\n\n\n<p><strong>\u00ab A Star is Born<\/strong> \u00bb &nbsp;<em>avec Lady Gaga,                            Bradley Cooper et                            Sam Elliott.<\/em><\/p>\n\n\n\n<p><em>Genre : Drame et Romance \u2013 Note de la presse : 3,3\/5 \u2013 Ma note : 3,8\/5<\/em><\/p>\n\n\n\n<p style=\"text-align:left\"><em>Synopsis : Star de country un peu oubli\u00e9e, Jackson Maine d\u00e9couvre Ally, une jeune chanteuse tr\u00e8s prometteuse. Tandis qu&rsquo;ils tombent follement amoureux l&rsquo;un de l&rsquo;autre, Jack propulse Ally sur le devant de la sc\u00e8ne et fait d&rsquo;elle une artiste adul\u00e9e par le public. Bient\u00f4t \u00e9clips\u00e9 par le succ\u00e8s de la jeune femme, il vit de plus en plus de mal son propre d\u00e9clin\u2026<\/em><\/p>\n\n\n\n<p>C&rsquo;est THE film \u00e0 aller voir ! Tout le monde en parle ! En voyant la bande annonce, je me suis dit qu&rsquo;il serait surement int\u00e9ressant surtout avec Lady Gaga en guest star qui n&rsquo;h\u00e9site pas \u00e0 se d\u00e9voiler physiquement. Ce fut une belle surprise ! Bradley Cooper est juste \u00ab\u00a0Wahou !\u00a0\u00bb En plus d&rsquo;\u00eatre beau gosse, c&rsquo;est un tr\u00e8s bon r\u00e9alisateur. Il aura mis quatre ans \u00e0 construire et faire le film. Une r\u00e9ussite ! Avec mon amoureux, nous avons beaucoup aim\u00e9 ce film, m\u00eame si parfois, certaines sc\u00e8nes \u00e9taient un peu longuettes. La cerise c&rsquo;est la BOF et surtout la chanson qui tourne sur toutes les radios en ce moment &#8230; bref, n&rsquo;h\u00e9sitez pas \u00e0 aller le voir.<br \/><br \/><\/p>\n\n\n\n<div class=\"wp-block-image\"><figure class=\"alignright is-resized\"><img loading=\"lazy\" decoding=\"async\" src=\"https:\/\/www.au-pays-des-merveilles.com\/blog\/wp-content\/uploads\/2018\/11\/lejeu.jpg\" alt=\"\" class=\"wp-image-27274\" width=\"363\" height=\"492\" srcset=\"https:\/\/www.au-pays-des-merveilles.com\/blog\/wp-content\/uploads\/2018\/11\/lejeu.jpg 795w, https:\/\/www.au-pays-des-merveilles.com\/blog\/wp-content\/uploads\/2018\/11\/lejeu-221x300.jpg 221w, https:\/\/www.au-pays-des-merveilles.com\/blog\/wp-content\/uploads\/2018\/11\/lejeu-768x1043.jpg 768w, https:\/\/www.au-pays-des-merveilles.com\/blog\/wp-content\/uploads\/2018\/11\/lejeu-754x1024.jpg 754w\" sizes=\"auto, (max-width: 363px) 100vw, 363px\" \/><\/figure><\/div>\n\n\n\n<p><strong>\u00ab Le Jeu<\/strong> \u00bb &nbsp;<em> avec B\u00e9r\u00e9nice Bejo,                            Suzanne Cl\u00e9ment et                            St\u00e9phane De Grood.<\/em><\/p>\n\n\n\n<p><em>Genre : Com\u00e9die dramatique \u2013 Note de la presse : 3,4\/5 \u2013 Ma note : 3,5\/5<\/em><\/p>\n\n\n\n<p style=\"text-align:left\"><em>Synopsis : Le temps d\u2019un diner, des couples d\u2019amis d\u00e9cident de jouer \u00e0 un \u00ab jeu \u00bb : chacun doit poser son t\u00e9l\u00e9phone portable au milieu de la table et chaque SMS, appel t\u00e9l\u00e9phonique, mail, message Facebook, etc. devra \u00eatre partag\u00e9 avec les autres. Il ne faudra pas attendre bien longtemps pour que ce \u00ab jeu \u00bb se transforme en cauchemar.<\/em><\/p>\n\n\n\n<p>Une bonne partie de rigolade ! L&rsquo;id\u00e9e est bien construite autour du jeu du portable et on s&rsquo;attend forcement \u00e0 ce que cela parte en sucette. Vu que c&rsquo;est le cas, on passe un bon moment \u00e0 d\u00e9couvrir les supercheries de chacun et rire des blagues faites aux autres. Une bonne trouvaille qui fait \u00e9galement r\u00e9fl\u00e9chir sur les relations de couple. La confiance et la communication sont les mots \u00e0 retenir !&nbsp;<br \/><\/p>\n\n\n\n<p>Voil\u00e0 pour ce week-end, j&rsquo;esp\u00e8re que tout va bien de votre c\u00f4t\u00e9. Je reviens tr\u00e8s vite avec de nouveaux articles &#8230; Bonne fin de WE !&nbsp;<\/p>\n","protected":false},"excerpt":{"rendered":"<p>Photo by&nbsp;Tyler Delgado&nbsp;on&nbsp;Unsplash Pas facile dans le contexte fran\u00e7ais actuel de parler de choses \u00ab\u00a0futiles\u00a0\u00bb mais on ne va pas se laisser aller pour autant et j&rsquo;ai un caract\u00e8re plut\u00f4t optimiste alors j&rsquo;y crois encore &#8230; \u00e0 la mani\u00e8re de C\u00e9line ! (comprenne qui pourra).&nbsp;Pour en rajouter une couche, mon site \u00e9tait down ces derniers<\/p>\n","protected":false},"author":1,"featured_media":27426,"comment_status":"open","ping_status":"open","sticky":false,"template":"","format":"standard","meta":{"footnotes":""},"categories":[236],"tags":[70,1813,1865,1596,912,237,930,56],"class_list":["post-27268","post","type-post","status-publish","format-standard","has-post-thumbnail","hentry","category-les-liens-du-week-end","tag-cinema","tag-curaprox","tag-ever-bio-cosmetics","tag-la-sultane-de-saba","tag-lady-gaga","tag-liens","tag-spartoo","tag-week-end"],"_links":{"self":[{"href":"https:\/\/www.au-pays-des-merveilles.com\/blog\/wp-json\/wp\/v2\/posts\/27268","targetHints":{"allow":["GET"]}}],"collection":[{"href":"https:\/\/www.au-pays-des-merveilles.com\/blog\/wp-json\/wp\/v2\/posts"}],"about":[{"href":"https:\/\/www.au-pays-des-merveilles.com\/blog\/wp-json\/wp\/v2\/types\/post"}],"author":[{"embeddable":true,"href":"https:\/\/www.au-pays-des-merveilles.com\/blog\/wp-json\/wp\/v2\/users\/1"}],"replies":[{"embeddable":true,"href":"https:\/\/www.au-pays-des-merveilles.com\/blog\/wp-json\/wp\/v2\/comments?post=27268"}],"version-history":[{"count":0,"href":"https:\/\/www.au-pays-des-merveilles.com\/blog\/wp-json\/wp\/v2\/posts\/27268\/revisions"}],"wp:featuredmedia":[{"embeddable":true,"href":"https:\/\/www.au-pays-des-merveilles.com\/blog\/wp-json\/wp\/v2\/media\/27426"}],"wp:attachment":[{"href":"https:\/\/www.au-pays-des-merveilles.com\/blog\/wp-json\/wp\/v2\/media?parent=27268"}],"wp:term":[{"taxonomy":"category","embeddable":true,"href":"https:\/\/www.au-pays-des-merveilles.com\/blog\/wp-json\/wp\/v2\/categories?post=27268"},{"taxonomy":"post_tag","embeddable":true,"href":"https:\/\/www.au-pays-des-merveilles.com\/blog\/wp-json\/wp\/v2\/tags?post=27268"}],"curies":[{"name":"wp","href":"https:\/\/api.w.org\/{rel}","templated":true}]}}