{"id":27285,"date":"2018-11-25T13:07:18","date_gmt":"2018-11-25T11:07:18","guid":{"rendered":"http:\/\/www.au-pays-des-merveilles.com\/blog\/?p=27285"},"modified":"2019-06-23T15:28:56","modified_gmt":"2019-06-23T13:28:56","slug":"le-shopping-gourmand-de-noel-au-comptoir-de-mathilde","status":"publish","type":"post","link":"https:\/\/www.au-pays-des-merveilles.com\/blog\/2018\/11\/25\/le-shopping-gourmand-de-noel-au-comptoir-de-mathilde\/","title":{"rendered":"Le shopping gourmand de No\u00ebl au Comptoir de Mathilde"},"content":{"rendered":"\n<p>Vous prendrez bien un petit chocolat ? Un r\u00e9gal ces gourmandises chocolat\u00e9es du Comptoir de Mathilde &#8230; autant pour les yeux que pour le bidou ! ^.^<\/p>\n\n\n\n<figure class=\"wp-block-image\"><img loading=\"lazy\" decoding=\"async\" width=\"1024\" height=\"683\" src=\"https:\/\/www.au-pays-des-merveilles.com\/blog\/wp-content\/uploads\/2018\/11\/IMG_0915-1024x683.jpg\" alt=\"\" class=\"wp-image-27288\" srcset=\"https:\/\/www.au-pays-des-merveilles.com\/blog\/wp-content\/uploads\/2018\/11\/IMG_0915-1024x683.jpg 1024w, https:\/\/www.au-pays-des-merveilles.com\/blog\/wp-content\/uploads\/2018\/11\/IMG_0915-300x200.jpg 300w, https:\/\/www.au-pays-des-merveilles.com\/blog\/wp-content\/uploads\/2018\/11\/IMG_0915-768x512.jpg 768w, https:\/\/www.au-pays-des-merveilles.com\/blog\/wp-content\/uploads\/2018\/11\/IMG_0915-480x320.jpg 480w, https:\/\/www.au-pays-des-merveilles.com\/blog\/wp-content\/uploads\/2018\/11\/IMG_0915-450x300.jpg 450w\" sizes=\"auto, (max-width: 1024px) 100vw, 1024px\" \/><\/figure>\n\n\n\n<p>J&rsquo;adore cette p\u00e9riode festive &#8230;\u00a0Un d\u00e9licieux chocolat chaud d\u00e9gust\u00e9 au coin du feu,\u00a0entre amis, en famille ou avec mon amoureux.<br \/><\/p>\n\n\n\n<div class=\"wp-block-image\"><figure class=\"aligncenter\"><img loading=\"lazy\" decoding=\"async\" width=\"1024\" height=\"683\" src=\"https:\/\/www.au-pays-des-merveilles.com\/blog\/wp-content\/uploads\/2018\/11\/IMG_0954-1024x683.jpg\" alt=\"\" class=\"wp-image-27290\" srcset=\"https:\/\/www.au-pays-des-merveilles.com\/blog\/wp-content\/uploads\/2018\/11\/IMG_0954-1024x683.jpg 1024w, https:\/\/www.au-pays-des-merveilles.com\/blog\/wp-content\/uploads\/2018\/11\/IMG_0954-300x200.jpg 300w, https:\/\/www.au-pays-des-merveilles.com\/blog\/wp-content\/uploads\/2018\/11\/IMG_0954-768x512.jpg 768w, https:\/\/www.au-pays-des-merveilles.com\/blog\/wp-content\/uploads\/2018\/11\/IMG_0954-480x320.jpg 480w, https:\/\/www.au-pays-des-merveilles.com\/blog\/wp-content\/uploads\/2018\/11\/IMG_0954-450x300.jpg 450w\" sizes=\"auto, (max-width: 1024px) 100vw, 1024px\" \/><\/figure><\/div>\n\n\n\n<p>Avec le coffret Hot Chocolate, on plonge le chocolat dans un mug de lait chaud, on remue et on d\u00e9guste.\u00a0<\/p>\n\n\n\n<p>Je commence \u00e0 penser \u00e0 ma d\u00e9coration de table avec les sucettes gourmandes au chocolat &#8230;<\/p>\n\n\n\n<div class=\"wp-block-image\"><figure class=\"aligncenter is-resized\"><img loading=\"lazy\" decoding=\"async\" src=\"https:\/\/www.au-pays-des-merveilles.com\/blog\/wp-content\/uploads\/2018\/11\/IMG_0945-683x1024.jpg\" alt=\"\" class=\"wp-image-27292\" width=\"359\" height=\"538\" srcset=\"https:\/\/www.au-pays-des-merveilles.com\/blog\/wp-content\/uploads\/2018\/11\/IMG_0945-683x1024.jpg 683w, https:\/\/www.au-pays-des-merveilles.com\/blog\/wp-content\/uploads\/2018\/11\/IMG_0945-200x300.jpg 200w, https:\/\/www.au-pays-des-merveilles.com\/blog\/wp-content\/uploads\/2018\/11\/IMG_0945-768x1152.jpg 768w\" sizes=\"auto, (max-width: 359px) 100vw, 359px\" \/><\/figure><\/div>\n\n\n\n<p>&#8230; ou les carr\u00e9s choco No\u00ebl trop mignons et les tablettes de chocolat joliment d\u00e9cor\u00e9es et rigolotes &#8230;<\/p>\n\n\n\n<figure class=\"wp-block-image\"><img loading=\"lazy\" decoding=\"async\" width=\"1024\" height=\"683\" src=\"https:\/\/www.au-pays-des-merveilles.com\/blog\/wp-content\/uploads\/2018\/11\/IMG_0938-1024x683.jpg\" alt=\"\" class=\"wp-image-27295\" srcset=\"https:\/\/www.au-pays-des-merveilles.com\/blog\/wp-content\/uploads\/2018\/11\/IMG_0938-1024x683.jpg 1024w, https:\/\/www.au-pays-des-merveilles.com\/blog\/wp-content\/uploads\/2018\/11\/IMG_0938-300x200.jpg 300w, https:\/\/www.au-pays-des-merveilles.com\/blog\/wp-content\/uploads\/2018\/11\/IMG_0938-768x512.jpg 768w, https:\/\/www.au-pays-des-merveilles.com\/blog\/wp-content\/uploads\/2018\/11\/IMG_0938-480x320.jpg 480w, https:\/\/www.au-pays-des-merveilles.com\/blog\/wp-content\/uploads\/2018\/11\/IMG_0938-450x300.jpg 450w\" sizes=\"auto, (max-width: 1024px) 100vw, 1024px\" \/><\/figure>\n\n\n\n<p>Pendant ce temps on peut, comme je vous ai montr\u00e9 \u00e0 P\u00e2ques, peindre le p\u00e8re No\u00ebl avec la palette de peinture en chocolat.\u00a0<\/p>\n\n\n\n<figure class=\"wp-block-image\"><img loading=\"lazy\" decoding=\"async\" width=\"1024\" height=\"683\" src=\"https:\/\/www.au-pays-des-merveilles.com\/blog\/wp-content\/uploads\/2018\/11\/IMG_0951-1024x683.jpg\" alt=\"\" class=\"wp-image-27289\" srcset=\"https:\/\/www.au-pays-des-merveilles.com\/blog\/wp-content\/uploads\/2018\/11\/IMG_0951-1024x683.jpg 1024w, https:\/\/www.au-pays-des-merveilles.com\/blog\/wp-content\/uploads\/2018\/11\/IMG_0951-300x200.jpg 300w, https:\/\/www.au-pays-des-merveilles.com\/blog\/wp-content\/uploads\/2018\/11\/IMG_0951-768x512.jpg 768w, https:\/\/www.au-pays-des-merveilles.com\/blog\/wp-content\/uploads\/2018\/11\/IMG_0951-480x320.jpg 480w, https:\/\/www.au-pays-des-merveilles.com\/blog\/wp-content\/uploads\/2018\/11\/IMG_0951-450x300.jpg 450w\" sizes=\"auto, (max-width: 1024px) 100vw, 1024px\" \/><\/figure>\n\n\n\n<p>Et si on se loupe, on pourra toujours passer ses nerfs sur le chocolat \u00e0 casser et son sucre d&rsquo;orge. Remarquez, je trouve ce coffret tellement joli que je vais avoir du mal \u00e0 le casser !\u00a0<\/p>\n\n\n\n<figure class=\"wp-block-image\"><img loading=\"lazy\" decoding=\"async\" width=\"1024\" height=\"683\" src=\"https:\/\/www.au-pays-des-merveilles.com\/blog\/wp-content\/uploads\/2018\/11\/IMG_0934-1024x683.jpg\" alt=\"\" class=\"wp-image-27294\" srcset=\"https:\/\/www.au-pays-des-merveilles.com\/blog\/wp-content\/uploads\/2018\/11\/IMG_0934-1024x683.jpg 1024w, https:\/\/www.au-pays-des-merveilles.com\/blog\/wp-content\/uploads\/2018\/11\/IMG_0934-300x200.jpg 300w, https:\/\/www.au-pays-des-merveilles.com\/blog\/wp-content\/uploads\/2018\/11\/IMG_0934-768x512.jpg 768w, https:\/\/www.au-pays-des-merveilles.com\/blog\/wp-content\/uploads\/2018\/11\/IMG_0934-480x320.jpg 480w, https:\/\/www.au-pays-des-merveilles.com\/blog\/wp-content\/uploads\/2018\/11\/IMG_0934-450x300.jpg 450w\" sizes=\"auto, (max-width: 1024px) 100vw, 1024px\" \/><\/figure>\n\n\n\n<p>Parce que mine de rien, dans un mois pile, nous serons \u00e0 No\u00ebl. J&rsquo;ai h\u00e2te ! L&rsquo;attente sera moins longue avec mon calendrier de l&rsquo;avent Le Comptoir de Mathilde avec derri\u00e8re chaque porte, une savoureuse surprise \u00e0 d\u00e9couvrir et d\u00e9guster : p\u00e2te \u00e0 tartiner, cuill\u00e8re hot choc, croq&rsquo;me, papillote et bien plus encore ! D\u00e9p\u00eachez vous, j&rsquo;ai vu que le site avait fait un r\u00e9assort et dans certaines boutiques, il en reste \u00e9galement. J&rsquo;ai beaucoup aim\u00e9 celui de l&rsquo;ann\u00e9e derni\u00e8re, je pense que nous ne serons pas d\u00e9\u00e7u cette ann\u00e9e encore. Je vous montrerai sur <a rel=\"nofollow\" href=\"https:\/\/www.instagram.com\/virginie_merveilles\/\" class=\"broken_link\">mon Instagram <\/a>en story toutes les surprises qu&rsquo;il offre.\u00a0<\/p>\n\n\n\n<figure class=\"wp-block-image\"><img loading=\"lazy\" decoding=\"async\" width=\"1017\" height=\"1024\" src=\"https:\/\/www.au-pays-des-merveilles.com\/blog\/wp-content\/uploads\/2018\/11\/Screenshot_20181125-114535-1017x1024.jpg\" alt=\"\" class=\"wp-image-27297\" srcset=\"https:\/\/www.au-pays-des-merveilles.com\/blog\/wp-content\/uploads\/2018\/11\/Screenshot_20181125-114535-1017x1024.jpg 1017w, https:\/\/www.au-pays-des-merveilles.com\/blog\/wp-content\/uploads\/2018\/11\/Screenshot_20181125-114535-150x150.jpg 150w, https:\/\/www.au-pays-des-merveilles.com\/blog\/wp-content\/uploads\/2018\/11\/Screenshot_20181125-114535-298x300.jpg 298w, https:\/\/www.au-pays-des-merveilles.com\/blog\/wp-content\/uploads\/2018\/11\/Screenshot_20181125-114535-768x773.jpg 768w, https:\/\/www.au-pays-des-merveilles.com\/blog\/wp-content\/uploads\/2018\/11\/Screenshot_20181125-114535.jpg 1080w\" sizes=\"auto, (max-width: 1017px) 100vw, 1017px\" \/><\/figure>\n\n\n\n<p>Je vais d&rsquo;ailleurs me fournir sur le site d\u00e9sormais car il n&rsquo;y a pas encore de boutique sur Rouen. Je vais pouvoir racheter de la p\u00e2te \u00e0 tartiner Malakoff qui est juste &#8230; d\u00e9mente ! <\/p>\n\n\n\n<div class=\"wp-block-image\"><figure class=\"aligncenter\"><img loading=\"lazy\" decoding=\"async\" width=\"592\" height=\"557\" src=\"https:\/\/www.au-pays-des-merveilles.com\/blog\/wp-content\/uploads\/2018\/11\/CDMMalakoff.jpg\" alt=\"\" class=\"wp-image-27300\" srcset=\"https:\/\/www.au-pays-des-merveilles.com\/blog\/wp-content\/uploads\/2018\/11\/CDMMalakoff.jpg 592w, https:\/\/www.au-pays-des-merveilles.com\/blog\/wp-content\/uploads\/2018\/11\/CDMMalakoff-300x282.jpg 300w, https:\/\/www.au-pays-des-merveilles.com\/blog\/wp-content\/uploads\/2018\/11\/CDMMalakoff-319x300.jpg 319w\" sizes=\"auto, (max-width: 592px) 100vw, 592px\" \/><\/figure><\/div>\n\n\n\n<p>Je crois que c&rsquo;est ma pr\u00e9f\u00e9r\u00e9e (ok avec la Pralinaise &#8230; ou encore la blanc coco &#8230; ouay, enfin bref, difficile de choisir !!) . <\/p>\n\n\n\n<p style=\"text-align:center\">Joyeux No\u00ebl Le Comptoir de Mathilde !\u00a0<\/p>\n\n\n\n<figure class=\"wp-block-image\"><img loading=\"lazy\" decoding=\"async\" width=\"712\" height=\"432\" src=\"https:\/\/www.au-pays-des-merveilles.com\/blog\/wp-content\/uploads\/2018\/11\/CDMNoel.jpg\" alt=\"\" class=\"wp-image-27299\" srcset=\"https:\/\/www.au-pays-des-merveilles.com\/blog\/wp-content\/uploads\/2018\/11\/CDMNoel.jpg 712w, https:\/\/www.au-pays-des-merveilles.com\/blog\/wp-content\/uploads\/2018\/11\/CDMNoel-300x182.jpg 300w, https:\/\/www.au-pays-des-merveilles.com\/blog\/wp-content\/uploads\/2018\/11\/CDMNoel-494x300.jpg 494w\" sizes=\"auto, (max-width: 712px) 100vw, 712px\" \/><\/figure>\n","protected":false},"excerpt":{"rendered":"<p>Vous prendrez bien un petit chocolat ? Un r\u00e9gal ces gourmandises chocolat\u00e9es du Comptoir de Mathilde &#8230; autant pour les yeux que pour le bidou ! ^.^ J&rsquo;adore cette p\u00e9riode festive &#8230;\u00a0Un d\u00e9licieux chocolat chaud d\u00e9gust\u00e9 au coin du feu,\u00a0entre amis, en famille ou avec mon amoureux. Avec le coffret Hot Chocolate, on plonge le<\/p>\n","protected":false},"author":1,"featured_media":27287,"comment_status":"open","ping_status":"open","sticky":false,"template":"","format":"standard","meta":{"footnotes":""},"categories":[34],"tags":[245,41,411,1675,255],"class_list":["post-27285","post","type-post","status-publish","format-standard","has-post-thumbnail","hentry","category-pour-le-gouter","tag-cadeau","tag-chocolat","tag-gourmandises","tag-le-comptoir-de-mathilde","tag-noel"],"_links":{"self":[{"href":"https:\/\/www.au-pays-des-merveilles.com\/blog\/wp-json\/wp\/v2\/posts\/27285","targetHints":{"allow":["GET"]}}],"collection":[{"href":"https:\/\/www.au-pays-des-merveilles.com\/blog\/wp-json\/wp\/v2\/posts"}],"about":[{"href":"https:\/\/www.au-pays-des-merveilles.com\/blog\/wp-json\/wp\/v2\/types\/post"}],"author":[{"embeddable":true,"href":"https:\/\/www.au-pays-des-merveilles.com\/blog\/wp-json\/wp\/v2\/users\/1"}],"replies":[{"embeddable":true,"href":"https:\/\/www.au-pays-des-merveilles.com\/blog\/wp-json\/wp\/v2\/comments?post=27285"}],"version-history":[{"count":0,"href":"https:\/\/www.au-pays-des-merveilles.com\/blog\/wp-json\/wp\/v2\/posts\/27285\/revisions"}],"wp:featuredmedia":[{"embeddable":true,"href":"https:\/\/www.au-pays-des-merveilles.com\/blog\/wp-json\/wp\/v2\/media\/27287"}],"wp:attachment":[{"href":"https:\/\/www.au-pays-des-merveilles.com\/blog\/wp-json\/wp\/v2\/media?parent=27285"}],"wp:term":[{"taxonomy":"category","embeddable":true,"href":"https:\/\/www.au-pays-des-merveilles.com\/blog\/wp-json\/wp\/v2\/categories?post=27285"},{"taxonomy":"post_tag","embeddable":true,"href":"https:\/\/www.au-pays-des-merveilles.com\/blog\/wp-json\/wp\/v2\/tags?post=27285"}],"curies":[{"name":"wp","href":"https:\/\/api.w.org\/{rel}","templated":true}]}}