{"id":27307,"date":"2018-11-27T07:00:37","date_gmt":"2018-11-27T05:00:37","guid":{"rendered":"http:\/\/www.au-pays-des-merveilles.com\/blog\/?p=27307"},"modified":"2019-03-22T17:16:47","modified_gmt":"2019-03-22T15:16:47","slug":"preparez-vos-fetes","status":"publish","type":"post","link":"https:\/\/www.au-pays-des-merveilles.com\/blog\/2018\/11\/27\/preparez-vos-fetes\/","title":{"rendered":"Pr\u00e9parez vos f\u00eates !"},"content":{"rendered":"\n<p>Apr\u00e8s le choix des chocolats, vient les pr\u00e9parations pour les f\u00eates &#8230; Je pense surtout \u00e0 No\u00ebl parce que je vous avoue que g\u00e9n\u00e9ralement , le r\u00e9veillon de la St Sylvestre, c&rsquo;est toujours de l&rsquo;arrache !&nbsp;<br \/>Actuellement, avec mon amoureux, nous finissons l&#8217;embellissement du salon et de la salle a manger donc je ne vous dis pas comme<del> j&rsquo;ai<\/del> on a h\u00e2te que ce soit fini &#8230; J&rsquo;ai la chance d&rsquo;avoir mon lieu de travail au milieu de toutes les jolies boutiques de Rouen donc le choix est vaste niveau d\u00e9co de Nono !&nbsp;Alors histoire de bien pr\u00e9parer cette f\u00eate , j&rsquo;essaie de m&rsquo;organiser au maximum !&nbsp;<\/p>\n\n\n\n<h2 class=\"wp-block-heading\"><strong>\u2605&nbsp;Les invitations<\/strong><\/h2>\n\n\n\n<p>Et si au lieu de s&rsquo;envoyer des mails, on profitait de cette occasion pour s&rsquo;envoyer de jolies cartons d&rsquo;invitation ou des cartes de voeux personnalis\u00e9s. Pour cela, rien de plus simple, on choisit une jolie photo ou encore mieux on trie dans ses anciens clich\u00e9s une photo de famille des ann\u00e9es pr\u00e9c\u00e9dentes, on r\u00e9dige un texte et on cr\u00e9e son oeuvre avec l&rsquo;<a href=\"https:\/\/www.helloprint.fr\/\">impression en ligne<\/a>. Je trouve que \u00e7a en jette mieux qu&rsquo;un simple courrier \u00e9lectronique tout fait ! Bon et si on manque d&rsquo;imagination, rien n&#8217;emp\u00eache de choisir une carte de No\u00ebl toute faite. <\/p>\n\n\n\n<div class=\"wp-block-image\"><figure class=\"aligncenter\"><img loading=\"lazy\" decoding=\"async\" width=\"1024\" height=\"765\" src=\"https:\/\/www.au-pays-des-merveilles.com\/blog\/wp-content\/uploads\/2018\/11\/toa-heftiba-470553-unsplash-1024x765.jpg\" alt=\"\" class=\"wp-image-27315\" srcset=\"https:\/\/www.au-pays-des-merveilles.com\/blog\/wp-content\/uploads\/2018\/11\/toa-heftiba-470553-unsplash-1024x765.jpg 1024w, https:\/\/www.au-pays-des-merveilles.com\/blog\/wp-content\/uploads\/2018\/11\/toa-heftiba-470553-unsplash-300x224.jpg 300w, https:\/\/www.au-pays-des-merveilles.com\/blog\/wp-content\/uploads\/2018\/11\/toa-heftiba-470553-unsplash-768x574.jpg 768w, https:\/\/www.au-pays-des-merveilles.com\/blog\/wp-content\/uploads\/2018\/11\/toa-heftiba-470553-unsplash-402x300.jpg 402w\" sizes=\"auto, (max-width: 1024px) 100vw, 1024px\" \/><figcaption><br \/><em>Photo by <\/em><a href=\"https:\/\/unsplash.com\/photos\/hkFwxX_M14I?utm_source=unsplash&amp;utm_medium=referral&amp;utm_content=creditCopyText\"><em>Toa Heftiba<\/em><\/a><em> on <\/em><a href=\"https:\/\/unsplash.com\/search\/photos\/christmas?utm_source=unsplash&amp;utm_medium=referral&amp;utm_content=creditCopyText\" class=\"broken_link\"><em>Unsplash<\/em><\/a><\/figcaption><\/figure><\/div>\n\n\n\n<h2 class=\"wp-block-heading\"><strong>\u2605 La tenue<\/strong><\/h2>\n\n\n\n<p>La petite robe noire ? des collants qui brillent ? des talons hauts ? et si on se la jouait comme Bridget Jones et Mark Darcy avec leurs pulls moches de No\u00ebl ?! Vous saviez d&rsquo;ailleurs que le 21 d\u00e9cembre on c\u00e9l\u00e9brait la journ\u00e9e internationale du pull de No\u00ebl ?! C&rsquo;est comme la journ\u00e9e du pull moche mais l\u00e0 c&rsquo;est celui de No\u00ebl en grosse laine, bien chaud, garni de r\u00eanes, de sapins, de boules &#8230; Les motifs na\u00effs, les couleurs innommables, les pompons, les guirlandes sont possibles, le tout est qu&rsquo;on vous remarque.<\/p>\n\n\n\n<p>Pour info, vous pourrez en trouver \u00e0 tous petits prix chez LIDL cette semaine ! <br \/><\/p>\n\n\n\n<div class=\"wp-block-image\"><figure class=\"aligncenter\"><img loading=\"lazy\" decoding=\"async\" width=\"943\" height=\"552\" src=\"https:\/\/www.au-pays-des-merveilles.com\/blog\/wp-content\/uploads\/2018\/11\/Capture.jpg\" alt=\"\" class=\"wp-image-27309\" srcset=\"https:\/\/www.au-pays-des-merveilles.com\/blog\/wp-content\/uploads\/2018\/11\/Capture.jpg 943w, https:\/\/www.au-pays-des-merveilles.com\/blog\/wp-content\/uploads\/2018\/11\/Capture-300x176.jpg 300w, https:\/\/www.au-pays-des-merveilles.com\/blog\/wp-content\/uploads\/2018\/11\/Capture-768x450.jpg 768w, https:\/\/www.au-pays-des-merveilles.com\/blog\/wp-content\/uploads\/2018\/11\/Capture-513x300.jpg 513w\" sizes=\"auto, (max-width: 943px) 100vw, 943px\" \/><\/figure><\/div>\n\n\n\n<h2 class=\"wp-block-heading\"><strong>\u2605 Le sapin&nbsp;<\/strong><\/h2>\n\n\n\n<p>Je suis bien contente d&rsquo;habiter d\u00e9sormais tout pr\u00e8s d&rsquo;un magasin IKEA car je vais pouvoir r\u00e9server mon sapin Nordmann et b\u00e9n\u00e9ficier d&rsquo;un bon d&rsquo;achat par la m\u00eame occasion. En effet, pour tout achat d\u2019un sapin, IKEA nous offre <strong>un bon d\u2019achat d\u2019une valeur de 20\u20ac* <\/strong>valable du 26 d\u00e9cembre 2018 au 28 f\u00e9vrier 2019 inclus. Et on n&rsquo;oublie pas le sac \u00e0 sapin solidaire et biod\u00e9gradable,  1\u20ac50 est revers\u00e9 \u00e0 <strong>Handicap international<\/strong>, pour venir en aide aux personnes les plus vuln\u00e9rables dont les personnes handicap\u00e9es.\u00a0<\/p>\n\n\n\n<div class=\"wp-block-image\"><figure class=\"aligncenter\"><img loading=\"lazy\" decoding=\"async\" width=\"405\" height=\"595\" src=\"https:\/\/www.au-pays-des-merveilles.com\/blog\/wp-content\/uploads\/2018\/11\/sapin-cadeaux-bougies__sapins_cadeaux_PE713581.jpg\" alt=\"\" class=\"wp-image-27312\" srcset=\"https:\/\/www.au-pays-des-merveilles.com\/blog\/wp-content\/uploads\/2018\/11\/sapin-cadeaux-bougies__sapins_cadeaux_PE713581.jpg 405w, https:\/\/www.au-pays-des-merveilles.com\/blog\/wp-content\/uploads\/2018\/11\/sapin-cadeaux-bougies__sapins_cadeaux_PE713581-204x300.jpg 204w\" sizes=\"auto, (max-width: 405px) 100vw, 405px\" \/><\/figure><\/div>\n\n\n\n<h2 class=\"wp-block-heading\"><strong>\u2605 La liste de cadeaux&nbsp;<\/strong><br \/><\/h2>\n\n\n\n<p> Le mieux pour pr\u00e9parer sa <a href=\"https:\/\/www.au-pays-des-merveilles.com\/blog\/2014\/12\/01\/ma-xmas-wishlist\/\">wishlist<\/a>, je pense, est de lister tout au long de l&rsquo;ann\u00e9e ses envies ! Lorsque l&rsquo;on me demande ce que je veux pour No\u00ebl je ne sais jamais quoi r\u00e9pondre ! Mais en y r\u00e9fl\u00e9chissant tout au long de l&rsquo;ann\u00e9e, c&rsquo;est beaucoup plus facile de r\u00e9aliser une liste de cadeaux qui nous font envie. Avec la famille de mon amoureux, tous les membres pr\u00e9parent et envoient leur liste respective \u00e0 chacun des autres membres par mail. On imprime le tout et chacun dit qui prend quoi dans les listes. Je vous avoue que c&rsquo;est une petite organisation en soi pour ne pas se planter de personnes mais au final, je pense que \u00e7a fait plaisir \u00e0 tout le monde autant pour celle ou celui qui re\u00e7oit que pour celle ou celui qui offre. On est s\u00fbr de faire plaisir. Rien n&#8217;emp\u00eache apr\u00e8s les petites (ou grandes) surprises surtout si on connait tr\u00e8s bien la personne. Mais surtout \u00e7a aide si on s\u00e8che concernant les id\u00e9es cadeau ! En parlant de \u00e7a, je vais bient\u00f4t vous faire la mienne &#8230; <br \/><\/p>\n\n\n\n<div class=\"wp-block-image\"><figure class=\"aligncenter is-resized\"><img loading=\"lazy\" decoding=\"async\" src=\"https:\/\/www.au-pays-des-merveilles.com\/blog\/wp-content\/uploads\/2018\/11\/Screenshot_20181126-230223-744x1024.jpg\" alt=\"\" class=\"wp-image-27318\" width=\"475\" height=\"654\" srcset=\"https:\/\/www.au-pays-des-merveilles.com\/blog\/wp-content\/uploads\/2018\/11\/Screenshot_20181126-230223-744x1024.jpg 744w, https:\/\/www.au-pays-des-merveilles.com\/blog\/wp-content\/uploads\/2018\/11\/Screenshot_20181126-230223-218x300.jpg 218w, https:\/\/www.au-pays-des-merveilles.com\/blog\/wp-content\/uploads\/2018\/11\/Screenshot_20181126-230223-768x1057.jpg 768w, https:\/\/www.au-pays-des-merveilles.com\/blog\/wp-content\/uploads\/2018\/11\/Screenshot_20181126-230223.jpg 1080w\" sizes=\"auto, (max-width: 475px) 100vw, 475px\" \/><\/figure><\/div>\n\n\n\n<p>Avec tout \u00e7a, j&rsquo;esp\u00e8re vous avoir un petit peu aid\u00e9 concernant l&rsquo;organisation de vos f\u00eates. Si j&rsquo;ai d&rsquo;autres id\u00e9es, je viendrai vous en parler ! Toujours est il qu&rsquo;il me tarde d&rsquo;\u00eatre \u00e0 ce week-end pour enfin finir nos travaux et installer notre d\u00e9co de No\u00ebl. Je vous montrerais tout \u00e7a tr\u00e8s vite &#8230; en plus samedi, je vais pouvoir d\u00e9couvrir mes premi\u00e8res surprises des calendriers de l&rsquo;avent &#8230; Bonheur ! <br \/><\/p>\n","protected":false},"excerpt":{"rendered":"<p>Apr\u00e8s le choix des chocolats, vient les pr\u00e9parations pour les f\u00eates &#8230; Je pense surtout \u00e0 No\u00ebl parce que je vous avoue que g\u00e9n\u00e9ralement , le r\u00e9veillon de la St Sylvestre, c&rsquo;est toujours de l&rsquo;arrache !&nbsp;Actuellement, avec mon amoureux, nous finissons l&#8217;embellissement du salon et de la salle a manger donc je ne vous dis<\/p>\n","protected":false},"author":1,"featured_media":27316,"comment_status":"open","ping_status":"open","sticky":false,"template":"","format":"standard","meta":{"footnotes":""},"categories":[8],"tags":[984,255],"class_list":["post-27307","post","type-post","status-publish","format-standard","has-post-thumbnail","hentry","category-jolies-choses","tag-fete","tag-noel"],"_links":{"self":[{"href":"https:\/\/www.au-pays-des-merveilles.com\/blog\/wp-json\/wp\/v2\/posts\/27307","targetHints":{"allow":["GET"]}}],"collection":[{"href":"https:\/\/www.au-pays-des-merveilles.com\/blog\/wp-json\/wp\/v2\/posts"}],"about":[{"href":"https:\/\/www.au-pays-des-merveilles.com\/blog\/wp-json\/wp\/v2\/types\/post"}],"author":[{"embeddable":true,"href":"https:\/\/www.au-pays-des-merveilles.com\/blog\/wp-json\/wp\/v2\/users\/1"}],"replies":[{"embeddable":true,"href":"https:\/\/www.au-pays-des-merveilles.com\/blog\/wp-json\/wp\/v2\/comments?post=27307"}],"version-history":[{"count":0,"href":"https:\/\/www.au-pays-des-merveilles.com\/blog\/wp-json\/wp\/v2\/posts\/27307\/revisions"}],"wp:featuredmedia":[{"embeddable":true,"href":"https:\/\/www.au-pays-des-merveilles.com\/blog\/wp-json\/wp\/v2\/media\/27316"}],"wp:attachment":[{"href":"https:\/\/www.au-pays-des-merveilles.com\/blog\/wp-json\/wp\/v2\/media?parent=27307"}],"wp:term":[{"taxonomy":"category","embeddable":true,"href":"https:\/\/www.au-pays-des-merveilles.com\/blog\/wp-json\/wp\/v2\/categories?post=27307"},{"taxonomy":"post_tag","embeddable":true,"href":"https:\/\/www.au-pays-des-merveilles.com\/blog\/wp-json\/wp\/v2\/tags?post=27307"}],"curies":[{"name":"wp","href":"https:\/\/api.w.org\/{rel}","templated":true}]}}