{"id":30589,"date":"2019-04-15T17:03:00","date_gmt":"2019-04-15T15:03:00","guid":{"rendered":"https:\/\/www.au-pays-des-merveilles.com\/blog\/?p=30589"},"modified":"2019-04-15T17:03:02","modified_gmt":"2019-04-15T15:03:02","slug":"deco-scandinave-pour-notre-piece-de-vie","status":"publish","type":"post","link":"https:\/\/www.au-pays-des-merveilles.com\/blog\/2019\/04\/15\/deco-scandinave-pour-notre-piece-de-vie\/","title":{"rendered":"D\u00e9co scandinave pour notre pi\u00e8ce de vie"},"content":{"rendered":"\n<p>En novembre dernier, j&rsquo;ai quitt\u00e9 les Alpes Maritimes pour rejoindre l&rsquo;amour de ma vie en Normandie. C&rsquo;\u00e9tait un grand bouleversement ! Changement de travail, d&rsquo;habitudes, de temp\u00e9ratures, de d\u00e9cor et de d\u00e9co ! Et l\u00e0, je peux dire que j&rsquo;ai un amoureux en or car il a accept\u00e9 volontiers de changer la d\u00e9co de sa maison pour que je m&rsquo;y sente bien. A vrai dire, il me disait que la maison avait besoin d&rsquo;un rafra\u00eechissement et l&rsquo;occasion tombait bien. <\/p>\n\n\n\n<p>D&rsquo;un commun accord, nous avons choisi une d\u00e9co style scandinave. En effet, je souhaitais mettre plus de lumi\u00e8re dans la pi\u00e8ce de vie en supprimant sa d\u00e9co tr\u00e8s masculine avec ses meubles fonc\u00e9s, ainsi que ses murs rouges et noirs. Je trouve beaucoup plus facile de changer de temps en temps la d\u00e9co en ins\u00e9rant des touches de couleur dans une d\u00e9co claire. <\/p>\n\n\n\n<div class=\"wp-block-image\"><figure class=\"aligncenter is-resized\"><img loading=\"lazy\" decoding=\"async\" src=\"https:\/\/www.au-pays-des-merveilles.com\/blog\/wp-content\/uploads\/2019\/04\/salonavant-713x1024.jpg\" alt=\"\" class=\"wp-image-30595\" width=\"360\" height=\"516\" srcset=\"https:\/\/www.au-pays-des-merveilles.com\/blog\/wp-content\/uploads\/2019\/04\/salonavant-713x1024.jpg 713w, https:\/\/www.au-pays-des-merveilles.com\/blog\/wp-content\/uploads\/2019\/04\/salonavant-209x300.jpg 209w, https:\/\/www.au-pays-des-merveilles.com\/blog\/wp-content\/uploads\/2019\/04\/salonavant.jpg 966w\" sizes=\"auto, (max-width: 360px) 100vw, 360px\" \/><figcaption><em>Le salon avant <\/em><\/figcaption><\/figure><\/div>\n\n\n\n<p>On a opt\u00e9 pour un pan de mur en tapisserie fa\u00e7on mur de briques en gris clair et les autres murs en papier \u00e0 peindre fa\u00e7on cr\u00e9pis et peinture gris perle. Je pouvais ainsi r\u00e9cup\u00e9rer mes meubles su\u00e9dois blancs et en racheter de nouveaux en vendant ceux de mon ch\u00e9ri, parce que mine de rien, refaire la d\u00e9co c&rsquo;est du temps et de l&rsquo;argent. Pour m&rsquo;inspirer, j&rsquo;ai regard\u00e9 diff\u00e9rents sites de d\u00e9coration avec notamment des mod\u00e8les d&rsquo;appartement style scandinave comme <a href=\"https:\/\/www.for-interieur.fr\/\">for-interieur deco<\/a><\/p>\n\n\n\n<div class=\"wp-block-image\"><figure class=\"aligncenter is-resized\"><img loading=\"lazy\" decoding=\"async\" src=\"https:\/\/www.au-pays-des-merveilles.com\/blog\/wp-content\/uploads\/2019\/04\/salonapres.jpg\" alt=\"\" class=\"wp-image-30596\" width=\"460\" height=\"454\" srcset=\"https:\/\/www.au-pays-des-merveilles.com\/blog\/wp-content\/uploads\/2019\/04\/salonapres.jpg 981w, https:\/\/www.au-pays-des-merveilles.com\/blog\/wp-content\/uploads\/2019\/04\/salonapres-300x296.jpg 300w, https:\/\/www.au-pays-des-merveilles.com\/blog\/wp-content\/uploads\/2019\/04\/salonapres-768x758.jpg 768w, https:\/\/www.au-pays-des-merveilles.com\/blog\/wp-content\/uploads\/2019\/04\/salonapres-304x300.jpg 304w\" sizes=\"auto, (max-width: 460px) 100vw, 460px\" \/><figcaption><em>Le salon apr\u00e8s (photo prise \u00e0 No\u00ebl &#8230; vous l&rsquo;aurez remarqu\u00e9 !)<\/em><\/figcaption><\/figure><\/div>\n\n\n\n<p>L&rsquo;int\u00e9r\u00eat de ce genre de d\u00e9co est que quelque soit la p\u00e9riode (les f\u00eates, le printemps, P\u00e2ques, l&rsquo;\u00e9t\u00e9 &#8230;) on peut changer les touches de couleur par de nouvelles housses de coussin, des plaids, bougies &#8230; D&rsquo;ailleurs, je cherche en ce moment une suspension pour la table \u00e0 manger comme ce genre de suspension luminaire spider chez <a href=\"https:\/\/www.lightonline.fr\/suspensions\/spider-suspension-9-lumieres-noir-avec-ampoules-diametre-modulable-p-15910.htm?utm_source=affilae&amp;utm_medium=affiliation&amp;utm_campaign=for_interieur#ae10\">Lightonline<\/a>, mais plus dans un esprit industriel et en coloris cuivre, voyez ? <\/p>\n\n\n\n<figure class=\"wp-block-image\"><img loading=\"lazy\" decoding=\"async\" width=\"1024\" height=\"1024\" src=\"https:\/\/www.au-pays-des-merveilles.com\/blog\/wp-content\/uploads\/2019\/04\/2019-04-15-15-18-55-1024x1024.jpg\" alt=\"\" class=\"wp-image-30590\" srcset=\"https:\/\/www.au-pays-des-merveilles.com\/blog\/wp-content\/uploads\/2019\/04\/2019-04-15-15-18-55-1024x1024.jpg 1024w, https:\/\/www.au-pays-des-merveilles.com\/blog\/wp-content\/uploads\/2019\/04\/2019-04-15-15-18-55-150x150.jpg 150w, https:\/\/www.au-pays-des-merveilles.com\/blog\/wp-content\/uploads\/2019\/04\/2019-04-15-15-18-55-300x300.jpg 300w, https:\/\/www.au-pays-des-merveilles.com\/blog\/wp-content\/uploads\/2019\/04\/2019-04-15-15-18-55-768x768.jpg 768w\" sizes=\"auto, (max-width: 1024px) 100vw, 1024px\" \/><\/figure>\n\n\n\n<p>De toute fa\u00e7on, la d\u00e9co est une passion sans fin chez moi &#8230; j&rsquo;adore regarder les int\u00e9rieurs et piocher des id\u00e9es par ci, par l\u00e0. Et vous, avez vous des sources d&rsquo;inspiration d\u00e9co ? <\/p>\n","protected":false},"excerpt":{"rendered":"<p>En novembre dernier, j&rsquo;ai quitt\u00e9 les Alpes Maritimes pour rejoindre l&rsquo;amour de ma vie en Normandie. C&rsquo;\u00e9tait un grand bouleversement ! Changement de travail, d&rsquo;habitudes, de temp\u00e9ratures, de d\u00e9cor et de d\u00e9co ! Et l\u00e0, je peux dire que j&rsquo;ai un amoureux en or car il a accept\u00e9 volontiers de changer la d\u00e9co de sa<\/p>\n","protected":false},"author":1,"featured_media":30590,"comment_status":"open","ping_status":"open","sticky":false,"template":"","format":"standard","meta":{"footnotes":""},"categories":[1057],"tags":[208,1058,1934,1336,1932,1933],"class_list":["post-30589","post","type-post","status-publish","format-standard","has-post-thumbnail","hentry","category-deco","tag-deco","tag-decoration","tag-for-interieur","tag-la-redoute","tag-salle-a-manger","tag-scandinave"],"_links":{"self":[{"href":"https:\/\/www.au-pays-des-merveilles.com\/blog\/wp-json\/wp\/v2\/posts\/30589","targetHints":{"allow":["GET"]}}],"collection":[{"href":"https:\/\/www.au-pays-des-merveilles.com\/blog\/wp-json\/wp\/v2\/posts"}],"about":[{"href":"https:\/\/www.au-pays-des-merveilles.com\/blog\/wp-json\/wp\/v2\/types\/post"}],"author":[{"embeddable":true,"href":"https:\/\/www.au-pays-des-merveilles.com\/blog\/wp-json\/wp\/v2\/users\/1"}],"replies":[{"embeddable":true,"href":"https:\/\/www.au-pays-des-merveilles.com\/blog\/wp-json\/wp\/v2\/comments?post=30589"}],"version-history":[{"count":0,"href":"https:\/\/www.au-pays-des-merveilles.com\/blog\/wp-json\/wp\/v2\/posts\/30589\/revisions"}],"wp:featuredmedia":[{"embeddable":true,"href":"https:\/\/www.au-pays-des-merveilles.com\/blog\/wp-json\/wp\/v2\/media\/30590"}],"wp:attachment":[{"href":"https:\/\/www.au-pays-des-merveilles.com\/blog\/wp-json\/wp\/v2\/media?parent=30589"}],"wp:term":[{"taxonomy":"category","embeddable":true,"href":"https:\/\/www.au-pays-des-merveilles.com\/blog\/wp-json\/wp\/v2\/categories?post=30589"},{"taxonomy":"post_tag","embeddable":true,"href":"https:\/\/www.au-pays-des-merveilles.com\/blog\/wp-json\/wp\/v2\/tags?post=30589"}],"curies":[{"name":"wp","href":"https:\/\/api.w.org\/{rel}","templated":true}]}}