{"id":3084,"date":"2009-02-23T07:08:53","date_gmt":"2009-02-23T06:08:53","guid":{"rendered":"http:\/\/www.au-pays-des-merveilles.com\/blog\/?p=3084"},"modified":"2024-07-05T16:34:43","modified_gmt":"2024-07-05T15:34:43","slug":"pictures-day","status":"publish","type":"post","link":"https:\/\/www.au-pays-des-merveilles.com\/blog\/2009\/02\/23\/pictures-day\/","title":{"rendered":"Pictures day"},"content":{"rendered":"<p><a href=\"https:\/\/www.au-pays-des-merveilles.com\/blog\/wp-content\/uploads\/2009\/02\/image12.png\"><img loading=\"lazy\" decoding=\"async\" style=\"border-right: 0px; border-top: 0px; display: block; float: none; margin-left: auto; border-left: 0px; margin-right: auto; border-bottom: 0px\" title=\"image\" src=\"https:\/\/www.au-pays-des-merveilles.com\/blog\/wp-content\/uploads\/2009\/02\/image-thumb8.png\" border=\"0\" alt=\"image\" width=\"414\" height=\"288\" \/><\/a><\/p>\n<p>Vendredi dernier, j\u2019ai profit\u00e9 de ma premi\u00e8re journ\u00e9e de vacances pour revoir un ami de looongue date : Fran\u00e7ois qui fait de tr\u00e8s jolies photos !<\/p>\n<p><a href=\"https:\/\/www.au-pays-des-merveilles.com\/blog\/wp-content\/uploads\/2009\/02\/photopageprofb.jpg\"><img loading=\"lazy\" decoding=\"async\" style=\"border-right: 0px; border-top: 0px; display: inline; margin-left: 0px; border-left: 0px; margin-right: 0px; border-bottom: 0px\" src=\"https:\/\/www.au-pays-des-merveilles.com\/blog\/wp-content\/uploads\/2009\/02\/photopageprofb-thumb.jpg\" border=\"0\" alt=\"\" width=\"198\" height=\"284\" align=\"left\" \/><\/a> \u201c <em>Je suis un photographe qui tente de capturer tr\u00e8s simplement ce qui m&rsquo;\u00e9meut pour en rendre une image.<\/em><\/p>\n<p><em>Ce site est donc la vitrine de mes balades, de mes id\u00e9es, de mon quotidien que je n&rsquo;arbore jamais sans mon appareil.<\/em><\/p>\n<p><em>Ici se m\u00e9langent l&rsquo;insolite, la nature, le brut, l&rsquo;authentique, la faune, la flore, les gens, les villes et villages, mais aussi des extraits de mes projets photographiques.<\/em><\/p>\n<p><em>J&rsquo;ai tent\u00e9 d&rsquo;organiser ce site en \u00ab\u00a0\u00e9clatant\u00a0\u00bb les th\u00e8mes et ainsi proposer plus de vari\u00e9t\u00e9s au \u00ab\u00a0clic\u00a0\u00bb.<\/em><\/p>\n<p><em>Et puis parce que mon clic \u00e0 moi ne s&rsquo;arr\u00eate jamais, chaque mois, je partage avec vous la rubrique \u00ab\u00a0mon mois \u00e0 moi\u00a0\u00bb o\u00f9 les derni\u00e8res photos se montrent fi\u00e8rement.<\/em><\/p>\n<p><em>A chacun son regard sur les choses, j&rsquo;ai le mien,<\/em><\/p>\n<p><em>A vous de voir&#8230;\u201d\u00a0 \u00a9 http:\/\/www.francoish-photography.com<\/em><\/p>\n<p>Il a propos\u00e9 de me donner plein de petits conseils quant au r\u00e9glage de mon reflex \u2026 ce qui n\u2019est pas fastoche quand on n\u2019y connait pas grand chose !<\/p>\n<p><a href=\"https:\/\/www.au-pays-des-merveilles.com\/blog\/wp-content\/uploads\/2009\/02\/image13.png\"><img loading=\"lazy\" decoding=\"async\" style=\"border-right: 0px; border-top: 0px; display: block; float: none; margin-left: auto; border-left: 0px; margin-right: auto; border-bottom: 0px\" title=\"image\" src=\"https:\/\/www.au-pays-des-merveilles.com\/blog\/wp-content\/uploads\/2009\/02\/image-thumb9.png\" border=\"0\" alt=\"image\" width=\"254\" height=\"174\" \/><\/a><\/p>\n<p>En quelques heures, j\u2019ai appris plein de petites astuces qui vont me faciliter la vie notamment pour le traitement des photos une fois rentr\u00e9e \u00e0 la maison ! m\u00eame s\u2019il n\u2019est pas du tout un adepte de la retouche photo. Remarquez, quand on voit ses clich\u00e9s, je ne vois pas en quoi la retouche serait n\u00e9cessaire !<\/p>\n<p><a href=\"https:\/\/www.au-pays-des-merveilles.com\/blog\/wp-content\/uploads\/2009\/02\/image14.png\"><img loading=\"lazy\" decoding=\"async\" style=\"border-right: 0px; border-top: 0px; display: block; float: none; margin-left: auto; border-left: 0px; margin-right: auto; border-bottom: 0px\" title=\"image\" src=\"https:\/\/www.au-pays-des-merveilles.com\/blog\/wp-content\/uploads\/2009\/02\/image-thumb10.png\" border=\"0\" alt=\"image\" width=\"224\" height=\"321\" \/><\/a><\/p>\n<p>Il fait pas mal de photos en noir et blanc, et je vous avouerais que j\u2019aime \u00e7a de plus en plus, \u00e7a donne une autre atmosph\u00e8re \u00e0 la photo ! je ne me suis pas encore tent\u00e9e mais \u00e7a ne saurait tarder !<\/p>\n<p>D\u2019ailleurs, passage oblig\u00e9 avant de repartir de chez lui : on prend la pause en black &amp; white \u2026 photo qui a un petit Harcourt.<\/p>\n<p><a href=\"https:\/\/www.au-pays-des-merveilles.com\/blog\/wp-content\/uploads\/2009\/02\/090220033.jpg\"><img loading=\"lazy\" decoding=\"async\" style=\"border-right: 0px; border-top: 0px; display: block; float: none; margin-left: auto; border-left: 0px; margin-right: auto; border-bottom: 0px\" title=\"090220 - 033\" src=\"https:\/\/www.au-pays-des-merveilles.com\/blog\/wp-content\/uploads\/2009\/02\/090220033-thumb.jpg\" border=\"0\" alt=\"090220 - 033\" width=\"174\" height=\"254\" \/><\/a><\/p>\n<p>Du coup, suite \u00e0 ses conseils, je suis partie \u00e0 la FNAC m\u2019acheter un sac pour transporter mon joujou et un bouquin sur mon appareil qu\u2019il m\u2019avait conseill\u00e9 \u2026 <em>un peu plus et j\u2019achetais tout le magasin ! je vous raconterai demain d\u2019ailleurs le gros cadeau que je me suis offert le lendemain chez eux<\/em> !!\u00a0 <img src=\"https:\/\/www.au-pays-des-merveilles.com\/blog\/wp-includes\/images\/smilies\/1.gif\" alt=\":)\" class=\"wp-smiley\" style=\"height: 1em; max-height: 1em;\" \/><\/p>\n<p>Vous pourrez retrouver toutes les belles photos de Fran\u00e7ois sur son site et facebook.<\/p>\n<p><em>Merci \u00e0 toi Fran\u00e7ois pour cette journ\u00e9e, ta disponibilit\u00e9 et ta gentillesse<\/em> \u2026 <img src=\"https:\/\/www.au-pays-des-merveilles.com\/blog\/wp-includes\/images\/smilies\/19.gif\" alt=\"(love)\" class=\"wp-smiley\" style=\"height: 1em; max-height: 1em;\" \/><\/p>\n","protected":false},"excerpt":{"rendered":"<p>Vendredi dernier, j\u2019ai profit\u00e9 de ma premi\u00e8re journ\u00e9e de vacances pour revoir un ami de looongue date : Fran\u00e7ois qui fait de tr\u00e8s jolies photos ! \u201c Je suis un photographe qui tente de capturer tr\u00e8s simplement ce qui m&rsquo;\u00e9meut pour en rendre une image. Ce site est donc la vitrine de mes balades, de<\/p>\n","protected":false},"author":1,"featured_media":0,"comment_status":"open","ping_status":"open","sticky":false,"template":"","format":"standard","meta":{"footnotes":""},"categories":[26],"tags":[],"class_list":["post-3084","post","type-post","status-publish","format-standard","hentry","category-photography"],"_links":{"self":[{"href":"https:\/\/www.au-pays-des-merveilles.com\/blog\/wp-json\/wp\/v2\/posts\/3084","targetHints":{"allow":["GET"]}}],"collection":[{"href":"https:\/\/www.au-pays-des-merveilles.com\/blog\/wp-json\/wp\/v2\/posts"}],"about":[{"href":"https:\/\/www.au-pays-des-merveilles.com\/blog\/wp-json\/wp\/v2\/types\/post"}],"author":[{"embeddable":true,"href":"https:\/\/www.au-pays-des-merveilles.com\/blog\/wp-json\/wp\/v2\/users\/1"}],"replies":[{"embeddable":true,"href":"https:\/\/www.au-pays-des-merveilles.com\/blog\/wp-json\/wp\/v2\/comments?post=3084"}],"version-history":[{"count":1,"href":"https:\/\/www.au-pays-des-merveilles.com\/blog\/wp-json\/wp\/v2\/posts\/3084\/revisions"}],"predecessor-version":[{"id":32615,"href":"https:\/\/www.au-pays-des-merveilles.com\/blog\/wp-json\/wp\/v2\/posts\/3084\/revisions\/32615"}],"wp:attachment":[{"href":"https:\/\/www.au-pays-des-merveilles.com\/blog\/wp-json\/wp\/v2\/media?parent=3084"}],"wp:term":[{"taxonomy":"category","embeddable":true,"href":"https:\/\/www.au-pays-des-merveilles.com\/blog\/wp-json\/wp\/v2\/categories?post=3084"},{"taxonomy":"post_tag","embeddable":true,"href":"https:\/\/www.au-pays-des-merveilles.com\/blog\/wp-json\/wp\/v2\/tags?post=3084"}],"curies":[{"name":"wp","href":"https:\/\/api.w.org\/{rel}","templated":true}]}}