{"id":3109,"date":"2009-02-25T06:31:39","date_gmt":"2009-02-25T05:31:39","guid":{"rendered":"http:\/\/www.au-pays-des-merveilles.com\/blog\/?p=3109"},"modified":"2019-03-22T17:17:46","modified_gmt":"2019-03-22T15:17:46","slug":"le-monochrome-de-bluegirl","status":"publish","type":"post","link":"https:\/\/www.au-pays-des-merveilles.com\/blog\/2009\/02\/25\/le-monochrome-de-bluegirl\/","title":{"rendered":"Le monochrome de bluegirl !"},"content":{"rendered":"<p><a href=\"https:\/\/www.au-pays-des-merveilles.com\/blog\/wp-content\/uploads\/2009\/02\/bleu.jpg\"><img loading=\"lazy\" decoding=\"async\" style=\"border-right: 0px; border-top: 0px; display: block; float: none; margin-left: auto; border-left: 0px; margin-right: auto; border-bottom: 0px\" title=\"Bleu\" src=\"https:\/\/www.au-pays-des-merveilles.com\/blog\/wp-content\/uploads\/2009\/02\/bleu-thumb.jpg\" border=\"0\" alt=\"Bleu\" width=\"320\" height=\"453\" \/><\/a><\/p>\n<p>Je suis en vacances alors je m\u2019amuse !! <em>Ouai enfin bon c\u2019est mon dernier jour de vacances donc je ne vais plus m\u2019amuser longtemps !<\/em> Mais en ce moment, je suis \u00e0 fond dans la retouche ! Je fais du grand n\u2019importe quoi, \u00e7a fonctionne pas toujours mais je teste ! <em>Vous pouvez d&rsquo;ailleurs admirer ci-dessus mon autoportrait en monochrome bleu ! <\/em><\/p>\n<p>Pour cela, j\u2019ai trouv\u00e9 un mag\u2019 de retouche photo \u00e0 la port\u00e9e de tous : <a rel=\"nofollow\" href=\"http:\/\/www.photoschool.fr\/\">Photoschool<\/a> ! J\u2019ai appris plein de choses mais j\u2019ai pas tout le temps r\u00e9ussi \u00e0 appliquer leurs pas \u00e0 pas ! Toujours est il que si vous voulez en savoir un peu plus, le premier exemplaire est cadeau <a rel=\"nofollow\" href=\"http:\/\/www.photoschool.fr\/\">ICI<\/a> ! <img src=\"https:\/\/www.au-pays-des-merveilles.com\/blog\/wp-includes\/images\/smilies\/9.gif\" alt=\"(gift)\" class=\"wp-smiley\" style=\"height: 1em; max-height: 1em;\" \/><\/p>\n<p>Bonnes retouches !<\/p>\n","protected":false},"excerpt":{"rendered":"<p>Je suis en vacances alors je m\u2019amuse !! Ouai enfin bon c\u2019est mon dernier jour de vacances donc je ne vais plus m\u2019amuser longtemps ! Mais en ce moment, je suis \u00e0 fond dans la retouche ! Je fais du grand n\u2019importe quoi, \u00e7a fonctionne pas toujours mais je teste ! Vous pouvez d&rsquo;ailleurs admirer<\/p>\n","protected":false},"author":1,"featured_media":0,"comment_status":"open","ping_status":"open","sticky":false,"template":"","format":"standard","meta":{"footnotes":""},"categories":[26],"tags":[],"class_list":["post-3109","post","type-post","status-publish","format-standard","hentry","category-photography"],"_links":{"self":[{"href":"https:\/\/www.au-pays-des-merveilles.com\/blog\/wp-json\/wp\/v2\/posts\/3109","targetHints":{"allow":["GET"]}}],"collection":[{"href":"https:\/\/www.au-pays-des-merveilles.com\/blog\/wp-json\/wp\/v2\/posts"}],"about":[{"href":"https:\/\/www.au-pays-des-merveilles.com\/blog\/wp-json\/wp\/v2\/types\/post"}],"author":[{"embeddable":true,"href":"https:\/\/www.au-pays-des-merveilles.com\/blog\/wp-json\/wp\/v2\/users\/1"}],"replies":[{"embeddable":true,"href":"https:\/\/www.au-pays-des-merveilles.com\/blog\/wp-json\/wp\/v2\/comments?post=3109"}],"version-history":[{"count":0,"href":"https:\/\/www.au-pays-des-merveilles.com\/blog\/wp-json\/wp\/v2\/posts\/3109\/revisions"}],"wp:attachment":[{"href":"https:\/\/www.au-pays-des-merveilles.com\/blog\/wp-json\/wp\/v2\/media?parent=3109"}],"wp:term":[{"taxonomy":"category","embeddable":true,"href":"https:\/\/www.au-pays-des-merveilles.com\/blog\/wp-json\/wp\/v2\/categories?post=3109"},{"taxonomy":"post_tag","embeddable":true,"href":"https:\/\/www.au-pays-des-merveilles.com\/blog\/wp-json\/wp\/v2\/tags?post=3109"}],"curies":[{"name":"wp","href":"https:\/\/api.w.org\/{rel}","templated":true}]}}