{"id":3139,"date":"2009-02-26T06:17:08","date_gmt":"2009-02-26T05:17:08","guid":{"rendered":"http:\/\/www.au-pays-des-merveilles.com\/blog\/?p=3139"},"modified":"2019-03-22T17:17:46","modified_gmt":"2019-03-22T15:17:46","slug":"gourmandises-de-carnaval-cahier-de-recettes","status":"publish","type":"post","link":"https:\/\/www.au-pays-des-merveilles.com\/blog\/2009\/02\/26\/gourmandises-de-carnaval-cahier-de-recettes\/","title":{"rendered":"Gourmandises de carnaval &#038; cahier de recettes"},"content":{"rendered":"<p><a href=\"https:\/\/www.au-pays-des-merveilles.com\/blog\/wp-content\/uploads\/2009\/02\/img-2373.jpg\"><img loading=\"lazy\" decoding=\"async\" style=\"border-right: 0px; border-top: 0px; display: block; float: none; margin-left: auto; border-left: 0px; margin-right: auto; border-bottom: 0px\" title=\"IMG_2373\" src=\"https:\/\/www.au-pays-des-merveilles.com\/blog\/wp-content\/uploads\/2009\/02\/img-2373-thumb.jpg\" border=\"0\" alt=\"IMG_2373\" width=\"430\" height=\"310\" \/><\/a>Ce sont les bugnes ! Des petits beignets st\u00e9phanois qui se mangent sans <span style=\"text-decoration: line-through;\">fin<\/span> faim\u00a0 !\u00a0 Ma mamounette en avait fait dimanche dernier, du coup \u00e7a m\u2019a donn\u00e9 envie. Je lui ai redemand\u00e9 la recette parce que je n\u2019arrivais plus \u00e0 remettre la main dessus \u2026<\/p>\n<p>L\u00e0 voici, l\u00e0 voil\u00e0 ! <em>Cliquez dessus pour l\u2019avoir en plus grand<\/em>.<\/p>\n<p><a href=\"https:\/\/www.au-pays-des-merveilles.com\/blog\/wp-content\/uploads\/2009\/02\/recettebugnes.jpg\"><img loading=\"lazy\" decoding=\"async\" style=\"border-right: 0px; border-top: 0px; display: block; float: none; margin-left: auto; border-left: 0px; margin-right: auto; border-bottom: 0px\" title=\"Recette bugnes\" src=\"https:\/\/www.au-pays-des-merveilles.com\/blog\/wp-content\/uploads\/2009\/02\/recettebugnes-thumb.jpg\" border=\"0\" alt=\"Recette bugnes\" width=\"430\" height=\"304\" \/><\/a><\/p>\n<p>Une id\u00e9e en entrainant une autre, je me suis dit qu\u2019il \u00e9tait temps que je fasse un peu de m\u00e9nage dans toutes mes recettes ! J\u2019ai tendance \u00e0 les prendre dans les mag\u2019 et \u00e0 les entasser \u2026 mais apr\u00e8s je me retrouve avec tout un tas de recettes et je ne sais m\u00eame plus ce que j\u2019ai ou pas \u2026 Alors j\u2019ai pris mon courage \u00e0 deux mains, et j\u2019ai fait tout un tri pour pouvoir faire mon cahier de recettes : assemblage, collage, recopiage \u2026 et tout \u00e7a dans un petit cahier achet\u00e9 \u00e0 Amsterdam (souvenirs souvenirs \u2026) ! Une petite photo autocollante de la POGO (<em>quelle bonne id\u00e9e \u00e7a<\/em> !) pour illustrer la recette et le cahier est pr\u00eat ! <img src=\"https:\/\/www.au-pays-des-merveilles.com\/blog\/wp-includes\/images\/smilies\/1.gif\" alt=\":)\" class=\"wp-smiley\" style=\"height: 1em; max-height: 1em;\" \/><\/p>\n<p style=\"text-align: center;\"><a href=\"https:\/\/www.au-pays-des-merveilles.com\/blog\/wp-content\/uploads\/2009\/02\/cahierrecettes.jpg\"><img loading=\"lazy\" decoding=\"async\" style=\"border-right: 0px; border-top: 0px; display: inline; border-left: 0px; border-bottom: 0px\" title=\"Cahier recettes\" src=\"https:\/\/www.au-pays-des-merveilles.com\/blog\/wp-content\/uploads\/2009\/02\/cahierrecettes-thumb.jpg\" border=\"0\" alt=\"Cahier recettes\" width=\"209\" height=\"152\" \/><\/a> <a href=\"https:\/\/www.au-pays-des-merveilles.com\/blog\/wp-content\/uploads\/2009\/02\/cahierrecettesmuffins.jpg\"><img loading=\"lazy\" decoding=\"async\" style=\"border-right: 0px; border-top: 0px; display: inline; border-left: 0px; border-bottom: 0px\" title=\"Cahier recettes muffins\" src=\"https:\/\/www.au-pays-des-merveilles.com\/blog\/wp-content\/uploads\/2009\/02\/cahierrecettesmuffins-thumb.jpg\" border=\"0\" alt=\"Cahier recettes muffins\" width=\"209\" height=\"146\" \/><\/a><\/p>\n<p style=\"text-align: center;\"><a href=\"https:\/\/www.au-pays-des-merveilles.com\/blog\/wp-content\/uploads\/2009\/02\/cahierrecettessals2.jpg\"><img loading=\"lazy\" decoding=\"async\" style=\"border-right: 0px; border-top: 0px; display: inline; border-left: 0px; border-bottom: 0px\" title=\"Cahier recettes sal\u00e9s2\" src=\"https:\/\/www.au-pays-des-merveilles.com\/blog\/wp-content\/uploads\/2009\/02\/cahierrecettessals2-thumb.jpg\" border=\"0\" alt=\"Cahier recettes sal\u00e9s2\" width=\"209\" height=\"156\" \/><\/a> <a href=\"https:\/\/www.au-pays-des-merveilles.com\/blog\/wp-content\/uploads\/2009\/02\/cahierrecettessals.jpg\"><img loading=\"lazy\" decoding=\"async\" style=\"border-right: 0px; border-top: 0px; display: inline; border-left: 0px; border-bottom: 0px\" title=\"Cahier recettes sal\u00e9s\" src=\"https:\/\/www.au-pays-des-merveilles.com\/blog\/wp-content\/uploads\/2009\/02\/cahierrecettessals-thumb.jpg\" border=\"0\" alt=\"Cahier recettes sal\u00e9s\" width=\"209\" height=\"146\" \/><\/a><\/p>\n<p style=\"text-align: center;\">\n<p style=\"text-align: right;\"><em>Et vous, vous avez votre cahier de recettes ?! <\/em><\/p>\n","protected":false},"excerpt":{"rendered":"<p>Ce sont les bugnes ! Des petits beignets st\u00e9phanois qui se mangent sans fin faim\u00a0 !\u00a0 Ma mamounette en avait fait dimanche dernier, du coup \u00e7a m\u2019a donn\u00e9 envie. Je lui ai redemand\u00e9 la recette parce que je n\u2019arrivais plus \u00e0 remettre la main dessus \u2026 L\u00e0 voici, l\u00e0 voil\u00e0 ! Cliquez dessus pour l\u2019avoir<\/p>\n","protected":false},"author":1,"featured_media":0,"comment_status":"open","ping_status":"open","sticky":false,"template":"","format":"standard","meta":{"footnotes":""},"categories":[10],"tags":[],"class_list":["post-3139","post","type-post","status-publish","format-standard","hentry","category-cook-book"],"_links":{"self":[{"href":"https:\/\/www.au-pays-des-merveilles.com\/blog\/wp-json\/wp\/v2\/posts\/3139","targetHints":{"allow":["GET"]}}],"collection":[{"href":"https:\/\/www.au-pays-des-merveilles.com\/blog\/wp-json\/wp\/v2\/posts"}],"about":[{"href":"https:\/\/www.au-pays-des-merveilles.com\/blog\/wp-json\/wp\/v2\/types\/post"}],"author":[{"embeddable":true,"href":"https:\/\/www.au-pays-des-merveilles.com\/blog\/wp-json\/wp\/v2\/users\/1"}],"replies":[{"embeddable":true,"href":"https:\/\/www.au-pays-des-merveilles.com\/blog\/wp-json\/wp\/v2\/comments?post=3139"}],"version-history":[{"count":0,"href":"https:\/\/www.au-pays-des-merveilles.com\/blog\/wp-json\/wp\/v2\/posts\/3139\/revisions"}],"wp:attachment":[{"href":"https:\/\/www.au-pays-des-merveilles.com\/blog\/wp-json\/wp\/v2\/media?parent=3139"}],"wp:term":[{"taxonomy":"category","embeddable":true,"href":"https:\/\/www.au-pays-des-merveilles.com\/blog\/wp-json\/wp\/v2\/categories?post=3139"},{"taxonomy":"post_tag","embeddable":true,"href":"https:\/\/www.au-pays-des-merveilles.com\/blog\/wp-json\/wp\/v2\/tags?post=3139"}],"curies":[{"name":"wp","href":"https:\/\/api.w.org\/{rel}","templated":true}]}}