{"id":31682,"date":"2019-07-21T11:20:48","date_gmt":"2019-07-21T09:20:48","guid":{"rendered":"https:\/\/www.au-pays-des-merveilles.com\/blog\/?p=31682"},"modified":"2019-07-21T11:22:26","modified_gmt":"2019-07-21T09:22:26","slug":"des-cheveux-plus-longs-avec-luxeol","status":"publish","type":"post","link":"https:\/\/www.au-pays-des-merveilles.com\/blog\/2019\/07\/21\/des-cheveux-plus-longs-avec-luxeol\/","title":{"rendered":"Des cheveux plus longs avec Lux\u00e9ol"},"content":{"rendered":"\n<p>C&rsquo;est d\u00e9cid\u00e9, cet \u00e9t\u00e9, je laisse pousser mes cheveux ! Souvent femme varie hein &#8230; il y a encore quelques semaines, j&rsquo;\u00e9tais pr\u00eate \u00e0 tout couper et finalement, lorsque je revois des photos de moi avec des cheveux en dessous des \u00e9paules, je me dis que c&rsquo;est quand m\u00eame parfois plus facile pour faire des coiffures, les relever ou m\u00eame ne rien faire et les laisser faire leur vie ! Et je me demande m\u00eame si avoir les cheveux courts ne demande pas plus d&rsquo;attention que si on les a longs &#8230; qu&rsquo;en pensez vous ? <\/p>\n\n\n\n<p>Du coup, quand <a href=\"https:\/\/www.hivency.com\/fr\/\" class=\"broken_link\">Hivency<\/a> a propos\u00e9 de m&rsquo;offrir une boite de <strong>compl\u00e9ments alimentaires<\/strong> <a href=\"http:\/\/bit.ly\/2Jps4K5\">Lux\u00e9ol<\/a> <strong>Pousse Croissance &amp; Fortification Cheveux<\/strong>, j&rsquo;ai dit oui tout de suite ! J&rsquo;\u00e9tais curieuse de connaitre les effets de ces g\u00e9lules et je me suis dit que je ne risquais pas grand chose quand j&rsquo;ai vu la composition \u00e0 base de plantes, vitamines et min\u00e9raux de ce produit. <\/p>\n\n\n\n<p>En effet, la <strong>Roquette<\/strong> participe \u00e0 la stimulation du bulbe capillaire et favorise la pousse des cheveux, la <strong>Pr\u00eale des champs<\/strong> am\u00e9liore l&rsquo;\u00e9tat et favorise la croissance et la fortification des cheveux, le <strong>Zinc<\/strong>, les <strong>Vitamines B6, B8<\/strong> et le <strong>S\u00e9l\u00e9nium<\/strong> contribuent au maintien des cheveux normaux , et le <strong>Cuivre <\/strong>contribue \u00e0 la pigmentation normale des cheveux. Je prends une g\u00e9lule par jours lors de mon petit d\u00e9j avec un verre d&rsquo;eau. <\/p>\n\n\n\n<div class=\"wp-block-image\"><figure class=\"aligncenter is-resized\"><img loading=\"lazy\" decoding=\"async\" src=\"https:\/\/www.au-pays-des-merveilles.com\/blog\/wp-content\/uploads\/2019\/07\/Luxeol-668x1024.jpg\" alt=\"\" class=\"wp-image-31683\" width=\"509\" height=\"780\" srcset=\"https:\/\/www.au-pays-des-merveilles.com\/blog\/wp-content\/uploads\/2019\/07\/Luxeol-668x1024.jpg 668w, https:\/\/www.au-pays-des-merveilles.com\/blog\/wp-content\/uploads\/2019\/07\/Luxeol-196x300.jpg 196w, https:\/\/www.au-pays-des-merveilles.com\/blog\/wp-content\/uploads\/2019\/07\/Luxeol-768x1178.jpg 768w\" sizes=\"auto, (max-width: 509px) 100vw, 509px\" \/><\/figure><\/div>\n\n\n\n<p>Cela fait 15 jours maintenant que je prends ma g\u00e9lule de <a href=\"http:\/\/bit.ly\/2Jps4K5\">Lux\u00e9ol<\/a> et je n&rsquo;ai pas vu d&rsquo;effets ind\u00e9sirables pour le moment comme certaines lectrices du style les poils qui poussent ! Oui, parce que forc\u00e9ment si les cheveux poussent, les poils aussi ! Pas vu pour le moment ! En revanche, je trouve que mes cheveux sont beaucoup plus brillants et plus faciles \u00e0 coiffer.  Je vais continuer, je vous en reparle dans 15 jours comme \u00e7a, \u00e7a fera un mois et je pense m\u00eame que je vais reprendre deux autres boites pour faire une cure de trois mois <img src=\"https:\/\/www.au-pays-des-merveilles.com\/blog\/wp-includes\/images\/smilies\/1.gif\" alt=\":)\" class=\"wp-smiley\" style=\"height: 1em; max-height: 1em;\" \/> J&rsquo;ai fait une photo avant, je vous ferai le bilan \u00e0 la fin. <\/p>\n\n\n\n<p>Avez vous d\u00e9j\u00e0 test\u00e9 cette cure ? Est ce que cela a fonctionn\u00e9 pour vous ? Avez vous les cheveux de Raiponce maintenant ? Dites moi tout !<\/p>\n","protected":false},"excerpt":{"rendered":"<p>C&rsquo;est d\u00e9cid\u00e9, cet \u00e9t\u00e9, je laisse pousser mes cheveux ! Souvent femme varie hein &#8230; il y a encore quelques semaines, j&rsquo;\u00e9tais pr\u00eate \u00e0 tout couper et finalement, lorsque je revois des photos de moi avec des cheveux en dessous des \u00e9paules, je me dis que c&rsquo;est quand m\u00eame parfois plus facile pour faire des<\/p>\n","protected":false},"author":1,"featured_media":31684,"comment_status":"open","ping_status":"open","sticky":false,"template":"","format":"standard","meta":{"footnotes":""},"categories":[1697,6],"tags":[49,73,1970,1969],"class_list":["post-31682","post","type-post","status-publish","format-standard","has-post-thumbnail","hentry","category-mode-beaute-sante","category-beautiful-girl","tag-beaute","tag-cheveux","tag-hivency","tag-luxeol"],"_links":{"self":[{"href":"https:\/\/www.au-pays-des-merveilles.com\/blog\/wp-json\/wp\/v2\/posts\/31682","targetHints":{"allow":["GET"]}}],"collection":[{"href":"https:\/\/www.au-pays-des-merveilles.com\/blog\/wp-json\/wp\/v2\/posts"}],"about":[{"href":"https:\/\/www.au-pays-des-merveilles.com\/blog\/wp-json\/wp\/v2\/types\/post"}],"author":[{"embeddable":true,"href":"https:\/\/www.au-pays-des-merveilles.com\/blog\/wp-json\/wp\/v2\/users\/1"}],"replies":[{"embeddable":true,"href":"https:\/\/www.au-pays-des-merveilles.com\/blog\/wp-json\/wp\/v2\/comments?post=31682"}],"version-history":[{"count":0,"href":"https:\/\/www.au-pays-des-merveilles.com\/blog\/wp-json\/wp\/v2\/posts\/31682\/revisions"}],"wp:featuredmedia":[{"embeddable":true,"href":"https:\/\/www.au-pays-des-merveilles.com\/blog\/wp-json\/wp\/v2\/media\/31684"}],"wp:attachment":[{"href":"https:\/\/www.au-pays-des-merveilles.com\/blog\/wp-json\/wp\/v2\/media?parent=31682"}],"wp:term":[{"taxonomy":"category","embeddable":true,"href":"https:\/\/www.au-pays-des-merveilles.com\/blog\/wp-json\/wp\/v2\/categories?post=31682"},{"taxonomy":"post_tag","embeddable":true,"href":"https:\/\/www.au-pays-des-merveilles.com\/blog\/wp-json\/wp\/v2\/tags?post=31682"}],"curies":[{"name":"wp","href":"https:\/\/api.w.org\/{rel}","templated":true}]}}