{"id":31784,"date":"2019-08-18T18:16:57","date_gmt":"2019-08-18T16:16:57","guid":{"rendered":"https:\/\/www.au-pays-des-merveilles.com\/blog\/?p=31784"},"modified":"2019-08-18T18:16:58","modified_gmt":"2019-08-18T16:16:58","slug":"routine-beaute-du-visage-ete-2019","status":"publish","type":"post","link":"https:\/\/www.au-pays-des-merveilles.com\/blog\/2019\/08\/18\/routine-beaute-du-visage-ete-2019\/","title":{"rendered":"Routine beaut\u00e9 du visage \u00c9t\u00e9 2019"},"content":{"rendered":"\n<p>Plus d&rsquo;<a href=\"https:\/\/www.au-pays-des-merveilles.com\/blog\/2018\/06\/20\/routine-beaute-visage-printemps-ete\">un an apr\u00e8s<\/a>, je vous raconte o\u00f9 j&rsquo;en suis niveau soins du visage. D\u00e9j\u00e0, je suis arriv\u00e9e \u00e0 mon objectif : ne plus mettre de fond de teint, \u00e9t\u00e9 comme hiver. Ma peau s&rsquo;en porte beaucoup mieux. Cela \u00e9tant, je fais attention aux produits que j&rsquo;applique car en fonction, je vois qu&rsquo;elle est plus ou moins nette, sans imperfections, sans rougeurs &#8230; J&rsquo;ai adopt\u00e9 depuis quelques mois une routine qui va me bien. Le point positif c&rsquo;est qu&rsquo;elle n&rsquo;est pas co\u00fbteuse vu que je n&rsquo;utilise pas de produits de luxe et j&rsquo;essaie au maximum de limiter le nombre de produits. Je vous explique : <\/p>\n\n\n\n<div class=\"wp-block-image\"><figure class=\"aligncenter\"><img loading=\"lazy\" decoding=\"async\" width=\"1024\" height=\"1024\" src=\"https:\/\/www.au-pays-des-merveilles.com\/blog\/wp-content\/uploads\/2019\/08\/2019-08-18-16-24-05-1024x1024.jpg\" alt=\"\" class=\"wp-image-31789\" srcset=\"https:\/\/www.au-pays-des-merveilles.com\/blog\/wp-content\/uploads\/2019\/08\/2019-08-18-16-24-05-1024x1024.jpg 1024w, https:\/\/www.au-pays-des-merveilles.com\/blog\/wp-content\/uploads\/2019\/08\/2019-08-18-16-24-05-150x150.jpg 150w, https:\/\/www.au-pays-des-merveilles.com\/blog\/wp-content\/uploads\/2019\/08\/2019-08-18-16-24-05-300x300.jpg 300w, https:\/\/www.au-pays-des-merveilles.com\/blog\/wp-content\/uploads\/2019\/08\/2019-08-18-16-24-05-768x768.jpg 768w\" sizes=\"auto, (max-width: 1024px) 100vw, 1024px\" \/><\/figure><\/div>\n\n\n\n<h2 class=\"wp-block-heading\">Le matin <\/h2>\n\n\n\n<p>Apr\u00e8s le brossage des dents, je me lave le visage avec un savon au lait de ch\u00e8vre que je trouve terrible, c&rsquo;est <strong>le savon lait de ch\u00e8vre masque<\/strong> de <a href=\"https:\/\/www.pinup-secret.fr\/soins-visage-masque-visage\/11-savon-lait-de-chevre-masque-creme-visage.html?gclid=CjwKCAjw7uPqBRBlEiwAYDsr15HqCxhUZ9xYX7gTzKnafaKNme7HBptRsTetrunLuAP1dOM78u6ogRoCbDYQAvD_BwE\">PinUp Secret.<\/a> C&rsquo;est un savon 100% naturel et artisanal qui traite les probl\u00e8mes de peau comme l&rsquo;acn\u00e9, l&rsquo;ecz\u00e9ma, le psoriasis, les coupures, les t\u00e2ches, &#8230; Cela fait d\u00e9j\u00e0 plus de 3 mois que je l&rsquo;utilise tous les jours et vous voyez, il m&rsquo;en reste encore pour quelques mois ! Il est anti fongique, anti bact\u00e9rien, anti t\u00e2ches. On peut \u00e9galement l&rsquo;utiliser en masque une fois par semaine car sa mousse de savon se transforme en un masque\u00a0 cr\u00e8me, blanc et onctueux. On laisse poser  3 \u00e0 15 minutes puis on rince. Tout le reste de la semaine, je lave mon visage avec ce savon masque seulement, matin et soir. R\u00e9sultats garantis ! <\/p>\n\n\n\n<p>Pour rincer la peau, j&rsquo;utilise des lingettes lavables en coton ou en bambou, c&rsquo;est plus \u00e9cologique, \u00e9conomique, et pratique ! <\/p>\n\n\n\n<p>Pour d\u00e9barasser la peau du calcaire, j&rsquo;applique une lotion florale qui sent d\u00e9licieusement bon, ici c&rsquo;est un <strong>hydrolat de fleur d&rsquo;oranger <\/strong>de la marque <a href=\"https:\/\/www.typology.com\/\">TYPOLOGY<\/a>. dont je vous avais parl\u00e9 au mois de mai suite \u00e0 un test de masque maison que je n&rsquo;avais pas r\u00e9ussi ! Pour le coup, l\u00e0 ma routine beaut\u00e9 est essentiellement compos\u00e9e de leurs produits parce que je trouve leur philosophie tr\u00e8s chouette comme des formulations hyper r\u00e9glo, avec des produits bio et durables ainsi que des techniques d\u2019extraction douces. Toute la production est fran\u00e7aise. Ils privil\u00e9gient les packagings en verre, plats, moins gros pour votre boite \u00e0 lettres, r\u00e9utilisables et vous pouvez m\u00eame leur renvoyer pour qu\u2019ils les r\u00e9utilisent apr\u00e8s.C&rsquo;est impeccable parce qu&rsquo;avec leurs formats de 100 ml, on peut les glisser dans la valise cabine pour le voyage. Et cerise sur le g\u00e2teau : les prix sont ultra corrects ! Le seul inconv\u00e9nient c&rsquo;est qu&rsquo;ils sont souvent sold out. Il faut v\u00e9rifier de temps en temps si le r\u00e9assort a \u00e9t\u00e9 fait. J&rsquo;ai pratiquement fini ma bouteille, j&rsquo;attends qu&rsquo;ils en remettent en ligne vite vite ! Si vous souhaitez tester leurs produits et je vous invite vraiment \u00e0 le faire, j&rsquo;ai un <strong>code cadeau pour 5 d&rsquo;entre vous<\/strong> afin d&rsquo;obtenir un produit offert pour toute commande chez TYPOLOGY. N&rsquo;h\u00e9sitez pas \u00e0 me l&rsquo;indiquer dans les commentaires. <\/p>\n\n\n\n<p>Juste apr\u00e8s, ma peau est pr\u00eate pour recevoir sa dose d&rsquo;hydratation avec le <strong>s\u00e9rum hydratant<\/strong> <a href=\"https:\/\/www.typology.com\/products\/acide-hyaluronique-3-b5-2\">Acide Hyaluronique de TYPOLOGY<\/a> toujours. J&rsquo;applique 3-4 gouttes directement sur mon visage. \u00c7a ne tire pas, ne colle pas, c&rsquo;est vegan, et sans parfum. Je compl\u00e8te enfin une cr\u00e8me hydratante. J&rsquo;ai voulu tester leurs cr\u00e8mes mais l\u00e0 encore, sold out ! Du coup, cela fait des semaines que je me fais un petit mix entre la <strong>cr\u00e8me hydratante <\/strong>de la gamme Serum V\u00e9g\u00e9tal <a href=\"https:\/\/www.yves-rocher.fr\/soin-visage\/type-de-soin\/creme-de-jour\/soin-lissant-jour---rides-et-eclat\/p\/yr.R40051\">Yves Rocher &#8211; soin lissant rides et \u00e9clat <\/a>&#8211; qui est bien riche et plut\u00f4t \u00e9paisse avec <strong>la protection solaire matifiante visage <\/strong>de chez <a href=\"https:\/\/amzn.to\/2Mqn9fI\">REN<\/a>. Cette derni\u00e8re est tr\u00e8s \u00e9paisse, c&rsquo;est ce qui explique certainement son efficacit\u00e9 car il est essentiel de sortir avec une cr\u00e8me solaire sur le visage \u00e9t\u00e9 comme hiver &#8230; Je la fonds avec la cr\u00e8me hydratante pour qu&rsquo;elle soit plus facile \u00e0 appliquer. Il n&rsquo;est pas facile d&rsquo;en trouver une avec une compo clean, et qui ne soit pas grasse. Celle ci au contraire matifie, est v\u00e9gan, et prot\u00e8ge impeccablement bien. Je l&rsquo;ai adopt\u00e9 ! <\/p>\n\n\n\n<p>Et voil\u00e0, je ne mets pas de fond de teint, je poudre un petit peu histoire d&rsquo;avoir un peu moins cet effet glowy dont je ne suis pas fan. Un coup de blush ou de terre de soleil, mascara, rouge \u00e0 l\u00e8vres, et je suis pr\u00eate pour sortir !<\/p>\n\n\n\n<div class=\"wp-block-image\"><figure class=\"aligncenter\"><img loading=\"lazy\" decoding=\"async\" width=\"1024\" height=\"1024\" src=\"https:\/\/www.au-pays-des-merveilles.com\/blog\/wp-content\/uploads\/2019\/08\/2019-08-18-16-23-21-1024x1024.jpg\" alt=\"\" class=\"wp-image-31788\" srcset=\"https:\/\/www.au-pays-des-merveilles.com\/blog\/wp-content\/uploads\/2019\/08\/2019-08-18-16-23-21-1024x1024.jpg 1024w, https:\/\/www.au-pays-des-merveilles.com\/blog\/wp-content\/uploads\/2019\/08\/2019-08-18-16-23-21-150x150.jpg 150w, https:\/\/www.au-pays-des-merveilles.com\/blog\/wp-content\/uploads\/2019\/08\/2019-08-18-16-23-21-300x300.jpg 300w, https:\/\/www.au-pays-des-merveilles.com\/blog\/wp-content\/uploads\/2019\/08\/2019-08-18-16-23-21-768x768.jpg 768w\" sizes=\"auto, (max-width: 1024px) 100vw, 1024px\" \/><\/figure><\/div>\n\n\n\n<h2 class=\"wp-block-heading\">Le soir<\/h2>\n\n\n\n<p>Ma routine beaut\u00e9 ne change pas fondamentalement avec celle du matin puisque je r\u00e9utilise les produits du matin, voyez comme c&rsquo;est \u00e9conomique ! Les seules diff\u00e9rences tiennent au <strong>d\u00e9maquillant <\/strong>puisque l\u00e0 aussi j&rsquo;utilise un produit de la marque TYPOLOGY que j&rsquo;affectionne particuli\u00e8rement : <a href=\"https:\/\/www.typology.com\/products\/huile-demaquillante-a-7-ingredients\">l&rsquo;huile d\u00e9maquillante \u00e0 7 ingr\u00e9dients <\/a>avec de l&rsquo;huile d&rsquo;amande douce notamment, de l&rsquo;huile de graine de tournesol, de la vitamine E &#8230; Je l&rsquo;applique du bout des doigts et je malaxe le visage pour bien enlever tout le make-up. Ensuite, j&rsquo;enl\u00e8ve le tout avec une lingette lavable puis je me lave le visage toujours avec le m\u00eame savon au lait de ch\u00e8vre. La peau est d\u00e9barrass\u00e9e de toutes ses impuret\u00e9s, propre et nette. Pour enlever le calcaire, je passe toujours un coton de fleur d&rsquo;oranger. Et enfin, apr\u00e8s l&rsquo;acide hyaluronique, j&rsquo;applique ma <strong>cr\u00e8me de nuit<\/strong>, toujours de chez <a href=\"https:\/\/www.yves-rocher.fr\/soin-visage\/type-de-soin\/creme-de-nuit\/soin-recuperateur-nuit---rides-et-eclat\/p\/yr.R77082\">Yves Rocher, le soin r\u00e9cup\u00e9rateur nuit<\/a> rides et \u00e9clat. Je suis fan de sa texture cr\u00e8me-rebond lissante.  Avec tous ces produits, je n&rsquo;ai fait aucune r\u00e9action, ni de rougeurs, ni de boutons &#8230; Je ne suis pas pr\u00eate d&rsquo;en changer car elle me convient particuli\u00e8rement. Je l&rsquo;ai consid\u00e9rablement r\u00e9duite parce qu&rsquo;il est vrai que le soir, on a un peu la flemme de s&rsquo;appliquer tout un tas de produits. Et je pense que ma peau respire mieux, surtout avec des produits naturels et sans merdouilles ! On verra cet hiver &#8230; je vous ferais certainement une nouvelle routine beaut\u00e9 ! <\/p>\n","protected":false},"excerpt":{"rendered":"<p>Plus d&rsquo;un an apr\u00e8s, je vous raconte o\u00f9 j&rsquo;en suis niveau soins du visage. D\u00e9j\u00e0, je suis arriv\u00e9e \u00e0 mon objectif : ne plus mettre de fond de teint, \u00e9t\u00e9 comme hiver. Ma peau s&rsquo;en porte beaucoup mieux. Cela \u00e9tant, je fais attention aux produits que j&rsquo;applique car en fonction, je vois qu&rsquo;elle est plus<\/p>\n","protected":false},"author":1,"featured_media":31787,"comment_status":"open","ping_status":"open","sticky":false,"template":"","format":"standard","meta":{"footnotes":""},"categories":[6],"tags":[49,399,1994,1995,1996,905,1992,1993,1149,894,895,896,74,1943,1991,1497],"class_list":["post-31784","post","type-post","status-publish","format-standard","has-post-thumbnail","hentry","category-beautiful-girl","tag-beaute","tag-fond-de-teint","tag-lait-de-chevre","tag-pinup-secret","tag-ren","tag-routine","tag-routine-beaute","tag-savon","tag-soin","tag-soin-anti-age-visage","tag-soin-anti-rides","tag-soin-perfecteur-de-teint","tag-soins","tag-typology","tag-visage","tag-yves-rocher"],"_links":{"self":[{"href":"https:\/\/www.au-pays-des-merveilles.com\/blog\/wp-json\/wp\/v2\/posts\/31784","targetHints":{"allow":["GET"]}}],"collection":[{"href":"https:\/\/www.au-pays-des-merveilles.com\/blog\/wp-json\/wp\/v2\/posts"}],"about":[{"href":"https:\/\/www.au-pays-des-merveilles.com\/blog\/wp-json\/wp\/v2\/types\/post"}],"author":[{"embeddable":true,"href":"https:\/\/www.au-pays-des-merveilles.com\/blog\/wp-json\/wp\/v2\/users\/1"}],"replies":[{"embeddable":true,"href":"https:\/\/www.au-pays-des-merveilles.com\/blog\/wp-json\/wp\/v2\/comments?post=31784"}],"version-history":[{"count":0,"href":"https:\/\/www.au-pays-des-merveilles.com\/blog\/wp-json\/wp\/v2\/posts\/31784\/revisions"}],"wp:featuredmedia":[{"embeddable":true,"href":"https:\/\/www.au-pays-des-merveilles.com\/blog\/wp-json\/wp\/v2\/media\/31787"}],"wp:attachment":[{"href":"https:\/\/www.au-pays-des-merveilles.com\/blog\/wp-json\/wp\/v2\/media?parent=31784"}],"wp:term":[{"taxonomy":"category","embeddable":true,"href":"https:\/\/www.au-pays-des-merveilles.com\/blog\/wp-json\/wp\/v2\/categories?post=31784"},{"taxonomy":"post_tag","embeddable":true,"href":"https:\/\/www.au-pays-des-merveilles.com\/blog\/wp-json\/wp\/v2\/tags?post=31784"}],"curies":[{"name":"wp","href":"https:\/\/api.w.org\/{rel}","templated":true}]}}