{"id":319,"date":"2008-03-07T07:00:56","date_gmt":"2008-03-07T06:00:56","guid":{"rendered":"http:\/\/www.au-pays-des-merveilles.com\/blog\/?p=319"},"modified":"2019-04-28T12:18:50","modified_gmt":"2019-04-28T10:18:50","slug":"comment-shabiller-pour-un-mariage","status":"publish","type":"post","link":"https:\/\/www.au-pays-des-merveilles.com\/blog\/2008\/03\/07\/comment-shabiller-pour-un-mariage\/","title":{"rendered":"Comment s&rsquo;habiller pour un mariage ?"},"content":{"rendered":"<p>Parce que je ne sais pas quoi faire &#8230; Je vous avais d\u00e9j\u00e0 saoul\u00e9 avec \u00e7a l&rsquo;ann\u00e9e derni\u00e8re ! et bien la question se repose encore aujourd&rsquo;hui !! L&rsquo;ann\u00e9e derni\u00e8re j&rsquo;avais opt\u00e9 pour un joli tailleur pantalon 123 mais cette ann\u00e9e j&rsquo;ai envie de changer vu que j&rsquo;ai (encore) un mariage au mois de Juin &#8230; toujours pas le miens !! z&rsquo;inqui\u00e8tez pas, je vous pr\u00e9viendrais de toute fa\u00e7on !! <img src=\"https:\/\/www.au-pays-des-merveilles.com\/blog\/wp-includes\/images\/smilies\/4.gif\" alt=\":D\" class=\"wp-smiley\" style=\"height: 1em; max-height: 1em;\" \/><\/p>\n<p>Donc j&rsquo;ai look\u00e9 des tenues, j&rsquo;en ai vu de tr\u00e8s jolies sur un nouveau catalogue que j&rsquo;ai re\u00e7u \u00e0 la maison. C&rsquo;est APART. Je ne sais pas si vous connaissez. Ils n&rsquo;ont pas de boutique en ligne mais vous pouvez leur demander le catalogue. Beaucoup de mod\u00e8les me plaisent, c&rsquo;est juste le prix qui me plait moins !! Faut compter au minimum 100 euros par robe (et encore l\u00e0 c&rsquo;est la plus moche !!) &#8230; donc \u00e7a fait r\u00e9fl\u00e9chir &#8230;<\/p>\n<p>Et hier, j&rsquo;ai re\u00e7u dans ma boite mail, un courrier de <a rel=\"nofollow\" href=\"http:\/\/www.promod.fr\/\">Promod.fr<\/a> avec des tenues pour les grandes occasions ! Et l\u00e0 j&rsquo;ai trouv\u00e9 une tenue qui me plait BEAUCOUP !! mais je me demande si c&rsquo;est le genre de tenue que l&rsquo;on peut mettre pour un mariage parce qu&rsquo;elle est quand m\u00eame tr\u00e8s claire et que \u00e7a ne se fait pas vis-\u00e0-vis de la mari\u00e9e &#8230; gna gna gna (ce n&rsquo;est pas moi qui dis \u00e7a hein !) . Je vous montre :<\/p>\n<p><a href=\"https:\/\/www.au-pays-des-merveilles.com\/blog\/wp-content\/uploads\/2008\/03\/tenue-de-mariage-page-0.jpg\"><\/a><a href=\"https:\/\/www.au-pays-des-merveilles.com\/blog\/wp-content\/uploads\/2008\/03\/tenue-de-mariage-page-0.jpg\"><\/p>\n<p style=\"text-align: center\"><img loading=\"lazy\" decoding=\"async\" border=\"0\" width=\"520\" src=\"https:\/\/www.au-pays-des-merveilles.com\/blog\/wp-content\/uploads\/2008\/03\/tenue-de-mariage-page-0-thumb.jpg\" alt=\"tenue_de_mariage_Page_0\" height=\"354\" style=\"border: 0px\" \/><\/p>\n<p><\/a>Je vous ai mis les prix pour voir. Ca fait un total de 144,85 euros (quand m\u00eame !!) sans compter les accessoires &#8230; Mais je la trouve super jolie (c&rsquo;est pas tr\u00e8s objectif tout \u00e7a !!) : une robe toucher soie, un manteau chic et couture, des escarpins iris\u00e9s &#8230; arf &#8230; Mon dilemme : l\u00e9 tr\u00e8s jolie d&rsquo;accord mais bon ce prix l\u00e0 \u00e7a me fait un peu suer (surtout en ce moment ! mon pouvoir d&rsquo;achat est au plus bas comme beaucoup de fran\u00e7ais\u00a0&#8230; hum hum &#8230; ), la couleur suis pas s\u00fbre m\u00eame si \u00e7a me plait beaucoup, et j&rsquo;ai pas essay\u00e9 donc si \u00e7a ne va pas , retour et tout le binz &#8230;<\/p>\n<p>Quoi que vous en pensez vous ?<\/p>\n<p>Qu&rsquo;est ce que je fais ?! je d\u00e9gaine ma CB (qui est vide !) ou bien ?!!<\/p>\n<p><u>PS<\/u> : si quelqu&rsquo;une a un bon de r\u00e9duc&rsquo; chez <a rel=\"nofollow\" href=\"http:\/\/www.promod.fr\/\">Promod<\/a>, je prends !! <img src=\"https:\/\/www.au-pays-des-merveilles.com\/blog\/wp-includes\/images\/smilies\/7.gif\" alt=\"(yes)\" class=\"wp-smiley\" style=\"height: 1em; max-height: 1em;\" \/><\/p>\n<p align=\"center\">******<\/p>\n<p align=\"center\"><u>Petit bonheur du jour :<\/u> l&rsquo;aide de la Greluche pour me d\u00e9p\u00eatrer des codes CSS ! Thanks a lot poulette ! J&rsquo;attends ton adresse postale &#8230; A little surprizzz t&rsquo;attend ! <img src=\"https:\/\/www.au-pays-des-merveilles.com\/blog\/wp-includes\/images\/smilies\/1.gif\" alt=\":)\" class=\"wp-smiley\" style=\"height: 1em; max-height: 1em;\" \/><\/p>\n<p align=\"center\"><a href=\"https:\/\/www.au-pays-des-merveilles.com\/blog\/wp-content\/uploads\/2008\/03\/19638827-p-thumb.jpg\" title=\"19638827-p-thumb.jpg\"><img decoding=\"async\" src=\"https:\/\/www.au-pays-des-merveilles.com\/blog\/wp-content\/uploads\/2008\/03\/19638827-p-thumb.jpg\" alt=\"19638827-p-thumb.jpg\" \/><\/a><\/p>\n","protected":false},"excerpt":{"rendered":"<p>Parce que je ne sais pas quoi faire &#8230; Je vous avais d\u00e9j\u00e0 saoul\u00e9 avec \u00e7a l&rsquo;ann\u00e9e derni\u00e8re ! et bien la question se repose encore aujourd&rsquo;hui !! L&rsquo;ann\u00e9e derni\u00e8re j&rsquo;avais opt\u00e9 pour un joli tailleur pantalon 123 mais cette ann\u00e9e j&rsquo;ai envie de changer vu que j&rsquo;ai (encore) un mariage au mois de Juin<\/p>\n","protected":false},"author":1,"featured_media":0,"comment_status":"open","ping_status":"open","sticky":false,"template":"","format":"standard","meta":{"footnotes":""},"categories":[6],"tags":[],"class_list":["post-319","post","type-post","status-publish","format-standard","hentry","category-beautiful-girl"],"_links":{"self":[{"href":"https:\/\/www.au-pays-des-merveilles.com\/blog\/wp-json\/wp\/v2\/posts\/319","targetHints":{"allow":["GET"]}}],"collection":[{"href":"https:\/\/www.au-pays-des-merveilles.com\/blog\/wp-json\/wp\/v2\/posts"}],"about":[{"href":"https:\/\/www.au-pays-des-merveilles.com\/blog\/wp-json\/wp\/v2\/types\/post"}],"author":[{"embeddable":true,"href":"https:\/\/www.au-pays-des-merveilles.com\/blog\/wp-json\/wp\/v2\/users\/1"}],"replies":[{"embeddable":true,"href":"https:\/\/www.au-pays-des-merveilles.com\/blog\/wp-json\/wp\/v2\/comments?post=319"}],"version-history":[{"count":0,"href":"https:\/\/www.au-pays-des-merveilles.com\/blog\/wp-json\/wp\/v2\/posts\/319\/revisions"}],"wp:attachment":[{"href":"https:\/\/www.au-pays-des-merveilles.com\/blog\/wp-json\/wp\/v2\/media?parent=319"}],"wp:term":[{"taxonomy":"category","embeddable":true,"href":"https:\/\/www.au-pays-des-merveilles.com\/blog\/wp-json\/wp\/v2\/categories?post=319"},{"taxonomy":"post_tag","embeddable":true,"href":"https:\/\/www.au-pays-des-merveilles.com\/blog\/wp-json\/wp\/v2\/tags?post=319"}],"curies":[{"name":"wp","href":"https:\/\/api.w.org\/{rel}","templated":true}]}}