{"id":32556,"date":"2024-07-05T16:20:23","date_gmt":"2024-07-05T15:20:23","guid":{"rendered":"https:\/\/www.au-pays-des-merveilles.com\/blog\/?p=32556"},"modified":"2024-07-05T16:20:47","modified_gmt":"2024-07-05T15:20:47","slug":"de-retour-3","status":"publish","type":"post","link":"https:\/\/www.au-pays-des-merveilles.com\/blog\/2024\/07\/05\/de-retour-3\/","title":{"rendered":"De retour &#8230;"},"content":{"rendered":"\n<p><\/p>\n\n\n\n<p>Sous vos yeux \u00e9bahis et apr\u00e8s presque 3 ans d&rsquo;absence, me voil\u00e0 de retour sur le blog !<em> J&rsquo;imagine certain.e.s d&rsquo;entre vous dire c&rsquo;est qui celle-l\u00e0 ? <\/em>Moi m\u00eame, je n&rsquo;en reviens pas ! <img src=\"https:\/\/www.au-pays-des-merveilles.com\/blog\/wp-includes\/images\/smilies\/1.gif\" alt=\":)\" class=\"wp-smiley\" style=\"height: 1em; max-height: 1em;\" \/> <\/p>\n\n\n\n<p>Je peux vous dire que pendant ces 3 ans, j&rsquo;ai tergivers\u00e9 \u00e0 savoir si j&rsquo;allais fermer le site ou pas. Chaque ann\u00e9e, au moment de renouveler l&rsquo;h\u00e9bergement et le nom de domaine, je ne me r\u00e9sous pas \u00e0 le cl\u00f4turer. Ouvert en <a href=\"https:\/\/www.au-pays-des-merveilles.com\/blog\/2007\/12\/28\/bonjour-tout-le-monde\/\" data-type=\"link\" data-id=\"https:\/\/www.au-pays-des-merveilles.com\/blog\/2007\/12\/28\/bonjour-tout-le-monde\/\">2007<\/a>, je me souviens encore de ce jour comme si c&rsquo;\u00e9tait hier. 17 ans de blogging (<em>non ok j&rsquo;ai trich\u00e9, 14 ans<\/em> ) sont difficiles \u00e0 effacer du jour au lendemain. Et il a suffit que mon site plante complet pour que je le r\u00e9active aujourd&rsquo;hui. Bon, je me doute que je n&rsquo;aurais pas autant de lectrices et de lecteurs qu&rsquo;avant, mais je vous avoue que je m&rsquo;en fiche un peu. Comme je l&rsquo;indique dans ma mini bio, le but est de vous partager mes hobbies : les voyages, la photo, l&rsquo;aquarelle, les livres, les jeux, la cuisine &#8230; toutes les merveilles de la vie qui viennent agr\u00e9menter notre quotidien ! <\/p>\n\n\n\n<p>Je pense que je vais faire un refresh du blog aussi, histoire de lui refaire un nouveau look. J&rsquo;ignore encore si je serais r\u00e9guli\u00e8re dans la publication de mes posts. Toujours est-il que je vous tiendrai inform\u00e9 via mon feed Instagram des nouveaux articles. Je suis tr\u00e8s contente de ce \u00ab\u00a0nouveau d\u00e9part\u00a0\u00bb et vous dis \u00e0 tr\u00e8s vite ! <\/p>\n\n\n\n<p>Enjoy ! <\/p>\n","protected":false},"excerpt":{"rendered":"<p>Sous vos yeux \u00e9bahis et apr\u00e8s presque 3 ans d&rsquo;absence, me voil\u00e0 de retour sur le blog ! J&rsquo;imagine certain.e.s d&rsquo;entre vous dire c&rsquo;est qui celle-l\u00e0 ? Moi m\u00eame, je n&rsquo;en reviens pas ! Je peux vous dire que pendant ces 3 ans, j&rsquo;ai tergivers\u00e9 \u00e0 savoir si j&rsquo;allais fermer le site ou pas. Chaque<\/p>\n","protected":false},"author":1,"featured_media":32557,"comment_status":"open","ping_status":"open","sticky":false,"template":"","format":"standard","meta":{"footnotes":""},"categories":[4],"tags":[195],"class_list":["post-32556","post","type-post","status-publish","format-standard","has-post-thumbnail","hentry","category-ma-vie-mon-oeuvre","tag-photo"],"_links":{"self":[{"href":"https:\/\/www.au-pays-des-merveilles.com\/blog\/wp-json\/wp\/v2\/posts\/32556","targetHints":{"allow":["GET"]}}],"collection":[{"href":"https:\/\/www.au-pays-des-merveilles.com\/blog\/wp-json\/wp\/v2\/posts"}],"about":[{"href":"https:\/\/www.au-pays-des-merveilles.com\/blog\/wp-json\/wp\/v2\/types\/post"}],"author":[{"embeddable":true,"href":"https:\/\/www.au-pays-des-merveilles.com\/blog\/wp-json\/wp\/v2\/users\/1"}],"replies":[{"embeddable":true,"href":"https:\/\/www.au-pays-des-merveilles.com\/blog\/wp-json\/wp\/v2\/comments?post=32556"}],"version-history":[{"count":2,"href":"https:\/\/www.au-pays-des-merveilles.com\/blog\/wp-json\/wp\/v2\/posts\/32556\/revisions"}],"predecessor-version":[{"id":32559,"href":"https:\/\/www.au-pays-des-merveilles.com\/blog\/wp-json\/wp\/v2\/posts\/32556\/revisions\/32559"}],"wp:featuredmedia":[{"embeddable":true,"href":"https:\/\/www.au-pays-des-merveilles.com\/blog\/wp-json\/wp\/v2\/media\/32557"}],"wp:attachment":[{"href":"https:\/\/www.au-pays-des-merveilles.com\/blog\/wp-json\/wp\/v2\/media?parent=32556"}],"wp:term":[{"taxonomy":"category","embeddable":true,"href":"https:\/\/www.au-pays-des-merveilles.com\/blog\/wp-json\/wp\/v2\/categories?post=32556"},{"taxonomy":"post_tag","embeddable":true,"href":"https:\/\/www.au-pays-des-merveilles.com\/blog\/wp-json\/wp\/v2\/tags?post=32556"}],"curies":[{"name":"wp","href":"https:\/\/api.w.org\/{rel}","templated":true}]}}