{"id":32732,"date":"2025-09-22T16:48:25","date_gmt":"2025-09-22T15:48:25","guid":{"rendered":"https:\/\/www.au-pays-des-merveilles.com\/blog\/?p=32732"},"modified":"2025-09-22T16:48:26","modified_gmt":"2025-09-22T15:48:26","slug":"aquarelle-autumn-cottage","status":"publish","type":"post","link":"https:\/\/www.au-pays-des-merveilles.com\/blog\/2025\/09\/22\/aquarelle-autumn-cottage\/","title":{"rendered":"Aquarelle* Autumn cottage"},"content":{"rendered":"\n<figure class=\"wp-block-image size-large\"><img loading=\"lazy\" decoding=\"async\" width=\"1024\" height=\"1024\" src=\"https:\/\/www.au-pays-des-merveilles.com\/blog\/wp-content\/uploads\/2025\/09\/20250921_173011-1024x1024.jpg\" alt=\"\" class=\"wp-image-32733\" srcset=\"https:\/\/www.au-pays-des-merveilles.com\/blog\/wp-content\/uploads\/2025\/09\/20250921_173011-1024x1024.jpg 1024w, https:\/\/www.au-pays-des-merveilles.com\/blog\/wp-content\/uploads\/2025\/09\/20250921_173011-300x300.jpg 300w, https:\/\/www.au-pays-des-merveilles.com\/blog\/wp-content\/uploads\/2025\/09\/20250921_173011-150x150.jpg 150w, https:\/\/www.au-pays-des-merveilles.com\/blog\/wp-content\/uploads\/2025\/09\/20250921_173011-768x768.jpg 768w, https:\/\/www.au-pays-des-merveilles.com\/blog\/wp-content\/uploads\/2025\/09\/20250921_173011-1536x1536.jpg 1536w, https:\/\/www.au-pays-des-merveilles.com\/blog\/wp-content\/uploads\/2025\/09\/20250921_173011-2048x2048.jpg 2048w\" sizes=\"auto, (max-width: 1024px) 100vw, 1024px\" \/><\/figure>\n\n\n\n<p>22 septembre : jour de l&rsquo;automne et anniversaire de ma grand-m\u00e8re &#8230; quel meilleur jour pour reprendre en aquarelle le dessin de la Dream &amp; Draw Art school : le cottage d&rsquo;Automne. Anastasia nous a longuement expliqu\u00e9 les perspectives dans ce cours, et j&rsquo;avoue mieux comprendre pourquoi dans certains de mes dessins, les murs sont alambiqu\u00e9s ! <img src=\"https:\/\/www.au-pays-des-merveilles.com\/blog\/wp-includes\/images\/smilies\/3.gif\" alt=\";)\" class=\"wp-smiley\" style=\"height: 1em; max-height: 1em;\" \/> pourtant j&rsquo;aimais bien la g\u00e9om\u00e9trie \u00e0 l&rsquo;\u00e9cole !! Maintenant que je dessine, je comprends mieux l&rsquo;int\u00e9r\u00eat de cette mati\u00e8re ! Heureusement que je ne suis pas architecte !<\/p>\n\n\n\n<figure class=\"wp-block-image size-large\"><img loading=\"lazy\" decoding=\"async\" width=\"1024\" height=\"1024\" src=\"https:\/\/www.au-pays-des-merveilles.com\/blog\/wp-content\/uploads\/2025\/09\/20250921_185134-1024x1024.jpg\" alt=\"\" class=\"wp-image-32737\" srcset=\"https:\/\/www.au-pays-des-merveilles.com\/blog\/wp-content\/uploads\/2025\/09\/20250921_185134-1024x1024.jpg 1024w, https:\/\/www.au-pays-des-merveilles.com\/blog\/wp-content\/uploads\/2025\/09\/20250921_185134-300x300.jpg 300w, https:\/\/www.au-pays-des-merveilles.com\/blog\/wp-content\/uploads\/2025\/09\/20250921_185134-150x150.jpg 150w, https:\/\/www.au-pays-des-merveilles.com\/blog\/wp-content\/uploads\/2025\/09\/20250921_185134-768x768.jpg 768w, https:\/\/www.au-pays-des-merveilles.com\/blog\/wp-content\/uploads\/2025\/09\/20250921_185134-1536x1536.jpg 1536w, https:\/\/www.au-pays-des-merveilles.com\/blog\/wp-content\/uploads\/2025\/09\/20250921_185134-2048x2048.jpg 2048w\" sizes=\"auto, (max-width: 1024px) 100vw, 1024px\" \/><\/figure>\n\n\n\n<p>J&rsquo;aime beaucoup les effets d&rsquo;ombre sur les fen\u00eatres et les feuilles. Je suis contente du r\u00e9sultat. J&rsquo;appr\u00e9hende toujours un peu lorsque je trouve que mon dessin au crayon est r\u00e9ussi , de le mettre en couleurs juste apr\u00e8s ! Oui je suis bizarre <img src=\"https:\/\/www.au-pays-des-merveilles.com\/blog\/wp-includes\/images\/smilies\/4.gif\" alt=\":D\" class=\"wp-smiley\" style=\"height: 1em; max-height: 1em;\" \/> <\/p>\n\n\n\n<figure class=\"wp-block-image size-large\"><img loading=\"lazy\" decoding=\"async\" width=\"1024\" height=\"1024\" src=\"https:\/\/www.au-pays-des-merveilles.com\/blog\/wp-content\/uploads\/2025\/09\/20250921_185529-1024x1024.jpg\" alt=\"\" class=\"wp-image-32734\" srcset=\"https:\/\/www.au-pays-des-merveilles.com\/blog\/wp-content\/uploads\/2025\/09\/20250921_185529-1024x1024.jpg 1024w, https:\/\/www.au-pays-des-merveilles.com\/blog\/wp-content\/uploads\/2025\/09\/20250921_185529-300x300.jpg 300w, https:\/\/www.au-pays-des-merveilles.com\/blog\/wp-content\/uploads\/2025\/09\/20250921_185529-150x150.jpg 150w, https:\/\/www.au-pays-des-merveilles.com\/blog\/wp-content\/uploads\/2025\/09\/20250921_185529-768x768.jpg 768w, https:\/\/www.au-pays-des-merveilles.com\/blog\/wp-content\/uploads\/2025\/09\/20250921_185529-1536x1536.jpg 1536w, https:\/\/www.au-pays-des-merveilles.com\/blog\/wp-content\/uploads\/2025\/09\/20250921_185529-2048x2048.jpg 2048w\" sizes=\"auto, (max-width: 1024px) 100vw, 1024px\" \/><\/figure>\n\n\n\n<p>Depuis toute petite, j&rsquo;adore dessiner les maisons. Le mercredi je m&rsquo;amusais \u00e0 en dessiner et \u00e0 d\u00e9couper des fen\u00eatres qui s&rsquo;ouvraient et se fermaient &#8230; mon c\u00f4t\u00e9 voyeur ! hahaha ! <\/p>\n\n\n\n<p>Je suis contente du r\u00e9sultat et je trouve que cette aquarelle habille bien mon mur du bureau, qui prend des airs de fin d&rsquo;ann\u00e9e &#8230; \u00e0 suivre ! <\/p>\n\n\n\n<figure class=\"wp-block-image size-large\"><img loading=\"lazy\" decoding=\"async\" width=\"1024\" height=\"980\" src=\"https:\/\/www.au-pays-des-merveilles.com\/blog\/wp-content\/uploads\/2025\/09\/20250921_185551-1024x980.jpg\" alt=\"\" class=\"wp-image-32735\" srcset=\"https:\/\/www.au-pays-des-merveilles.com\/blog\/wp-content\/uploads\/2025\/09\/20250921_185551-1024x980.jpg 1024w, https:\/\/www.au-pays-des-merveilles.com\/blog\/wp-content\/uploads\/2025\/09\/20250921_185551-300x287.jpg 300w, https:\/\/www.au-pays-des-merveilles.com\/blog\/wp-content\/uploads\/2025\/09\/20250921_185551-768x735.jpg 768w, https:\/\/www.au-pays-des-merveilles.com\/blog\/wp-content\/uploads\/2025\/09\/20250921_185551-1536x1470.jpg 1536w, https:\/\/www.au-pays-des-merveilles.com\/blog\/wp-content\/uploads\/2025\/09\/20250921_185551-2048x1960.jpg 2048w, https:\/\/www.au-pays-des-merveilles.com\/blog\/wp-content\/uploads\/2025\/09\/20250921_185551-314x300.jpg 314w\" sizes=\"auto, (max-width: 1024px) 100vw, 1024px\" \/><\/figure>\n","protected":false},"excerpt":{"rendered":"<p>22 septembre : jour de l&rsquo;automne et anniversaire de ma grand-m\u00e8re &#8230; quel meilleur jour pour reprendre en aquarelle le dessin de la Dream &amp; Draw Art school : le cottage d&rsquo;Automne. Anastasia nous a longuement expliqu\u00e9 les perspectives dans ce cours, et j&rsquo;avoue mieux comprendre pourquoi dans certains de mes dessins, les murs sont<\/p>\n","protected":false},"author":1,"featured_media":32736,"comment_status":"open","ping_status":"open","sticky":false,"template":"","format":"standard","meta":{"footnotes":""},"categories":[1706,2066],"tags":[2067,2070,2071],"class_list":["post-32732","post","type-post","status-publish","format-standard","has-post-thumbnail","hentry","category-lifestyle","category-aquarelle","tag-aquarelle","tag-dream-and-draw-school","tag-patreon"],"_links":{"self":[{"href":"https:\/\/www.au-pays-des-merveilles.com\/blog\/wp-json\/wp\/v2\/posts\/32732","targetHints":{"allow":["GET"]}}],"collection":[{"href":"https:\/\/www.au-pays-des-merveilles.com\/blog\/wp-json\/wp\/v2\/posts"}],"about":[{"href":"https:\/\/www.au-pays-des-merveilles.com\/blog\/wp-json\/wp\/v2\/types\/post"}],"author":[{"embeddable":true,"href":"https:\/\/www.au-pays-des-merveilles.com\/blog\/wp-json\/wp\/v2\/users\/1"}],"replies":[{"embeddable":true,"href":"https:\/\/www.au-pays-des-merveilles.com\/blog\/wp-json\/wp\/v2\/comments?post=32732"}],"version-history":[{"count":1,"href":"https:\/\/www.au-pays-des-merveilles.com\/blog\/wp-json\/wp\/v2\/posts\/32732\/revisions"}],"predecessor-version":[{"id":32738,"href":"https:\/\/www.au-pays-des-merveilles.com\/blog\/wp-json\/wp\/v2\/posts\/32732\/revisions\/32738"}],"wp:featuredmedia":[{"embeddable":true,"href":"https:\/\/www.au-pays-des-merveilles.com\/blog\/wp-json\/wp\/v2\/media\/32736"}],"wp:attachment":[{"href":"https:\/\/www.au-pays-des-merveilles.com\/blog\/wp-json\/wp\/v2\/media?parent=32732"}],"wp:term":[{"taxonomy":"category","embeddable":true,"href":"https:\/\/www.au-pays-des-merveilles.com\/blog\/wp-json\/wp\/v2\/categories?post=32732"},{"taxonomy":"post_tag","embeddable":true,"href":"https:\/\/www.au-pays-des-merveilles.com\/blog\/wp-json\/wp\/v2\/tags?post=32732"}],"curies":[{"name":"wp","href":"https:\/\/api.w.org\/{rel}","templated":true}]}}