{"id":3390,"date":"2009-04-01T20:10:05","date_gmt":"2009-04-01T18:10:05","guid":{"rendered":"http:\/\/www.au-pays-des-merveilles.com\/blog\/?p=3390"},"modified":"2019-03-22T17:17:45","modified_gmt":"2019-03-22T15:17:45","slug":"je-craque","status":"publish","type":"post","link":"https:\/\/www.au-pays-des-merveilles.com\/blog\/2009\/04\/01\/je-craque\/","title":{"rendered":"Je craque &#8230;"},"content":{"rendered":"<p style=\"text-align: left;\"><img decoding=\"async\" style=\"border:none\" src=\"http:\/\/www.blogrider.fr\/admin\/track\/img\/147\/689\/\" alt=\"\" \/><\/p>\n<p style=\"text-align: left;\">\u2026 ouai en ce moment, c\u2019est pas la grosse patate \u2026 La faute \u00e0 quoi ? \u00e0 qui plut\u00f4t ?! mon taf et plus particuli\u00e8rement mon boss ! Plus \u00e7a va plus on nous en demande et moins on nous demande si \u00e7a va. R\u00e9sultat, une semaine d\u2019arr\u00eat pour d\u00e9but de grippe et surmenage, la classe hein ?! c\u2019est la premi\u00e8re fois que \u00e7a m\u2019arrive \u2026 Le probl\u00e8me c\u2019est que je ne peux pas lui dire que c\u2019est un gros c** qui ne sait pas g\u00e9rer ses services donc avec plus de raffinement je dirais :<\/p>\n<p style=\"text-align: left;\">\u201c C\u2019est vrai mon patron doit assumer d\u2019\u00e9normes responsabilit\u00e9s dures \u00e0 g\u00e9rer surtout apr\u00e8s un voyage aux Seychelles ou aux Antilles. Nous ne pouvons pas traiter tous les dossiers sans lui. Il arrive aussi que l\u2019ambiance soit difficile au retour d\u2019un safari au Kenya, il a tendance \u00e0 nous prendre pour de grands fauves et \u00e0 vouloir nous dresser, \u00e7a nous stresse ! Et pourtant nous restons toujours sur notre r\u00e9serve. C\u2019est pourquoi j\u2019aurais besoin de beaucoup de douceur ce soir. \u201c<\/p>\n<p style=\"text-align: left;\"><img loading=\"lazy\" decoding=\"async\" class=\"size-full wp-image-3391 alignleft\" title=\"milka\" src=\"https:\/\/www.au-pays-des-merveilles.com\/blog\/wp-content\/uploads\/2009\/04\/milka.jpg\" alt=\"milka\" width=\"188\" height=\"195\" \/> Cette jolie phrase je l\u2019ai trouv\u00e9 sur le site du chocolat Milka : <a rel=\"nofollow\" title=\"http:\/\/www.toutsimplementraffine.fr\" href=\"http:\/\/www.toutsimplementraffine.fr\">http:\/\/www.toutsimplementraffine.fr<\/a>. Vous pouvez vous amuser \u00e0 envoyer des messages bien plus raffin\u00e9s qu\u2019un simple \u201cje t\u2019aime\u201d, \u201cpeux tu faire les courses ?\u201d ou encore \u201cmon boss m\u2019\u00e9nerve !!\u201d \u2026<\/p>\n<p style=\"text-align: left;\">Ben moi pour le coup je me mangerai bien une petite douceur dans le genre  \u00abTendre D\u00e9gustation\u00bb de Milka aux diff\u00e9rents parfums lait et arabica. Oui je craque ! mais je craque aussi pour le chocolat Milka donc si vous voulez me remonter le moral, vous savez ce qu\u2019il vous reste \u00e0 faire comme passer m\u2019offrir une petite douceur !  \u2026 <em>message subliminal<\/em> \u2026 <em>non remarquez je vais envoyer un petit message \u00e0 mon loulou tiens<\/em> !  <img src=\"https:\/\/www.au-pays-des-merveilles.com\/blog\/wp-includes\/images\/smilies\/3.gif\" alt=\";)\" class=\"wp-smiley\" style=\"height: 1em; max-height: 1em;\" \/><\/p>\n<p style=\"text-align: right;\"><em>Sujet d&rsquo;article propos\u00e9 par Blogrider<\/em><\/p>\n","protected":false},"excerpt":{"rendered":"<p>\u2026 ouai en ce moment, c\u2019est pas la grosse patate \u2026 La faute \u00e0 quoi ? \u00e0 qui plut\u00f4t ?! mon taf et plus particuli\u00e8rement mon boss ! Plus \u00e7a va plus on nous en demande et moins on nous demande si \u00e7a va. R\u00e9sultat, une semaine d\u2019arr\u00eat pour d\u00e9but de grippe et surmenage, la<\/p>\n","protected":false},"author":1,"featured_media":0,"comment_status":"open","ping_status":"open","sticky":false,"template":"","format":"standard","meta":{"footnotes":""},"categories":[20,4],"tags":[],"class_list":["post-3390","post","type-post","status-publish","format-standard","hentry","category-buzz","category-ma-vie-mon-oeuvre"],"_links":{"self":[{"href":"https:\/\/www.au-pays-des-merveilles.com\/blog\/wp-json\/wp\/v2\/posts\/3390","targetHints":{"allow":["GET"]}}],"collection":[{"href":"https:\/\/www.au-pays-des-merveilles.com\/blog\/wp-json\/wp\/v2\/posts"}],"about":[{"href":"https:\/\/www.au-pays-des-merveilles.com\/blog\/wp-json\/wp\/v2\/types\/post"}],"author":[{"embeddable":true,"href":"https:\/\/www.au-pays-des-merveilles.com\/blog\/wp-json\/wp\/v2\/users\/1"}],"replies":[{"embeddable":true,"href":"https:\/\/www.au-pays-des-merveilles.com\/blog\/wp-json\/wp\/v2\/comments?post=3390"}],"version-history":[{"count":0,"href":"https:\/\/www.au-pays-des-merveilles.com\/blog\/wp-json\/wp\/v2\/posts\/3390\/revisions"}],"wp:attachment":[{"href":"https:\/\/www.au-pays-des-merveilles.com\/blog\/wp-json\/wp\/v2\/media?parent=3390"}],"wp:term":[{"taxonomy":"category","embeddable":true,"href":"https:\/\/www.au-pays-des-merveilles.com\/blog\/wp-json\/wp\/v2\/categories?post=3390"},{"taxonomy":"post_tag","embeddable":true,"href":"https:\/\/www.au-pays-des-merveilles.com\/blog\/wp-json\/wp\/v2\/tags?post=3390"}],"curies":[{"name":"wp","href":"https:\/\/api.w.org\/{rel}","templated":true}]}}