{"id":3635,"date":"2009-06-03T13:46:53","date_gmt":"2009-06-03T11:46:53","guid":{"rendered":"http:\/\/www.au-pays-des-merveilles.com\/blog\/?p=3635"},"modified":"2024-07-05T16:34:52","modified_gmt":"2024-07-05T15:34:52","slug":"festival-globule","status":"publish","type":"post","link":"https:\/\/www.au-pays-des-merveilles.com\/blog\/2009\/06\/03\/festival-globule\/","title":{"rendered":"Festival Globule"},"content":{"rendered":"<p>Un petit message en passant pour la bonne cause !<\/p>\n<p style=\"text-align: center;\"><em>Le Don du Sang est une cause qui te tient \u00e0 c\u0153ur ?<\/em><\/p>\n<p style=\"text-align: center;\"><em>Tu peux montrer ton soutien et aider \u00e0 faire du bruit en nous rejoignant sur <strong>Facebook <\/strong>!<\/em><\/p>\n<p style=\"text-align: center;\"><em>L\u2019\u00e9tablissement fran\u00e7ais du sang (EFS) organise prochainement le festival globule. D\u00e9couvre l\u2019\u00e9v\u00e8nement sur <strong>FaceBook<\/strong> pour en savoir plus <img src=\"https:\/\/www.au-pays-des-merveilles.com\/blog\/wp-includes\/images\/smilies\/3.gif\" alt=\";)\" class=\"wp-smiley\" style=\"height: 1em; max-height: 1em;\" \/><\/em><\/p>\n<p style=\"text-align: center;\"><em>Tout le monde peut apporter sa pierre et faire en sorte que ce sujet ne tombe pas dans l\u2019oubli\u2026<\/em><\/p>\n<p style=\"text-align: center;\"><em>Merci de votre soutien, ensemble nous sommes plus forts !<\/em><\/p>\n<p style=\"text-align: center;\"><em>L\u2019\u00e9quipe du festival globule<\/em><\/p>\n<p style=\"text-align: center;\"><a href=\"https:\/\/www.au-pays-des-merveilles.com\/blog\/wp-content\/uploads\/2009\/06\/clip-image002.jpg\"><img loading=\"lazy\" decoding=\"async\" style=\"border-right: 0px; border-top: 0px; display: inline; border-left: 0px; border-bottom: 0px\" title=\"clip_image002\" src=\"https:\/\/www.au-pays-des-merveilles.com\/blog\/wp-content\/uploads\/2009\/06\/clip-image002-thumb.jpg\" border=\"0\" alt=\"clip_image002\" width=\"110\" height=\"90\" \/><\/a><\/p>\n","protected":false},"excerpt":{"rendered":"<p>Un petit message en passant pour la bonne cause ! Le Don du Sang est une cause qui te tient \u00e0 c\u0153ur ? Tu peux montrer ton soutien et aider \u00e0 faire du bruit en nous rejoignant sur Facebook ! L\u2019\u00e9tablissement fran\u00e7ais du sang (EFS) organise prochainement le festival globule. D\u00e9couvre l\u2019\u00e9v\u00e8nement sur FaceBook pour<\/p>\n","protected":false},"author":1,"featured_media":0,"comment_status":"open","ping_status":"open","sticky":false,"template":"","format":"standard","meta":{"footnotes":""},"categories":[20],"tags":[],"class_list":["post-3635","post","type-post","status-publish","format-standard","hentry","category-buzz"],"_links":{"self":[{"href":"https:\/\/www.au-pays-des-merveilles.com\/blog\/wp-json\/wp\/v2\/posts\/3635","targetHints":{"allow":["GET"]}}],"collection":[{"href":"https:\/\/www.au-pays-des-merveilles.com\/blog\/wp-json\/wp\/v2\/posts"}],"about":[{"href":"https:\/\/www.au-pays-des-merveilles.com\/blog\/wp-json\/wp\/v2\/types\/post"}],"author":[{"embeddable":true,"href":"https:\/\/www.au-pays-des-merveilles.com\/blog\/wp-json\/wp\/v2\/users\/1"}],"replies":[{"embeddable":true,"href":"https:\/\/www.au-pays-des-merveilles.com\/blog\/wp-json\/wp\/v2\/comments?post=3635"}],"version-history":[{"count":1,"href":"https:\/\/www.au-pays-des-merveilles.com\/blog\/wp-json\/wp\/v2\/posts\/3635\/revisions"}],"predecessor-version":[{"id":32635,"href":"https:\/\/www.au-pays-des-merveilles.com\/blog\/wp-json\/wp\/v2\/posts\/3635\/revisions\/32635"}],"wp:attachment":[{"href":"https:\/\/www.au-pays-des-merveilles.com\/blog\/wp-json\/wp\/v2\/media?parent=3635"}],"wp:term":[{"taxonomy":"category","embeddable":true,"href":"https:\/\/www.au-pays-des-merveilles.com\/blog\/wp-json\/wp\/v2\/categories?post=3635"},{"taxonomy":"post_tag","embeddable":true,"href":"https:\/\/www.au-pays-des-merveilles.com\/blog\/wp-json\/wp\/v2\/tags?post=3635"}],"curies":[{"name":"wp","href":"https:\/\/api.w.org\/{rel}","templated":true}]}}