{"id":3655,"date":"2009-06-03T15:57:16","date_gmt":"2009-06-03T13:57:16","guid":{"rendered":"http:\/\/www.au-pays-des-merveilles.com\/blog\/?p=3655"},"modified":"2019-03-22T17:17:44","modified_gmt":"2019-03-22T15:17:44","slug":"pause-musicale-belle-roscoe","status":"publish","type":"post","link":"https:\/\/www.au-pays-des-merveilles.com\/blog\/2009\/06\/03\/pause-musicale-belle-roscoe\/","title":{"rendered":"Pause musicale : Belle Roscoe"},"content":{"rendered":"<p><a href=\"https:\/\/www.au-pays-des-merveilles.com\/blog\/wp-content\/uploads\/2009\/06\/referencecreditee.jpg\"><img loading=\"lazy\" decoding=\"async\" style=\"border-top-width: 0px; display: block; border-left-width: 0px; float: none; border-bottom-width: 0px; margin-left: auto; margin-right: auto; border-right-width: 0px\" title=\"Reference Creditee\" src=\"https:\/\/www.au-pays-des-merveilles.com\/blog\/wp-content\/uploads\/2009\/06\/referencecreditee-thumb.jpg\" border=\"0\" alt=\"Reference Creditee\" width=\"414\" height=\"326\" \/><\/a><\/p>\n<p>D\u00e9cid\u00e9ment, je ne sais pas si c\u2019est parce que j\u2019ai tr\u00e8s envie de visiter ce pays mais je trouve l\u2019Australie particuli\u00e8rement riche en talents musicaux ! Apr\u00e8s <a rel=\"nofollow\" href=\"http:\/\/www.deltagoodrem.com\/\">Delta Goodrem<\/a> et <a href=\"https:\/\/www.au-pays-des-merveilles.com\/blog\/2008\/10\/30\/pause-musicale-lenka\/\">Lenka<\/a>, c\u2019est maintenant au tour du groupe <a rel=\"nofollow\" href=\"http:\/\/www.belleroscoe.com\/\">Belle Roscoe<\/a> de tourner en boucle dans mon Ipod !<\/p>\n<p><a href=\"https:\/\/www.au-pays-des-merveilles.com\/blog\/wp-content\/uploads\/2009\/06\/9d0x23778.jpg\"><img loading=\"lazy\" decoding=\"async\" style=\"border-top-width: 0px; display: inline; border-left-width: 0px; border-bottom-width: 0px; margin-left: 0px; margin-right: 0px; border-right-width: 0px\" title=\"9D0X2377-8\" src=\"https:\/\/www.au-pays-des-merveilles.com\/blog\/wp-content\/uploads\/2009\/06\/9d0x23778-thumb.jpg\" border=\"0\" alt=\"9D0X2377-8\" width=\"184\" height=\"264\" align=\"left\" \/><\/a> Belle Roscoe, c&rsquo;est l&rsquo;histoire d&rsquo;une famille australienne : un fr\u00e8re, Matty, accompagn\u00e9 de ses deux soeurs, les jumelles Julia et Sarah. Sexy, suaves et t\u00eates br\u00fbl\u00e9es, ils jouent ensemble depuis plus de 10 ans en parfaite harmonie.<br \/>\nCette tribu a grandi dans une famille m\u00e9lomane \u00e0 l&rsquo;h\u00e9ritage musical irlandais. Tr\u00e8s jeunes,<br \/>\nils jouent de la musique en fratrie. C&rsquo;est en voyageant, notamment \u00e0 Paris, qu&rsquo;ils r\u00e9alisent<br \/>\nla force de ce lien familial sur leur harmonie vocale. Cette complicit\u00e9 leur donne une<br \/>\ntonalit\u00e9 unique.<br \/>\nAmoureux de la France, de sa culture et surtout de Paris, ils passent 6 mois en 2002 \u00e0 jouer dans des caf\u00e9s-concerts de Saint Germain des Pr\u00e9s. De retour en Australie, et apr\u00e8s 5 ans de travail, le groupe Belle Roscoe est cr\u00e9\u00e9 et enregistre son premier album \u00e9ponyme. Ils puisent leur inspiration d\u2019artistes tr\u00e8s \u00e9clectiques tels que Fleetwood Mac, REM, les Australiens les Bee Gees ou encore Bob Dylan, Portishead, Neil Young et les Beach Boys\u2026.<br \/>\nLe son de Belle Roscoe, c&rsquo;est une musique pop qui vous emporte dans des rythmes rock<br \/>\nteint\u00e9s de country, avant de vous ramener \u00e0 des pens\u00e9es nostalgiques, au folk familier de<br \/>\nnotre enfance, dans une ambiance cosy, presque jazzy. Leurs particularit\u00e9s : des voix qui<br \/>\ns\u2019accordent \u00e0 merveille, une complicit\u00e9 \u00e9clatante et un charisme sur sc\u00e8ne saisissant.<\/p>\n<p><a href=\"https:\/\/www.au-pays-des-merveilles.com\/blog\/wp-content\/uploads\/2009\/06\/age3.jpg\"><img loading=\"lazy\" decoding=\"async\" style=\"border-top-width: 0px; display: block; border-left-width: 0px; float: none; border-bottom-width: 0px; margin-left: auto; margin-right: auto; border-right-width: 0px\" title=\"age3\" src=\"https:\/\/www.au-pays-des-merveilles.com\/blog\/wp-content\/uploads\/2009\/06\/age3-thumb.jpg\" border=\"0\" alt=\"age3\" width=\"364\" height=\"253\" \/><\/a><\/p>\n<p>Ils reviennent en France pour une tourn\u00e9e au printemps et \u00e9t\u00e9 2009 qui annoncera le lancement officiel de leur 1er album.\u00a0 Ils ont commenc\u00e9 un show case au prestigieux Printemps de Bourges et un concert au Festival du film de Cannes.<\/p>\n<p><a href=\"https:\/\/www.au-pays-des-merveilles.com\/blog\/wp-content\/uploads\/2009\/06\/9d0x3111312.jpg\"><img loading=\"lazy\" decoding=\"async\" style=\"border-top-width: 0px; display: inline; border-left-width: 0px; border-bottom-width: 0px; margin-left: 0px; margin-right: 0px; border-right-width: 0px\" title=\"9D0X3111-312\" src=\"https:\/\/www.au-pays-des-merveilles.com\/blog\/wp-content\/uploads\/2009\/06\/9d0x3111312-thumb.jpg\" border=\"0\" alt=\"9D0X3111-312\" width=\"184\" height=\"264\" align=\"right\" \/><\/a> Ils seront notamment dans le Sud Ouest de la France (et la tourn\u00e9e sautera m\u00eame peut \u00eatre certaines fronti\u00e8res). Le groupe vient d\u2019\u00eatre officiellement confirm\u00e9 pour participer le 21 ao\u00fbt au festival de musique Rip Curl de Biarritz, pour des concerts gratuits sur la plage dont la fr\u00e9quentation chaque ann\u00e9e avoisine les 15,000 personnes. La tourn\u00e9e d\u00e9marrera le 17 juillet \u00e0 Hossegor sur la place des Landais, face \u00e0 la mer.<br \/>\nEt <strong>demain soir<\/strong>, ils seront <strong>\u00e0 Paris \u00e0 La Maroquinerie<\/strong> dans le 20\u00e8me (23 rue Boyer) \u00e0 partir de 20h (r\u00e9sa \u00e0 la FNAC \/ Digitick \/ Tickenet).<\/p>\n<p>Vous pouvez d\u00e9couvrir leur univers et leur musique sur <a rel=\"nofollow\" title=\"http:\/\/www.myspace.com\/belleroscoe\" href=\"http:\/\/www.myspace.com\/belleroscoe\">http:\/\/www.myspace.com\/belleroscoe<\/a> et sur <a rel=\"nofollow\" title=\"http:\/\/www.belleroscoe.com\/\" href=\"http:\/\/www.belleroscoe.com\/\">http:\/\/www.belleroscoe.com\/<\/a> .<\/p>\n<p>L&rsquo;album est t\u00e9l\u00e9chargeable sur Itunes. Perso, je suis fan de leur premier titre \u201cYoung &amp; Fearless\u201d ! Enjoy !<\/p>\n<p><object width=\"320\" height=\"265\" data=\"http:\/\/www.youtube.com\/v\/b4aaYJPnkSc&amp;hl=fr&amp;fs=1&amp;color1=0xcc2550&amp;color2=0xe87a9f\" type=\"application\/x-shockwave-flash\"><param name=\"allowFullScreen\" value=\"true\" \/><param name=\"allowscriptaccess\" value=\"always\" \/><param name=\"src\" value=\"http:\/\/www.youtube.com\/v\/b4aaYJPnkSc&amp;hl=fr&amp;fs=1&amp;color1=0xcc2550&amp;color2=0xe87a9f\" \/><param name=\"allowfullscreen\" value=\"true\" \/><\/object><\/p>\n","protected":false},"excerpt":{"rendered":"<p>D\u00e9cid\u00e9ment, je ne sais pas si c\u2019est parce que j\u2019ai tr\u00e8s envie de visiter ce pays mais je trouve l\u2019Australie particuli\u00e8rement riche en talents musicaux ! Apr\u00e8s Delta Goodrem et Lenka, c\u2019est maintenant au tour du groupe Belle Roscoe de tourner en boucle dans mon Ipod ! Belle Roscoe, c&rsquo;est l&rsquo;histoire d&rsquo;une famille australienne :<\/p>\n","protected":false},"author":1,"featured_media":0,"comment_status":"open","ping_status":"open","sticky":false,"template":"","format":"standard","meta":{"footnotes":""},"categories":[5],"tags":[],"class_list":["post-3655","post","type-post","status-publish","format-standard","hentry","category-cinema-musique-livres"],"_links":{"self":[{"href":"https:\/\/www.au-pays-des-merveilles.com\/blog\/wp-json\/wp\/v2\/posts\/3655","targetHints":{"allow":["GET"]}}],"collection":[{"href":"https:\/\/www.au-pays-des-merveilles.com\/blog\/wp-json\/wp\/v2\/posts"}],"about":[{"href":"https:\/\/www.au-pays-des-merveilles.com\/blog\/wp-json\/wp\/v2\/types\/post"}],"author":[{"embeddable":true,"href":"https:\/\/www.au-pays-des-merveilles.com\/blog\/wp-json\/wp\/v2\/users\/1"}],"replies":[{"embeddable":true,"href":"https:\/\/www.au-pays-des-merveilles.com\/blog\/wp-json\/wp\/v2\/comments?post=3655"}],"version-history":[{"count":0,"href":"https:\/\/www.au-pays-des-merveilles.com\/blog\/wp-json\/wp\/v2\/posts\/3655\/revisions"}],"wp:attachment":[{"href":"https:\/\/www.au-pays-des-merveilles.com\/blog\/wp-json\/wp\/v2\/media?parent=3655"}],"wp:term":[{"taxonomy":"category","embeddable":true,"href":"https:\/\/www.au-pays-des-merveilles.com\/blog\/wp-json\/wp\/v2\/categories?post=3655"},{"taxonomy":"post_tag","embeddable":true,"href":"https:\/\/www.au-pays-des-merveilles.com\/blog\/wp-json\/wp\/v2\/tags?post=3655"}],"curies":[{"name":"wp","href":"https:\/\/api.w.org\/{rel}","templated":true}]}}