{"id":410,"date":"2008-03-22T08:00:49","date_gmt":"2008-03-22T07:00:49","guid":{"rendered":"http:\/\/www.au-pays-des-merveilles.com\/blog\/?p=410"},"modified":"2019-04-28T12:18:50","modified_gmt":"2019-04-28T10:18:50","slug":"note-decousue-du-week-end","status":"publish","type":"post","link":"https:\/\/www.au-pays-des-merveilles.com\/blog\/2008\/03\/22\/note-decousue-du-week-end\/","title":{"rendered":"Note d\u00e9cousue du week-end"},"content":{"rendered":"<p><a href=\"https:\/\/www.au-pays-des-merveilles.com\/blog\/wp-content\/uploads\/2008\/03\/pic19954.jpg\"><img loading=\"lazy\" decoding=\"async\" border=\"0\" width=\"204\" src=\"https:\/\/www.au-pays-des-merveilles.com\/blog\/wp-content\/uploads\/2008\/03\/pic19954-thumb.jpg\" alt=\"pic19954\" height=\"206\" style=\"border: 0px\" \/><\/a> Pour finir la semaine, une petite note d\u00e9cousue : que s&rsquo;est il pass\u00e9 de transcendant dans ma semaine ?!!<\/p>\n<p><!--more--><\/p>\n<ul>\n<li>Je n&rsquo;ai toujours pas de chauffage dans mon bureau, plus \u00e7a va et plus je vais ressembler \u00e0 un Miko humain &#8230; D&rsquo;ailleurs je suis malade : j&rsquo;ai une \u00ab\u00a0SUPERBE OTITE\u00a0\u00bb dixit mon m\u00e9decin qui voulait m&rsquo;arr\u00eater &#8230; but it&rsquo;s carr\u00e9ment pas possibeuleu &#8230; <img src=\"https:\/\/www.au-pays-des-merveilles.com\/blog\/wp-includes\/images\/smilies\/2.gif\" alt=\":(\" class=\"wp-smiley\" style=\"height: 1em; max-height: 1em;\" \/><\/li>\n<\/ul>\n<ul>\n<li><a href=\"https:\/\/www.au-pays-des-merveilles.com\/blog\/wp-content\/uploads\/2008\/03\/8715946384559.jpg\"><img loading=\"lazy\" decoding=\"async\" border=\"0\" align=\"left\" width=\"204\" src=\"https:\/\/www.au-pays-des-merveilles.com\/blog\/wp-content\/uploads\/2008\/03\/8715946384559-thumb.jpg\" alt=\"8715946384559\" height=\"166\" style=\"border: 0px\" \/><\/a> Je m&rsquo;\u00e9clate avec ma nouvelle imprimante !! C&rsquo;est une EPSON Stylus Photo RX 585. J&rsquo;arr\u00eate pas de faire des \u00e9tiquettes, des autocollants, des cartes de visite, des cartes de voeux, des scans, des copies &#8230; m\u00eame que le mister loulou il en peut plus !!! Il m&rsquo;a dit qu&rsquo;une fois que j&rsquo;aurais tout test\u00e9 je laisserais tomber &#8230; n&rsquo;importe quoi lui !! l\u00e9 trop belllle !! Vous voulez ma carte de visite ?!! <img src=\"https:\/\/www.au-pays-des-merveilles.com\/blog\/wp-includes\/images\/smilies\/4.gif\" alt=\":D\" class=\"wp-smiley\" style=\"height: 1em; max-height: 1em;\" \/><\/li>\n<\/ul>\n<ul>\n<li>Je suis toujours \u00e0 la recherche d&rsquo;une robe pour le mariage de mes amis ! Alors je vais vous faire profiter de mon scan pour vous montrer les deux robes que j&rsquo;ai look\u00e9 sur le catalogue APART. Laquelle que vous pr\u00e9f\u00e8rates ?!!<\/li>\n<\/ul>\n<p><a href=\"https:\/\/www.au-pays-des-merveilles.com\/blog\/wp-content\/uploads\/2008\/03\/robe-fleurs1.jpg\"><img loading=\"lazy\" decoding=\"async\" border=\"0\" align=\"left\" width=\"154\" src=\"https:\/\/www.au-pays-des-merveilles.com\/blog\/wp-content\/uploads\/2008\/03\/robe-fleurs-thumb1.jpg\" alt=\"Robe fleurs\" height=\"323\" style=\"border: 0px\" \/><\/a> <a href=\"https:\/\/www.au-pays-des-merveilles.com\/blog\/wp-content\/uploads\/2008\/03\/robe-pink1.jpg\"><\/a><a href=\"https:\/\/www.au-pays-des-merveilles.com\/blog\/wp-content\/uploads\/2008\/03\/robe-pink1.jpg\"><\/a><a href=\"https:\/\/www.au-pays-des-merveilles.com\/blog\/wp-content\/uploads\/2008\/03\/robe-pink1.jpg\"><\/a><\/p>\n<p align=\"left\" style=\"text-align: center\"><img loading=\"lazy\" decoding=\"async\" border=\"0\" align=\"left\" width=\"134\" src=\"https:\/\/www.au-pays-des-merveilles.com\/blog\/wp-content\/uploads\/2008\/03\/robe-pink-thumb1.jpg\" alt=\"Robe pink\" height=\"322\" style=\"border: 0px\" \/><\/p>\n<p>A gauche, la robe fleurs &#8230; elle est \u00e0 75 euros il me semble et \u00e0 droite la robe pink, dans les 105 euros, sachant que mettrais quand m\u00eame une petite veste dessus &#8230; j&rsquo;ai choisi ces deux mod\u00e8les parce que le mari\u00e9e sera en blanc et rose &#8230; donc il serait bien que je choisisse une robe rose !! (Cliquez pour agrandir !)<\/p>\n<p><em>Sinon faut me dire si je vous saoule avec \u00e7a hein<\/em> !! <img src=\"https:\/\/www.au-pays-des-merveilles.com\/blog\/wp-includes\/images\/smilies\/4.gif\" alt=\":D\" class=\"wp-smiley\" style=\"height: 1em; max-height: 1em;\" \/><\/p>\n<p>Alors la fleur ou la pink ou aucune des deux ou vous pr\u00e9f\u00e9rez le look Promod LA ?!<\/p>\n<ul>\n<li>je suis en train de tester les petites choses chocolat\u00e9es envoy\u00e9es pour le test #2 de la Cream Team ! un vrai d\u00e9lice ! je vous en parle bient\u00f4t !<\/li>\n<\/ul>\n<ul>\n<li>d&rsquo;ailleurs en parlant de chocolat, <strike>je me suis<\/strike> j&rsquo;ai \u00e9t\u00e9 g\u00e2t\u00e9e pour mes chocolats de P\u00e2ques &#8230; oui je n&rsquo;ai pas grandi !! Une bonne grosse poulette au choco et plein plein de petits noeufs !! miam miam !! on recommencera le r\u00e9gime lundi <strike>quand j&rsquo;aurais tout fini<\/strike> !!<\/li>\n<\/ul>\n<ul>\n<li>je me suis command\u00e9e un s\u00e8che-cheveux magique mais 3 semaines de livraison, \u00e7a me fait un peu suer <img src=\"https:\/\/www.au-pays-des-merveilles.com\/blog\/wp-includes\/images\/smilies\/2.gif\" alt=\":(\" class=\"wp-smiley\" style=\"height: 1em; max-height: 1em;\" \/> ouai mais bon je pense quand m\u00eame \u00e0 la chevelure de r\u00eave que je vais avoir !! je vous en parle d\u00e8s que je l&rsquo;ai ! <img src=\"https:\/\/www.au-pays-des-merveilles.com\/blog\/wp-includes\/images\/smilies\/3.gif\" alt=\";)\" class=\"wp-smiley\" style=\"height: 1em; max-height: 1em;\" \/><\/li>\n<\/ul>\n<ul>\n<li>Je vous souhaite un excellent week-end de P\u00e2ques et j&rsquo;envie les veinards qui vont pouvoir partir pendant ces 3 jours parce que moi c&rsquo;est la GROSSE LOSE : je bosse ! <img src=\"https:\/\/www.au-pays-des-merveilles.com\/blog\/wp-includes\/images\/smilies\/2.gif\" alt=\":(\" class=\"wp-smiley\" style=\"height: 1em; max-height: 1em;\" \/> Alors message \u00e0 tous les ptits cons du 75 qui voudraient piquer les sacs de m\u00e9m\u00e9s de s&rsquo;abstenir durant ces 3 jours et plut\u00f4t de chercher les oeufs et les lapins dans le jardin <img src=\"https:\/\/www.au-pays-des-merveilles.com\/blog\/wp-includes\/images\/smilies\/4.gif\" alt=\":D\" class=\"wp-smiley\" style=\"height: 1em; max-height: 1em;\" \/> J&rsquo;ai pas que \u00e7a qu&rsquo;\u00e0 fout\u00a0\u00bb moi !!<\/li>\n<\/ul>\n<p align=\"center\">** Et puis voil\u00e0 \u00e7a ira bien pour aujourd&rsquo;hui &#8230; \u00e0 <strike>lundi<\/strike> mardi prochain pour de nouvelles aventures !! **<\/p>\n<p align=\"center\"><font color=\"#ff0080\">Bon week-end ! <\/font><\/p>\n<p align=\"center\"><font color=\"#333333\">******<\/font><\/p>\n<p align=\"center\"><font color=\"#333333\"><u>Petit bonheur du jour<\/u> : l\u00e0 j&rsquo;ai beau r\u00e9fl\u00e9chir il n&rsquo;y en a pas eu hier &#8230; <img src=\"https:\/\/www.au-pays-des-merveilles.com\/blog\/wp-includes\/images\/smilies\/2.gif\" alt=\":(\" class=\"wp-smiley\" style=\"height: 1em; max-height: 1em;\" \/> d&rsquo;ailleurs, gros moral dans les chaussettes aujourd&rsquo;hui &#8230; comment il est possible de se tromper sur une personne qui nous est ch\u00e8re ? <img src=\"https:\/\/www.au-pays-des-merveilles.com\/blog\/wp-includes\/images\/smilies\/2.gif\" alt=\":(\" class=\"wp-smiley\" style=\"height: 1em; max-height: 1em;\" \/> <\/font><\/p>\n","protected":false},"excerpt":{"rendered":"<p>Pour finir la semaine, une petite note d\u00e9cousue : que s&rsquo;est il pass\u00e9 de transcendant dans ma semaine ?!!<\/p>\n","protected":false},"author":1,"featured_media":0,"comment_status":"open","ping_status":"open","sticky":false,"template":"","format":"standard","meta":{"footnotes":""},"categories":[4],"tags":[],"class_list":["post-410","post","type-post","status-publish","format-standard","hentry","category-ma-vie-mon-oeuvre"],"_links":{"self":[{"href":"https:\/\/www.au-pays-des-merveilles.com\/blog\/wp-json\/wp\/v2\/posts\/410","targetHints":{"allow":["GET"]}}],"collection":[{"href":"https:\/\/www.au-pays-des-merveilles.com\/blog\/wp-json\/wp\/v2\/posts"}],"about":[{"href":"https:\/\/www.au-pays-des-merveilles.com\/blog\/wp-json\/wp\/v2\/types\/post"}],"author":[{"embeddable":true,"href":"https:\/\/www.au-pays-des-merveilles.com\/blog\/wp-json\/wp\/v2\/users\/1"}],"replies":[{"embeddable":true,"href":"https:\/\/www.au-pays-des-merveilles.com\/blog\/wp-json\/wp\/v2\/comments?post=410"}],"version-history":[{"count":0,"href":"https:\/\/www.au-pays-des-merveilles.com\/blog\/wp-json\/wp\/v2\/posts\/410\/revisions"}],"wp:attachment":[{"href":"https:\/\/www.au-pays-des-merveilles.com\/blog\/wp-json\/wp\/v2\/media?parent=410"}],"wp:term":[{"taxonomy":"category","embeddable":true,"href":"https:\/\/www.au-pays-des-merveilles.com\/blog\/wp-json\/wp\/v2\/categories?post=410"},{"taxonomy":"post_tag","embeddable":true,"href":"https:\/\/www.au-pays-des-merveilles.com\/blog\/wp-json\/wp\/v2\/tags?post=410"}],"curies":[{"name":"wp","href":"https:\/\/api.w.org\/{rel}","templated":true}]}}