{"id":4138,"date":"2009-09-14T07:00:28","date_gmt":"2009-09-14T05:00:28","guid":{"rendered":"http:\/\/www.au-pays-des-merveilles.com\/blog\/?p=4138"},"modified":"2019-03-22T17:17:43","modified_gmt":"2019-03-22T15:17:43","slug":"le-lac-aux-vlies-de-nosfell-ludovic-debeurme","status":"publish","type":"post","link":"https:\/\/www.au-pays-des-merveilles.com\/blog\/2009\/09\/14\/le-lac-aux-vlies-de-nosfell-ludovic-debeurme\/","title":{"rendered":"&ldquo;Le lac aux V&eacute;lies&rdquo; de Nosfell &amp; Ludovic Debeurme"},"content":{"rendered":"<p><a href=\"https:\/\/www.au-pays-des-merveilles.com\/blog\/wp-content\/uploads\/2009\/09\/image6.png\"><img loading=\"lazy\" decoding=\"async\" style=\"border-right-width: 0px; display: inline; border-top-width: 0px; border-bottom-width: 0px; margin-left: 0px; border-left-width: 0px; margin-right: 0px\" title=\"image\" src=\"https:\/\/www.au-pays-des-merveilles.com\/blog\/wp-content\/uploads\/2009\/09\/image_thumb6.png\" border=\"0\" alt=\"image\" width=\"304\" height=\"304\" align=\"left\" \/><\/a> <span style=\"text-decoration: underline;\">R\u00e9sum\u00e9<\/span> : <em>Le Lac aux v\u00e9lies \u00e9tait initialement un spectacle musical original, v\u00e9ritable pop-op\u00e9ra baroque pour orchestre, cr\u00e9\u00e9 pour la Cit\u00e9 de la musique en 2007.<br \/>\nC&rsquo;est la musique de ce spectacle, enregistr\u00e9e sp\u00e9cialement pour cet album, qui accompagne le conte f\u00e9\u00e9rique \u00e9crit par Nosfell et illustr\u00e9 avec talent par Ludovic Debeurme.<br \/>\nLe Lac aux V\u00e9lies sera jou\u00e9 \u00e0 Pleyel, le 29 juin 2009 par l&rsquo;Orchestre National d&rsquo;Ile de France.<br \/>\nNosfell raconte sa naissance dans le gouffre lugubre d&rsquo;un tronc d&rsquo;arbre, ses jeunes ann\u00e9es d&rsquo;enfant solitaire, et de quelle terrifiante mani\u00e8re, il chercha \u00e0 percer les secrets de l&rsquo;amour pour conqu\u00e9rir le coeur de la douce Milenaz, qu&rsquo;il en vint, malgr\u00e9 lui, \u00e0 tuer.<br \/>\nG\u00fcnel, l&rsquo;enfant de l&rsquo;arbre et des larmes, n&rsquo;aura \u00e9t\u00e9 capable dans sa vie que d&rsquo;un seul geste d amour&#8230;<br \/>\n\u00c9crit en la langue invent\u00e9e par Nosfell, le conte est traduit en fran\u00e7ais. C&rsquo;est la premi\u00e8re fois, qu&rsquo;une telle traduction est propos\u00e9e.<br \/>\nPour clore le livre, \u00e0 la fa\u00e7on d&rsquo;encyclop\u00e9die, les grands mythes de Klokochazia, qui pr\u00e9c\u00e8dent historiquement les \u00e9v\u00e9nements du conte, sont relat\u00e9s. Les planches anatomiques fantasques et les prononciations illustr\u00e9es de la langue de Nosfell, compl\u00e8tent cette oeuvre d\u00e9bordante de trouvailles graphiques et de passerelles vers l&rsquo;imaginaire.<br \/>\nChaque figure du conte poss\u00e8de son th\u00e8me musical, refl\u00e9tant ses \u00e9tats d&rsquo;\u00e2me. Un choeur prend le relais de la narration pour permettre \u00e0 Nosfell de jouer le r\u00f4le des personnages et de chanter leurs mots.<br \/>\nC&rsquo;est une partition contemporaine, que Nosfell et Le Bourgeois ont cependant voulue classique dans sa forme.<\/em><\/p>\n<p><span style=\"text-decoration: underline;\">Mon avis<\/span> : pour tout vous dire, je connaissais Nosfell de nom mais je ne savais pas ce qu\u2019il avait fait ! Quand on m\u2019a propos\u00e9 de d\u00e9couvrir son conte musical et de le rencontrer IRL, j\u2019ai saut\u00e9 sur l\u2019occasion ! Ce n\u2019est pas le genre de livre que j\u2019aurais achet\u00e9. Pourtant, c\u2019est bien dommage parce que cet ouvrage est une petite merveille. Le lac aux V\u00e9lies est un conte musical mis en images. Il est compos\u00e9 d\u2019un livre (avec une superbe qualit\u00e9 papier) et d\u2019un CD. Nosfell y a cr\u00e9\u00e9 son propre univers, son propre langage (le klokobetz, langue officielle de Klokochazia). On est dans une autre dimension, un autre monde. Les dessins sont originaux mais restent quand m\u00eame tr\u00e8s sp\u00e9ciaux ! C\u2019est sombre. On dirait des monstres. Vous pouvez d\u2019ailleurs les apercevoir sur le <a rel=\"nofollow\" href=\"http:\/\/www.flickr.com\/photos\/futuropolis\/sets\/72157619999418915\/\">Flickr de Futuropolis<\/a>.<\/p>\n<p>Au mois de Juillet, j\u2019ai eu la chance de rencontrer Nosfell avec Pierre Le Bourgeois, violoncelliste de renom. Quelle musique ! J\u2019\u00e9tais subjugu\u00e9e par la voix de Nosfell. Quelle puret\u00e9 ! Je les ai film\u00e9 et comme je suis sympa <img src=\"https:\/\/www.au-pays-des-merveilles.com\/blog\/wp-includes\/images\/smilies\/4.gif\" alt=\":D\" class=\"wp-smiley\" style=\"height: 1em; max-height: 1em;\" \/>\u00a0 je mets la vid\u00e9o en ligne, look :<\/p>\n<div style=\"text-align: center;\">\n<strong><a rel=\"nofollow\" href=\"http:\/\/www.dailymotion.com\/swf\/xae5jx_nosfell-pierre-le-bourgeois_music\">NOSFELL &amp; Pierre LE BOURGEOIS<\/a><\/strong><br \/>\n<em>par <a rel=\"nofollow\" href=\"http:\/\/www.dailymotion.com\/missginy\">missginy<\/a><\/em><\/div>\n<p style=\"text-align: center;\"><object classid=\"clsid:d27cdb6e-ae6d-11cf-96b8-444553540000\" width=\"420\" height=\"339\" codebase=\"http:\/\/download.macromedia.com\/pub\/shockwave\/cabs\/flash\/swflash.cab#version=6,0,40,0\"><param name=\"allowFullScreen\" value=\"true\" \/><param name=\"allowScriptAccess\" value=\"always\" \/><param name=\"src\" value=\"http:\/\/www.dailymotion.com\/swf\/xae5jx_nosfell-pierre-le-bourgeois_music\" \/><param name=\"allowfullscreen\" value=\"true\" \/><embed type=\"application\/x-shockwave-flash\" width=\"420\" height=\"339\" src=\"http:\/\/www.dailymotion.com\/swf\/xae5jx_nosfell-pierre-le-bourgeois_music\" allowscriptaccess=\"always\" allowfullscreen=\"true\"\/><\/object><\/p>\n<p>En plus d\u2019avoir une belle voix, il est tr\u00e8s accessible et tr\u00e8s sympa !<\/p>\n<p>Pour r\u00e9sumer, cet ouvrage est envoutant et surprenant ! A d\u00e9couvrir absolument !<\/p>\n","protected":false},"excerpt":{"rendered":"<p>R\u00e9sum\u00e9 : Le Lac aux v\u00e9lies \u00e9tait initialement un spectacle musical original, v\u00e9ritable pop-op\u00e9ra baroque pour orchestre, cr\u00e9\u00e9 pour la Cit\u00e9 de la musique en 2007. C&rsquo;est la musique de ce spectacle, enregistr\u00e9e sp\u00e9cialement pour cet album, qui accompagne le conte f\u00e9\u00e9rique \u00e9crit par Nosfell et illustr\u00e9 avec talent par Ludovic Debeurme. Le Lac aux<\/p>\n","protected":false},"author":1,"featured_media":0,"comment_status":"open","ping_status":"open","sticky":false,"template":"","format":"standard","meta":{"footnotes":""},"categories":[5],"tags":[],"class_list":["post-4138","post","type-post","status-publish","format-standard","hentry","category-cinema-musique-livres"],"_links":{"self":[{"href":"https:\/\/www.au-pays-des-merveilles.com\/blog\/wp-json\/wp\/v2\/posts\/4138","targetHints":{"allow":["GET"]}}],"collection":[{"href":"https:\/\/www.au-pays-des-merveilles.com\/blog\/wp-json\/wp\/v2\/posts"}],"about":[{"href":"https:\/\/www.au-pays-des-merveilles.com\/blog\/wp-json\/wp\/v2\/types\/post"}],"author":[{"embeddable":true,"href":"https:\/\/www.au-pays-des-merveilles.com\/blog\/wp-json\/wp\/v2\/users\/1"}],"replies":[{"embeddable":true,"href":"https:\/\/www.au-pays-des-merveilles.com\/blog\/wp-json\/wp\/v2\/comments?post=4138"}],"version-history":[{"count":0,"href":"https:\/\/www.au-pays-des-merveilles.com\/blog\/wp-json\/wp\/v2\/posts\/4138\/revisions"}],"wp:attachment":[{"href":"https:\/\/www.au-pays-des-merveilles.com\/blog\/wp-json\/wp\/v2\/media?parent=4138"}],"wp:term":[{"taxonomy":"category","embeddable":true,"href":"https:\/\/www.au-pays-des-merveilles.com\/blog\/wp-json\/wp\/v2\/categories?post=4138"},{"taxonomy":"post_tag","embeddable":true,"href":"https:\/\/www.au-pays-des-merveilles.com\/blog\/wp-json\/wp\/v2\/tags?post=4138"}],"curies":[{"name":"wp","href":"https:\/\/api.w.org\/{rel}","templated":true}]}}