{"id":4170,"date":"2009-09-16T06:47:08","date_gmt":"2009-09-16T04:47:08","guid":{"rendered":"http:\/\/www.au-pays-des-merveilles.com\/blog\/?p=4170"},"modified":"2019-03-22T17:17:43","modified_gmt":"2019-03-22T15:17:43","slug":"un-festival-de-films","status":"publish","type":"post","link":"https:\/\/www.au-pays-des-merveilles.com\/blog\/2009\/09\/16\/un-festival-de-films\/","title":{"rendered":"Un festival de films"},"content":{"rendered":"<p style=\"text-align: center;\"><a href=\"https:\/\/www.au-pays-des-merveilles.com\/blog\/wp-content\/uploads\/2009\/09\/IMG_7204.jpg\"><img loading=\"lazy\" decoding=\"async\" class=\"aligncenter\" style=\"border-bottom: 0px; border-left: 0px; display: inline; border-top: 0px; border-right: 0px\" title=\"IMG_7204\" src=\"https:\/\/www.au-pays-des-merveilles.com\/blog\/wp-content\/uploads\/2009\/09\/IMG_7204_thumb.jpg\" border=\"0\" alt=\"IMG_7204\" width=\"504\" height=\"337\" \/><\/a><\/p>\n<p><a href=\"https:\/\/www.au-pays-des-merveilles.com\/blog\/wp-content\/uploads\/2009\/09\/image7.png\"><img loading=\"lazy\" decoding=\"async\" style=\"border-bottom: 0px; border-left: 0px; display: inline; margin-left: 0px; border-top: 0px; margin-right: 0px; border-right: 0px\" title=\"image\" src=\"https:\/\/www.au-pays-des-merveilles.com\/blog\/wp-content\/uploads\/2009\/09\/image_thumb7.png\" border=\"0\" alt=\"image\" width=\"184\" height=\"244\" align=\"left\" \/><\/a><\/p>\n<p>La semaine derni\u00e8re, j\u2019ai eu la chance de gagner un pass pour le 35\u00e8me festival du film US de Deauville grace au Nuage de Filles (merci encore Elodie !).<\/p>\n<p>J\u2019ai l\u2019impression qu\u2019il est beaucoup moins connu que celui de Cannes, pourtant je n\u2019ai vraiment pas \u00e9t\u00e9 d\u00e9\u00e7ue : c\u2019\u00e9tait un festival de films et de stars ! En effet, j\u2019ai crois\u00e9 des r\u00e9alisateurs et des com\u00e9diens fran\u00e7ais (me souviens plus des noms !!), la gogole de Canal (sp\u00e9ciale d\u00e9dicace \u00e0 mes poulettes ! <img src=\"https:\/\/www.au-pays-des-merveilles.com\/blog\/wp-includes\/images\/smilies\/3.gif\" alt=\";)\" class=\"wp-smiley\" style=\"height: 1em; max-height: 1em;\" \/> ) , j\u2019ai failli rentrer dans Rohmane BOHRINGER et Ma\u00efwenn et j\u2019ai mang\u00e9 \u00e0 c\u00f4t\u00e9 d\u2019 Ally Mac Beal (Calista Flockhart) qui avait apparemment fait un petit tour chez <a rel=\"nofollow\" href=\"http:\/\/www.comptoirdescotonniers.com\/\">Comptoir des Cotonniers<\/a> juste avant en attendant son Harrison Ford d\u2019amoureux ! <em>je vous assure que \u00e7a fait un dr\u00f4le d\u2019effet de voir la personne que je regardais tous les mercredis soirs sur la 6 quand j\u2019\u00e9tais \u00e0 la fac !! pour faire ma vilaine, je peux vous dire qu\u2019elle n\u2019est pas jojo sans maquillage !! chut !! \u2026<\/em><\/p>\n<p><a href=\"https:\/\/www.au-pays-des-merveilles.com\/blog\/wp-content\/uploads\/2009\/09\/image8.png\"><img loading=\"lazy\" decoding=\"async\" style=\"border-bottom: 0px; border-left: 0px; display: block; float: none; margin-left: auto; border-top: 0px; margin-right: auto; border-right: 0px\" title=\"image\" src=\"https:\/\/www.au-pays-des-merveilles.com\/blog\/wp-content\/uploads\/2009\/09\/image_thumb8.png\" border=\"0\" alt=\"image\" width=\"504\" height=\"394\" \/><\/a> Grace au pass, nous avions la possibilit\u00e9 de voir les films propos\u00e9s ce jour. Cela \u00e9tant, il fallait s\u2019armer de patience parce que nous n\u2019\u00e9tions pas tout seul !\u00a0 d\u2019ailleurs on en a m\u00eame loup\u00e9 un parce que la s\u00e9ance \u00e9tait compl\u00e8te. On a eu l\u2019occasion d\u2019en voir 3 et ce f\u00fbt un vrai r\u00e9gal pour les yeux ! j\u2019annonce :<\/p>\n<p align=\"center\"><strong><span style=\"text-decoration: underline;\">The Messenger<\/span><\/strong><\/p>\n<p align=\"left\"><a href=\"https:\/\/www.au-pays-des-merveilles.com\/blog\/wp-content\/uploads\/2009\/09\/image9.png\"><img loading=\"lazy\" decoding=\"async\" style=\"border-bottom: 0px; border-left: 0px; display: inline; margin-left: 0px; border-top: 0px; margin-right: 0px; border-right: 0px\" title=\"image\" src=\"https:\/\/www.au-pays-des-merveilles.com\/blog\/wp-content\/uploads\/2009\/09\/image_thumb9.png\" border=\"0\" alt=\"image\" width=\"244\" height=\"164\" align=\"left\" \/><\/a> <span style=\"text-decoration: underline;\">Synopsis<\/span> : Jeune officier, Will Montgomery est charg\u00e9 d&rsquo;une mission d\u00e9licate : annoncer aux familles la nouvelle du d\u00e9c\u00e8s d&rsquo;un des leurs au combat. Il est form\u00e9 par Anthony Stone, un partenaire de travail avec qui les relations sont tendues&#8230;<\/p>\n<p align=\"left\"><span style=\"text-decoration: underline;\">Mon avis<\/span> : ce film est une petite merveille et je pense que ce n\u2019est pas pour rien qu\u2019il a re\u00e7u le Grand Prix et le Prix de la critique internationale. Bon faut pas aller voir \u00e7a si vous n\u2019avez pas la patate parce que c\u2019est pas super gai non plus. Mais le sujet est original et on ressent vraiment la difficult\u00e9 du militaire dans sa t\u00e2che. Woody Harrelson est bien loin de son image de beau gosse !<\/p>\n<p align=\"left\"><span style=\"text-decoration: underline;\">Sortie en salles<\/span> : prochainement.<\/p>\n<p align=\"center\">******<\/p>\n<p align=\"center\"><strong><span style=\"text-decoration: underline;\">The World\u2019s Greatest Dad<\/span><\/strong><\/p>\n<p align=\"left\"><a href=\"https:\/\/www.au-pays-des-merveilles.com\/blog\/wp-content\/uploads\/2009\/09\/image10.png\"><img loading=\"lazy\" decoding=\"async\" style=\"border-bottom: 0px; border-left: 0px; display: inline; margin-left: 0px; border-top: 0px; margin-right: 0px; border-right: 0px\" title=\"image\" src=\"https:\/\/www.au-pays-des-merveilles.com\/blog\/wp-content\/uploads\/2009\/09\/image_thumb10.png\" border=\"0\" alt=\"image\" width=\"173\" height=\"244\" align=\"left\" \/><\/a> <span style=\"text-decoration: underline;\"> Synopsis <\/span>: Lance Clayton se r\u00eavait en \u00e9crivain riche et c\u00e9l\u00e8bre mais il n&rsquo;est que professeur de po\u00e9sie dans un lyc\u00e9e de banlieue. Son fils unique Kyle est un adolescent pervers qui lui rend la vie compliqu\u00e9e. Le jour o\u00f9 Kyle est victime d&rsquo;un accident tr\u00e8s insolite Lance peut enfin r\u00e9aliser son r\u00eave mais au prix d&rsquo;un secret encombrant&#8230;<\/p>\n<p align=\"left\"><span style=\"text-decoration: underline;\">Mon avis<\/span> : un sujet tragique qui est trait\u00e9 de fa\u00e7on comique ! Terrible ! Ca faisait longtemps que je n\u2019avais pas vu Robin Williams dans un film. Ce r\u00f4le lui colle \u00e0 merveille !<\/p>\n<p align=\"left\"><span style=\"text-decoration: underline;\">Sortie en salles<\/span> : prochainement.<\/p>\n<p align=\"left\">\n<p align=\"left\"><a href=\"https:\/\/www.au-pays-des-merveilles.com\/blog\/wp-content\/uploads\/2009\/09\/image11.png\"><img loading=\"lazy\" decoding=\"async\" style=\"border-bottom: 0px; border-left: 0px; display: block; float: none; margin-left: auto; border-top: 0px; margin-right: auto; border-right: 0px\" title=\"image\" src=\"https:\/\/www.au-pays-des-merveilles.com\/blog\/wp-content\/uploads\/2009\/09\/image_thumb11.png\" border=\"0\" alt=\"image\" width=\"244\" height=\"106\" \/><\/a><\/p>\n<p align=\"center\">******<\/p>\n<p align=\"center\"><strong><span style=\"text-decoration: underline;\">The proposal<\/span><\/strong><\/p>\n<p align=\"left\"><a href=\"https:\/\/www.au-pays-des-merveilles.com\/blog\/wp-content\/uploads\/2009\/09\/image12.png\"><img loading=\"lazy\" decoding=\"async\" style=\"border-bottom: 0px; border-left: 0px; display: inline; margin-left: 0px; border-top: 0px; margin-right: 0px; border-right: 0px\" title=\"image\" src=\"https:\/\/www.au-pays-des-merveilles.com\/blog\/wp-content\/uploads\/2009\/09\/image_thumb12.png\" border=\"0\" alt=\"image\" width=\"184\" height=\"244\" align=\"left\" \/><\/a> <span style=\"text-decoration: underline;\"> Synopsis<\/span> : Une patronne exigeante est forc\u00e9e de quitter les Etats-Unis pour retourner dans son pays d&rsquo;origine : le Canada. Elle accepte par la force des choses de contracter un mariage blanc avec son jeune assistant, dans le but de ne pas partir&#8230;<\/p>\n<p align=\"left\"><span style=\"text-decoration: underline;\">Mon avis<\/span> : je suis fan ! on a pass\u00e9 un super bon moment, que de rigolades face aux situations cocasses ! Sandra Bullock s\u2019\u00e9clate et \u00e7a se voit !! un film de filles qu\u2019on a envie de voir et de revoir ! <em>Je me jette sur le DVD d\u00e8s qu\u2019il sort !!<\/em><\/p>\n<p align=\"left\"><span style=\"text-decoration: underline;\">Sortie en salles<\/span> : le 23 septembre 2009.<\/p>\n<p align=\"left\">\n<p align=\"left\"><a href=\"https:\/\/www.au-pays-des-merveilles.com\/blog\/wp-content\/uploads\/2009\/09\/image13.png\"><img loading=\"lazy\" decoding=\"async\" style=\"border-bottom: 0px; border-left: 0px; display: block; float: none; margin-left: auto; border-top: 0px; margin-right: auto; border-right: 0px\" title=\"image\" src=\"https:\/\/www.au-pays-des-merveilles.com\/blog\/wp-content\/uploads\/2009\/09\/image_thumb13.png\" border=\"0\" alt=\"image\" width=\"344\" height=\"231\" \/><\/a><\/p>\n<p align=\"left\"><em>Je vous conseille fortement de voir ces films en VO parce que de ce que j\u2019ai eu comme \u00e9cho, la traduction n\u2019est pas terrible ! <\/em><\/p>\n<p align=\"left\">Voil\u00e0 ce fut sportif, on n\u2019a pas vu la journ\u00e9e passer mais je crois bien qu\u2019on a vu les meilleurs films finalement ! <img src=\"https:\/\/www.au-pays-des-merveilles.com\/blog\/wp-includes\/images\/smilies\/3.gif\" alt=\";)\" class=\"wp-smiley\" style=\"height: 1em; max-height: 1em;\" \/><\/p>\n<p align=\"left\">Ca me donne envie d\u2019\u00eatre \u00e0 l\u2019ann\u00e9e prochaine pour recommencer !\u00a0 What a good day !<\/p>\n","protected":false},"excerpt":{"rendered":"<p>La semaine derni\u00e8re, j\u2019ai eu la chance de gagner un pass pour le 35\u00e8me festival du film US de Deauville grace au Nuage de Filles (merci encore Elodie !). J\u2019ai l\u2019impression qu\u2019il est beaucoup moins connu que celui de Cannes, pourtant je n\u2019ai vraiment pas \u00e9t\u00e9 d\u00e9\u00e7ue : c\u2019\u00e9tait un festival de films et de<\/p>\n","protected":false},"author":1,"featured_media":0,"comment_status":"open","ping_status":"open","sticky":false,"template":"","format":"standard","meta":{"footnotes":""},"categories":[5],"tags":[],"class_list":["post-4170","post","type-post","status-publish","format-standard","hentry","category-cinema-musique-livres"],"_links":{"self":[{"href":"https:\/\/www.au-pays-des-merveilles.com\/blog\/wp-json\/wp\/v2\/posts\/4170","targetHints":{"allow":["GET"]}}],"collection":[{"href":"https:\/\/www.au-pays-des-merveilles.com\/blog\/wp-json\/wp\/v2\/posts"}],"about":[{"href":"https:\/\/www.au-pays-des-merveilles.com\/blog\/wp-json\/wp\/v2\/types\/post"}],"author":[{"embeddable":true,"href":"https:\/\/www.au-pays-des-merveilles.com\/blog\/wp-json\/wp\/v2\/users\/1"}],"replies":[{"embeddable":true,"href":"https:\/\/www.au-pays-des-merveilles.com\/blog\/wp-json\/wp\/v2\/comments?post=4170"}],"version-history":[{"count":0,"href":"https:\/\/www.au-pays-des-merveilles.com\/blog\/wp-json\/wp\/v2\/posts\/4170\/revisions"}],"wp:attachment":[{"href":"https:\/\/www.au-pays-des-merveilles.com\/blog\/wp-json\/wp\/v2\/media?parent=4170"}],"wp:term":[{"taxonomy":"category","embeddable":true,"href":"https:\/\/www.au-pays-des-merveilles.com\/blog\/wp-json\/wp\/v2\/categories?post=4170"},{"taxonomy":"post_tag","embeddable":true,"href":"https:\/\/www.au-pays-des-merveilles.com\/blog\/wp-json\/wp\/v2\/tags?post=4170"}],"curies":[{"name":"wp","href":"https:\/\/api.w.org\/{rel}","templated":true}]}}