{"id":4247,"date":"2009-09-29T00:01:44","date_gmt":"2009-09-28T22:01:44","guid":{"rendered":"http:\/\/www.au-pays-des-merveilles.com\/blog\/?p=4247"},"modified":"2019-03-22T17:17:43","modified_gmt":"2019-03-22T15:17:43","slug":"des-cadeaux","status":"publish","type":"post","link":"https:\/\/www.au-pays-des-merveilles.com\/blog\/2009\/09\/29\/des-cadeaux\/","title":{"rendered":"Des cadeaux &hellip;"},"content":{"rendered":"<p>Pourrie g\u00e2t\u00e9e je f\u00fbs ! Donc comme promis, je vous montre tous mes cadeauuux ! C\u2019est presque une liste \u00e0 la Pr\u00e9vert !<\/p>\n<p>Alors, de mon loulou :<\/p>\n<p style=\"text-align: center;\"><a href=\"https:\/\/www.au-pays-des-merveilles.com\/blog\/wp-content\/uploads\/2009\/09\/image21.png\"><img loading=\"lazy\" decoding=\"async\" style=\"border-bottom: 0px; border-left: 0px; display: inline; border-top: 0px; border-right: 0px\" title=\"image\" src=\"https:\/\/www.au-pays-des-merveilles.com\/blog\/wp-content\/uploads\/2009\/09\/image_thumb20.png\" border=\"0\" alt=\"image\" width=\"244\" height=\"244\" \/><\/a> <a href=\"https:\/\/www.au-pays-des-merveilles.com\/blog\/wp-content\/uploads\/2009\/09\/image22.png\"><img loading=\"lazy\" decoding=\"async\" style=\"border-bottom: 0px; border-left: 0px; display: inline; border-top: 0px; border-right: 0px\" title=\"image\" src=\"https:\/\/www.au-pays-des-merveilles.com\/blog\/wp-content\/uploads\/2009\/09\/image_thumb21.png\" border=\"0\" alt=\"image\" width=\"244\" height=\"244\" \/><\/a><\/p>\n<p>Je ne sais si \u00e7a va vous parler mais j\u2019ai eu un nouvel objectif (55-250 mm) qui va me servir de t\u00e9l\u00e9objectif \u2026 il est bien lumineux, l\u00e9 au top ! Et un Grip qui permet d\u2019avoir une batterie suppl\u00e9mentaire dans son reflex mais aussi qui fait que l\u2019on peut photographier plus facilement \u00e0 la verticale. Magnifique explication de Virginie.<\/p>\n<p>Ce n\u2019est pas tout, il m\u2019a fait la surprizzz et m\u2019a offert les fameux produits au lait d\u2019\u00e2nesse !! <img src=\"https:\/\/www.au-pays-des-merveilles.com\/blog\/wp-includes\/images\/smilies\/4.gif\" alt=\":D\" class=\"wp-smiley\" style=\"height: 1em; max-height: 1em;\" \/>\u00a0 Un petit savon en forme d\u2019\u00e2ne (il embaume ma SDB c\u2019est terrible !), une cr\u00e8me de soin au lait d\u2019\u00e2nesse (c\u2019est une vraie merveille cette cr\u00e8me, la peau est douce, pas de rougeurs, j\u2019adore le parfum) et des pastilles au citron (pas encore go\u00fbt\u00e9 !) \u2026 toutes ces petites choses viennent de Ane &amp; Sens. On a m\u00eame failli partir en Belgique visiter le domaine !<\/p>\n<p style=\"text-align: center;\"><a href=\"https:\/\/www.au-pays-des-merveilles.com\/blog\/wp-content\/uploads\/2009\/09\/IMG_7380.jpg\"><img loading=\"lazy\" decoding=\"async\" style=\"border-bottom: 0px; border-left: 0px; display: inline; border-top: 0px; border-right: 0px\" title=\"IMG_7380\" src=\"https:\/\/www.au-pays-des-merveilles.com\/blog\/wp-content\/uploads\/2009\/09\/IMG_7380_thumb.jpg\" border=\"0\" alt=\"IMG_7380\" width=\"244\" height=\"164\" \/><\/a> <a href=\"https:\/\/www.au-pays-des-merveilles.com\/blog\/wp-content\/uploads\/2009\/09\/IMG_7392.jpg\"><img loading=\"lazy\" decoding=\"async\" style=\"border-bottom: 0px; border-left: 0px; display: inline; border-top: 0px; border-right: 0px\" title=\"IMG_7392\" src=\"https:\/\/www.au-pays-des-merveilles.com\/blog\/wp-content\/uploads\/2009\/09\/IMG_7392_thumb.jpg\" border=\"0\" alt=\"IMG_7392\" width=\"205\" height=\"244\" \/><\/a><\/p>\n<p>Enfin, des pantoufles ESPRIT (que j\u2019ai oubli\u00e9 de shooter !), des chocolats (les fameux nounours en choco de Jeff de Bruges \u2026 le gros pot \u00e9videmment !!), &amp; une belle composition florale (je ne sais pas si vous voyez mais il y a un petit diamant au centre l\u2019orchid\u00e9e <img src=\"https:\/\/www.au-pays-des-merveilles.com\/blog\/wp-includes\/images\/smilies\/3.gif\" alt=\";)\" class=\"wp-smiley\" style=\"height: 1em; max-height: 1em;\" \/>\u00a0 une d\u00e9claration peut \u00eatre \u2026 sais p\u00f4 !!) \u2026<\/p>\n<p style=\"text-align: center;\"><a href=\"https:\/\/www.au-pays-des-merveilles.com\/blog\/wp-content\/uploads\/2009\/09\/IMG_7426.jpg\"><img loading=\"lazy\" decoding=\"async\" style=\"border-bottom: 0px; border-left: 0px; display: inline; border-top: 0px; border-right: 0px\" title=\"IMG_7426\" src=\"https:\/\/www.au-pays-des-merveilles.com\/blog\/wp-content\/uploads\/2009\/09\/IMG_7426_thumb.jpg\" border=\"0\" alt=\"IMG_7426\" width=\"164\" height=\"244\" \/><\/a> <a href=\"https:\/\/www.au-pays-des-merveilles.com\/blog\/wp-content\/uploads\/2009\/09\/Fleur.jpg\"><img loading=\"lazy\" decoding=\"async\" style=\"border-bottom: 0px; border-left: 0px; display: inline; border-top: 0px; border-right: 0px\" title=\"Fleur\" src=\"https:\/\/www.au-pays-des-merveilles.com\/blog\/wp-content\/uploads\/2009\/09\/Fleur_thumb.jpg\" border=\"0\" alt=\"Fleur\" width=\"344\" height=\"232\" \/><\/a><\/p>\n<p>De la part des parents de mon loulou : un joli duo de tasses \u00e0 th\u00e9 Medard de Noblat (on a craqu\u00e9 sur leur vaisselle avec mon loulou !) et du th\u00e9 \u00e0 la rose, tout un programme !<\/p>\n<p><a href=\"https:\/\/www.au-pays-des-merveilles.com\/blog\/wp-content\/uploads\/2009\/09\/IMG_7386.jpg\"><img loading=\"lazy\" decoding=\"async\" style=\"border-bottom: 0px; border-left: 0px; display: block; float: none; margin-left: auto; border-top: 0px; margin-right: auto; border-right: 0px\" title=\"IMG_7386\" src=\"https:\/\/www.au-pays-des-merveilles.com\/blog\/wp-content\/uploads\/2009\/09\/IMG_7386_thumb.jpg\" border=\"0\" alt=\"IMG_7386\" width=\"344\" height=\"231\" \/><\/a><\/p>\n<p>De la part de mia famiglia, un pyjama avec des pantoufles, des sous sous \u2026<\/p>\n<p align=\"center\"><a href=\"https:\/\/www.au-pays-des-merveilles.com\/blog\/wp-content\/uploads\/2009\/09\/IMG_7393.jpg\"><img loading=\"lazy\" decoding=\"async\" style=\"border-bottom: 0px; border-left: 0px; display: inline; border-top: 0px; border-right: 0px\" title=\"IMG_7393\" src=\"https:\/\/www.au-pays-des-merveilles.com\/blog\/wp-content\/uploads\/2009\/09\/IMG_7393_thumb.jpg\" border=\"0\" alt=\"IMG_7393\" width=\"164\" height=\"244\" \/><\/a> <a href=\"https:\/\/www.au-pays-des-merveilles.com\/blog\/wp-content\/uploads\/2009\/09\/IMG_7418.jpg\"><img loading=\"lazy\" decoding=\"async\" style=\"border-bottom: 0px; border-left: 0px; display: inline; border-top: 0px; border-right: 0px\" title=\"IMG_7418\" src=\"https:\/\/www.au-pays-des-merveilles.com\/blog\/wp-content\/uploads\/2009\/09\/IMG_7418_thumb.jpg\" border=\"0\" alt=\"IMG_7418\" width=\"164\" height=\"244\" \/><\/a><\/p>\n<p>et c\u2019est l\u00e0 o\u00f9 je me suis l\u00e2ch\u00e9e en cette journ\u00e9e- anniversaire-shopping !! <img src=\"https:\/\/www.au-pays-des-merveilles.com\/blog\/wp-includes\/images\/smilies\/4.gif\" alt=\":D\" class=\"wp-smiley\" style=\"height: 1em; max-height: 1em;\" \/><\/p>\n<p align=\"center\"><a href=\"https:\/\/www.au-pays-des-merveilles.com\/blog\/wp-content\/uploads\/2009\/09\/IMG_7414.jpg\"><img loading=\"lazy\" decoding=\"async\" style=\"border-bottom: 0px; border-left: 0px; display: block; float: none; margin-left: auto; border-top: 0px; margin-right: auto; border-right: 0px\" title=\"IMG_7414\" src=\"https:\/\/www.au-pays-des-merveilles.com\/blog\/wp-content\/uploads\/2009\/09\/IMG_7414_thumb.jpg\" border=\"0\" alt=\"IMG_7414\" width=\"404\" height=\"271\" \/><\/a><a href=\"https:\/\/www.au-pays-des-merveilles.com\/blog\/wp-content\/uploads\/2009\/09\/IMG_7410.jpg\"><img loading=\"lazy\" decoding=\"async\" style=\"border-bottom: 0px; border-left: 0px; display: inline; border-top: 0px; border-right: 0px\" title=\"IMG_7410\" src=\"https:\/\/www.au-pays-des-merveilles.com\/blog\/wp-content\/uploads\/2009\/09\/IMG_7410_thumb.jpg\" border=\"0\" alt=\"IMG_7410\" width=\"164\" height=\"244\" \/><\/a> <a href=\"https:\/\/www.au-pays-des-merveilles.com\/blog\/wp-content\/uploads\/2009\/09\/IMG_7404.jpg\"><img loading=\"lazy\" decoding=\"async\" style=\"border-bottom: 0px; border-left: 0px; display: inline; border-top: 0px; border-right: 0px\" title=\"IMG_7404\" src=\"https:\/\/www.au-pays-des-merveilles.com\/blog\/wp-content\/uploads\/2009\/09\/IMG_7404_thumb.jpg\" border=\"0\" alt=\"IMG_7404\" width=\"244\" height=\"164\" \/><\/a><\/p>\n<p align=\"center\">Alors, je ne sais pas si vous voyez grand chose mais bon en r\u00e9sum\u00e9, des pantalons, une jupe, des leggings, des tuniques, des robettes, un t\u2019shirt trop rigolo, des ballerines, et des escarpins (pour faire la grande !)\u00a0 <img src=\"https:\/\/www.au-pays-des-merveilles.com\/blog\/wp-includes\/images\/smilies\/3.gif\" alt=\";)\" class=\"wp-smiley\" style=\"height: 1em; max-height: 1em;\" \/>\u00a0 bref, je crois que j\u2019ai un condens\u00e9 de toutes les grosses marques de magasins pour filles ! <img src=\"https:\/\/www.au-pays-des-merveilles.com\/blog\/wp-includes\/images\/smilies\/4.gif\" alt=\":D\" class=\"wp-smiley\" style=\"height: 1em; max-height: 1em;\" \/> Me suis fait plais\u2019 je crois que \u00e7a se voit !! Ben oui mais j\u2019avais plus rien dans mon placard !!<\/p>\n<p align=\"left\">Mais attendez, ce n\u2019est pas tout !! J\u2019ai eu la bonne id\u00e9e d\u2019aller sur Ventes priv\u00e9es ce jour l\u00e0 et comme de par hasard il y avait une vente d\u2019electro-m\u00e9nager ROBUSTA \u2026 aux oubliettes la CB vu que je me suis offert \u00e7a :<\/p>\n<p align=\"center\"><a href=\"https:\/\/www.au-pays-des-merveilles.com\/blog\/wp-content\/uploads\/2009\/09\/Nettoyeurvapeur.jpg\"><img loading=\"lazy\" decoding=\"async\" style=\"border-bottom: 0px; border-left: 0px; display: inline; border-top: 0px; border-right: 0px\" title=\"Nettoyeur vapeur\" src=\"https:\/\/www.au-pays-des-merveilles.com\/blog\/wp-content\/uploads\/2009\/09\/Nettoyeurvapeur_thumb.jpg\" border=\"0\" alt=\"Nettoyeur vapeur\" width=\"244\" height=\"244\" \/><\/a> <a href=\"https:\/\/www.au-pays-des-merveilles.com\/blog\/wp-content\/uploads\/2009\/09\/Robot.jpg\"><img loading=\"lazy\" decoding=\"async\" style=\"border-bottom: 0px; border-left: 0px; display: inline; border-top: 0px; border-right: 0px\" title=\"Robot\" src=\"https:\/\/www.au-pays-des-merveilles.com\/blog\/wp-content\/uploads\/2009\/09\/Robot_thumb.jpg\" border=\"0\" alt=\"Robot\" width=\"244\" height=\"244\" \/><\/a><\/p>\n<p align=\"left\">Un nettoyeur vapeur (50 \u20ac au lieu de 200) et THE robot multifonctions (259 \u20ac au lieu de 600) !! \u00e7a valait le coup non ?!! vu que je passe mon temps \u00e0 faire des petites gourmandises, je me suis dit que \u00e7a allait m\u2019aider ! c\u2019est surtout que ma mother en a un et que je bave dessus \u00e0 chaque fois que j\u2019y vais ! Suis TROP contente !! <img src=\"https:\/\/www.au-pays-des-merveilles.com\/blog\/wp-includes\/images\/smilies\/4.gif\" alt=\":D\" class=\"wp-smiley\" style=\"height: 1em; max-height: 1em;\" \/>\u00a0 <em>d\u00e9p\u00eachez vous, je crois qu\u2019il en reste encore !!<\/em><\/p>\n<p align=\"left\">Enfin, pour parfaire ma petite vie de femme d\u2019int\u00e9rieur, je me suis offert aussi des livres pour apprendre la couture parce que je d\u00e9couvre des blogs jour apr\u00e8s jour de n\u00e9nettes qui font de super jolies choses en couture et que \u00e7a m\u2019\u00e9nerve de pas savoir faire les m\u00eames trucs alors que j\u2019ai une super machine \u00e0 coudre. Nouvelle r\u00e9solution, c\u2019est d\u00e9cid\u00e9, me mettre plus \u00e0 la couture !!<\/p>\n<p align=\"center\"><a href=\"https:\/\/www.au-pays-des-merveilles.com\/blog\/wp-content\/uploads\/2009\/09\/IMG_7395.jpg\"><img loading=\"lazy\" decoding=\"async\" style=\"border-bottom: 0px; border-left: 0px; display: inline; border-top: 0px; border-right: 0px\" title=\"IMG_7395\" src=\"https:\/\/www.au-pays-des-merveilles.com\/blog\/wp-content\/uploads\/2009\/09\/IMG_7395_thumb.jpg\" border=\"0\" alt=\"IMG_7395\" width=\"244\" height=\"164\" \/><\/a> <a href=\"https:\/\/www.au-pays-des-merveilles.com\/blog\/wp-content\/uploads\/2009\/09\/IMG_7416.jpg\"><img loading=\"lazy\" decoding=\"async\" style=\"border-bottom: 0px; border-left: 0px; display: inline; border-top: 0px; border-right: 0px\" title=\"IMG_7416\" src=\"https:\/\/www.au-pays-des-merveilles.com\/blog\/wp-content\/uploads\/2009\/09\/IMG_7416_thumb.jpg\" border=\"0\" alt=\"IMG_7416\" width=\"164\" height=\"244\" \/><\/a><\/p>\n<p align=\"center\">Avec \u00e7a, je dois apprendre \u00e0 faire ma nappe, mes serviettes, mon tablier de cuisine et accessoirement rhabiller mes chaises \u2026 bon ben y\u2019a de quoi occuper mes longues soir\u00e9es d\u2019hiver !!<\/p>\n<p align=\"left\">J\u2019oublie certainement des choses \u2026 \u00e7a va me reviendre ! mais bon c\u2019est tous les jours un cadeau que de vivre avec mon loulou (est ce qu\u2019il me lit l\u00e0 ?!! <img src=\"https:\/\/www.au-pays-des-merveilles.com\/blog\/wp-includes\/images\/smilies\/4.gif\" alt=\":D\" class=\"wp-smiley\" style=\"height: 1em; max-height: 1em;\" \/> )<\/p>\n<p align=\"left\">Voil\u00e0 voil\u00e0 \u2026<\/p>\n<p align=\"left\">Ah mais au fait, je ne vous oublie pas ! \u00e0 mon tour de vous faire un ptit cadeau : la recette du fameux Sachertorte <em>kiestropbonpourlescuisses<\/em> !!<\/p>\n<p align=\"left\"><img loading=\"lazy\" decoding=\"async\" class=\"aligncenter size-full wp-image-4249\" title=\"sacher\" src=\"https:\/\/www.au-pays-des-merveilles.com\/blog\/wp-content\/uploads\/2009\/09\/sacher.jpg\" alt=\"sacher\" width=\"469\" height=\"340\" \/><\/p>\n<p align=\"left\">Cliquez sur la photo pour voir la recette en plus grand \u2026 <em>oui j\u2019avais la flemme de tout recopier, du coup je l\u2019ai scann\u00e9 ! <\/em><\/p>\n<p align=\"left\"><em><span style=\"text-decoration: underline;\">Conclusion<\/span> : j\u2019ai pass\u00e9 une tr\u00e8s belle journ\u00e9e d\u2019anniversaire \u2026 merci encore \u00e0 toutes &amp; tous pour vos appels, sms, mails &amp; co \u2026 \u00e7a m\u2019a beaucoup touch\u00e9. On remet \u00e7a ?! <\/em><\/p>\n<p align=\"left\"><em>A tr\u00e8s vite \u2026<\/em><\/p>\n<p align=\"left\">\n<p align=\"left\"><em><span style=\"text-decoration: underline;\"><strong>EDIT du 2\/10\/2009<\/strong><\/span> : effectivement \u00e7a ne fonctionne pas si on clique sur la recette ! il \u00e9tait temps que je m&rsquo;en aper\u00e7oive !! si vous la voulez, contactez moi <a href=\"https:\/\/www.au-pays-des-merveilles.com\/blog\/contacter-lauteur\/\">ici<\/a> et je vous l&rsquo;envoie par mail ! Toutes mes confuses !!<br \/>\n<\/em>\n<\/p>\n<p align=\"left\">\n","protected":false},"excerpt":{"rendered":"<p>Pourrie g\u00e2t\u00e9e je f\u00fbs ! Donc comme promis, je vous montre tous mes cadeauuux ! C\u2019est presque une liste \u00e0 la Pr\u00e9vert ! Alors, de mon loulou : Je ne sais si \u00e7a va vous parler mais j\u2019ai eu un nouvel objectif (55-250 mm) qui va me servir de t\u00e9l\u00e9objectif \u2026 il est bien lumineux,<\/p>\n","protected":false},"author":1,"featured_media":0,"comment_status":"open","ping_status":"open","sticky":false,"template":"","format":"standard","meta":{"footnotes":""},"categories":[4],"tags":[],"class_list":["post-4247","post","type-post","status-publish","format-standard","hentry","category-ma-vie-mon-oeuvre"],"_links":{"self":[{"href":"https:\/\/www.au-pays-des-merveilles.com\/blog\/wp-json\/wp\/v2\/posts\/4247","targetHints":{"allow":["GET"]}}],"collection":[{"href":"https:\/\/www.au-pays-des-merveilles.com\/blog\/wp-json\/wp\/v2\/posts"}],"about":[{"href":"https:\/\/www.au-pays-des-merveilles.com\/blog\/wp-json\/wp\/v2\/types\/post"}],"author":[{"embeddable":true,"href":"https:\/\/www.au-pays-des-merveilles.com\/blog\/wp-json\/wp\/v2\/users\/1"}],"replies":[{"embeddable":true,"href":"https:\/\/www.au-pays-des-merveilles.com\/blog\/wp-json\/wp\/v2\/comments?post=4247"}],"version-history":[{"count":0,"href":"https:\/\/www.au-pays-des-merveilles.com\/blog\/wp-json\/wp\/v2\/posts\/4247\/revisions"}],"wp:attachment":[{"href":"https:\/\/www.au-pays-des-merveilles.com\/blog\/wp-json\/wp\/v2\/media?parent=4247"}],"wp:term":[{"taxonomy":"category","embeddable":true,"href":"https:\/\/www.au-pays-des-merveilles.com\/blog\/wp-json\/wp\/v2\/categories?post=4247"},{"taxonomy":"post_tag","embeddable":true,"href":"https:\/\/www.au-pays-des-merveilles.com\/blog\/wp-json\/wp\/v2\/tags?post=4247"}],"curies":[{"name":"wp","href":"https:\/\/api.w.org\/{rel}","templated":true}]}}