{"id":4300,"date":"2009-10-12T06:21:57","date_gmt":"2009-10-12T04:21:57","guid":{"rendered":"http:\/\/www.au-pays-des-merveilles.com\/blog\/?p=4300"},"modified":"2019-04-28T12:14:48","modified_gmt":"2019-04-28T10:14:48","slug":"week-end-cocooning","status":"publish","type":"post","link":"https:\/\/www.au-pays-des-merveilles.com\/blog\/2009\/10\/12\/week-end-cocooning\/","title":{"rendered":"Week-end cocooning"},"content":{"rendered":"<p style=\"text-align: center;\"><a href=\"https:\/\/www.au-pays-des-merveilles.com\/blog\/wp-content\/uploads\/2009\/10\/85270123.jpg\"><img loading=\"lazy\" decoding=\"async\" class=\"aligncenter\" style=\"border-bottom: 0px; border-left: 0px; display: block; float: none; margin-left: auto; border-top: 0px; margin-right: auto; border-right: 0px\" title=\"85270123\" src=\"https:\/\/www.au-pays-des-merveilles.com\/blog\/wp-content\/uploads\/2009\/10\/85270123_thumb.jpg\" border=\"0\" alt=\"85270123\" width=\"504\" height=\"394\" \/><\/a><\/p>\n<p>L\u2019automne arrive et on revient \u00e0 nos petits week-end cocooning ! J\u2019adore \u00e7a ! Faut dire que je me suis chopp\u00e9e un rhube et que je n\u2019avais pas du tout envie de sortir.<\/p>\n<p>Au programme, mise \u00e0 part les machines de linge, le m\u00e9nache et autres joyeuset\u00e9s (!) j\u2019en ai profit\u00e9 pour faire de la couture, du tricot, de la cuisine \u2026 une vraie petite femme d\u2019int\u00e9rieur ! <em>remarquez va falloir que je m\u2019habitue parce que mon destin va changer tr\u00e8s prochainement \u2026 je vous en reparlerai d\u2019ici l\u00e0 ! suspeeeense<\/em> !\u00a0 <img src=\"https:\/\/www.au-pays-des-merveilles.com\/blog\/wp-includes\/images\/smilies\/3.gif\" alt=\";)\" class=\"wp-smiley\" style=\"height: 1em; max-height: 1em;\" \/><\/p>\n<p><a href=\"https:\/\/www.au-pays-des-merveilles.com\/blog\/wp-content\/uploads\/2009\/10\/IMG_7552.jpg\"><img loading=\"lazy\" decoding=\"async\" style=\"border-bottom: 0px; border-left: 0px; display: inline; margin-left: 0px; border-top: 0px; margin-right: 0px; border-right: 0px\" title=\"IMG_7552\" src=\"https:\/\/www.au-pays-des-merveilles.com\/blog\/wp-content\/uploads\/2009\/10\/IMG_7552_thumb.jpg\" border=\"0\" alt=\"IMG_7552\" width=\"204\" height=\"304\" align=\"left\" \/><\/a> Donc au rayon couture, nous avons une Virginie qui a `enfin` r\u00e9alis\u00e9 sa nappe de table et ses serviettes ! Je n\u2019arrivais jamais \u00e0 trouver dans le commerce une nappe toute simple pour ma table qui est toute petite et qui l&acute;est d&acute;autant plus sit&ocirc;t que l&acute;on rajoute une lampe de bureau ou quoi que ce soit. Autant la faire moi m\u00eame donc, avec ma jolie MAC qui prend la poussi\u00e8re !\u00a0 Je me suis aid\u00e9e de <a rel=\"nofollow\" href=\"http:\/\/www.amazon.fr\/Abc-couture-techniques-Monique-Labrousse\/dp\/2350321290\/ref=sr_1_1?ie=UTF8&amp;s=books&amp;qid=1255273659&amp;sr=1-1\">l\u2019abc de la couture<\/a>.<\/p>\n<p><img loading=\"lazy\" decoding=\"async\" style=\"border-bottom: 0px; border-left: 0px; display: block; float: none; margin-left: auto; border-top: 0px; margin-right: auto; border-right: 0px\" title=\"image\" src=\"https:\/\/www.au-pays-des-merveilles.com\/blog\/wp-content\/uploads\/2009\/10\/image2.png\" border=\"0\" alt=\"image\" width=\"187\" height=\"244\" \/><\/p>\n<p>Ma foi, elle est pas mal m\u00eame si je me suis plant\u00e9e niveau dimensions mais bon c\u2019est pas grave, \u00e7a fait nappe courte !<\/p>\n<p>En revanche, je pense que je m\u2019amuserai, quand j\u2019aurais plus de temps, \u00e0 broder mes petites serviettes parce que \u00e7a fait un peu trop nu \u00e0 mon go\u00fbt tout ce blanc !<\/p>\n<p><a href=\"https:\/\/www.au-pays-des-merveilles.com\/blog\/wp-content\/uploads\/2009\/10\/IMG_7568.jpg\"><img loading=\"lazy\" decoding=\"async\" style=\"border-bottom: 0px; border-left: 0px; display: inline; margin-left: 0px; border-top: 0px; margin-right: 0px; border-right: 0px\" title=\"IMG_7568\" src=\"https:\/\/www.au-pays-des-merveilles.com\/blog\/wp-content\/uploads\/2009\/10\/IMG_7568_thumb.jpg\" border=\"0\" alt=\"IMG_7568\" width=\"164\" height=\"244\" \/><\/a> Au rayon tricot, je finis ma premi\u00e8re oeuvre !! remarquez depuis presqu\u2019un an il serait temps ! elle va arriver pile au bon moment ! Je vous la montrerai une fois finie, promis ! D\u2019ailleurs j\u2019\u00e9tais tellement emball\u00e9e par mon premier essai (merci encore \u00e0 ma ptite Gaelle) que je suis all\u00e9e \u00e0 <a rel=\"nofollow\" href=\"http:\/\/www.ladroguerie.com\/\">la Droguerie<\/a> histoire de commencer un nouveau projet ! un truc pas trop compliqu\u00e9 parce que sinon, je me connais, je vais laisser tomber !<\/p>\n<p><a href=\"https:\/\/www.au-pays-des-merveilles.com\/blog\/wp-content\/uploads\/2009\/10\/IMG_7533.jpg\"><img loading=\"lazy\" decoding=\"async\" style=\"border-bottom: 0px; border-left: 0px; display: inline; border-top: 0px; border-right: 0px\" title=\"IMG_7533\" src=\"https:\/\/www.au-pays-des-merveilles.com\/blog\/wp-content\/uploads\/2009\/10\/IMG_7533_thumb.jpg\" border=\"0\" alt=\"IMG_7533\" width=\"244\" height=\"164\" \/><\/a> Et au rayon cuisine, j\u2019ai voulu me tenter \u00e0 faire du pain et de la brioche \u2026 alors comment dire ? je ne ferais pas concurrence \u00e0 mon boulanger, \u00e7a c\u2019est s\u00fbr !! Bon \u00e9videmment je n\u2019ai pas encore re\u00e7u <a href=\"https:\/\/www.au-pays-des-merveilles.com\/blog\/2009\/09\/29\/des-cadeaux\/\">mon super robot<\/a>, du coup j\u2019ai p\u00e9tri \u00e0 la mano \u2026 <em>j\u2019avais plus de bras<\/em> \u2026 tout \u00e7a pour pas grand chose parce que c\u2019\u00e9tait vraiment pas fameux ! Le pain \u00e9tait dur (trop cuit) et pas assez a\u00e9r\u00e9. Je pense que je n\u2019ai pas p\u00e9tri assez ! M\u00eame constat pour la brioche qui elle n\u2019a pas mont\u00e9 ! je vous ai \u00e9pargn\u00e9 la photo, c\u2019\u00e9tait une catastrophe !<\/p>\n<p>Bon sinon, apr\u00e8s tout \u00e7a, j\u2019en ai profit\u00e9 pour faire tous mes papiers, regarder des films, rester vautr\u00e9e dans le canap\u00e9, trainer en pyj, se faire de bons petits plats, prendre un bain et surtout profiter de mon loulou \u2026 oui ce week-end \u00e9tait un week-end sans ordi ! Ca devient tellement rare de nos jours !! Vivement le prochain week-end ! <a href=\"https:\/\/www.au-pays-des-merveilles.com\/blog\/2009\/09\/22\/i-love-the-body-shop-concours\/\">celui-ci sera beaucoup moins reposant<\/a> !<\/p>\n<p>Bonne semaine !<\/p>\n<p align=\"right\"><em>Et vous, vous avez fait quoi ce week-end ?!<\/em><\/p>\n","protected":false},"excerpt":{"rendered":"<p>L\u2019automne arrive et on revient \u00e0 nos petits week-end cocooning ! J\u2019adore \u00e7a ! Faut dire que je me suis chopp\u00e9e un rhube et que je n\u2019avais pas du tout envie de sortir. Au programme, mise \u00e0 part les machines de linge, le m\u00e9nache et autres joyeuset\u00e9s (!) j\u2019en ai profit\u00e9 pour faire de la<\/p>\n","protected":false},"author":1,"featured_media":0,"comment_status":"open","ping_status":"open","sticky":false,"template":"","format":"standard","meta":{"footnotes":""},"categories":[10,33,4,32],"tags":[],"class_list":["post-4300","post","type-post","status-publish","format-standard","hentry","category-cook-book","category-couture","category-ma-vie-mon-oeuvre","category-tricot"],"_links":{"self":[{"href":"https:\/\/www.au-pays-des-merveilles.com\/blog\/wp-json\/wp\/v2\/posts\/4300","targetHints":{"allow":["GET"]}}],"collection":[{"href":"https:\/\/www.au-pays-des-merveilles.com\/blog\/wp-json\/wp\/v2\/posts"}],"about":[{"href":"https:\/\/www.au-pays-des-merveilles.com\/blog\/wp-json\/wp\/v2\/types\/post"}],"author":[{"embeddable":true,"href":"https:\/\/www.au-pays-des-merveilles.com\/blog\/wp-json\/wp\/v2\/users\/1"}],"replies":[{"embeddable":true,"href":"https:\/\/www.au-pays-des-merveilles.com\/blog\/wp-json\/wp\/v2\/comments?post=4300"}],"version-history":[{"count":0,"href":"https:\/\/www.au-pays-des-merveilles.com\/blog\/wp-json\/wp\/v2\/posts\/4300\/revisions"}],"wp:attachment":[{"href":"https:\/\/www.au-pays-des-merveilles.com\/blog\/wp-json\/wp\/v2\/media?parent=4300"}],"wp:term":[{"taxonomy":"category","embeddable":true,"href":"https:\/\/www.au-pays-des-merveilles.com\/blog\/wp-json\/wp\/v2\/categories?post=4300"},{"taxonomy":"post_tag","embeddable":true,"href":"https:\/\/www.au-pays-des-merveilles.com\/blog\/wp-json\/wp\/v2\/tags?post=4300"}],"curies":[{"name":"wp","href":"https:\/\/api.w.org\/{rel}","templated":true}]}}