{"id":4381,"date":"2009-10-23T00:01:18","date_gmt":"2009-10-22T22:01:18","guid":{"rendered":"http:\/\/www.au-pays-des-merveilles.com\/blog\/?p=4381"},"modified":"2019-08-10T23:27:54","modified_gmt":"2019-08-10T21:27:54","slug":"life-threads-les-nouvelles-fragrances-de-la-prairie-un-petit-cadeau","status":"publish","type":"post","link":"https:\/\/www.au-pays-des-merveilles.com\/blog\/2009\/10\/23\/life-threads-les-nouvelles-fragrances-de-la-prairie-un-petit-cadeau\/","title":{"rendered":"Life Threads : les nouvelles fragrances de La Prairie {un petit cadeau ?}"},"content":{"rendered":"<p><a href=\"https:\/\/www.au-pays-des-merveilles.com\/blog\/wp-content\/uploads\/2009\/10\/image10.png\"><img loading=\"lazy\" decoding=\"async\" style=\"border-bottom: 0px; border-left: 0px; display: block; float: none; margin-left: auto; border-top: 0px; margin-right: auto; border-right: 0px\" title=\"image\" src=\"https:\/\/www.au-pays-des-merveilles.com\/blog\/wp-content\/uploads\/2009\/10\/image_thumb7.png\" border=\"0\" alt=\"image\" width=\"444\" height=\"347\" \/><\/a><\/p>\n<p>Mercredi, j\u2019\u00e9tais invit\u00e9e au 122 rue de Grenelle afin de d\u00e9couvrir une nouvelle collection de parfum <a rel=\"nofollow\" href=\"http:\/\/www.laprairie.com\/lp\/fr_fr\/main.html\" class=\"broken_link\">La Prairie<\/a> : <a rel=\"nofollow\" href=\"http:\/\/www.lifethreads.com\/#\/fr_FR\">Life Threads<\/a> (les fils de la vie).\u00a0 Imaginez ma joie lorsque j\u2019ai vu le nom de cette c\u00e9l\u00e8bre marque suisse qui \u00e9voque pour moi le luxe et le prestige, quelque chose d\u2019inaccessible et qui allait enfin \u00eatre \u00e0 port\u00e9e de main pendant ces quelques heures !<\/p>\n<p>L\u2019\u00e9quipe nous a donc pr\u00e9sent\u00e9 ces trois parfums tr\u00e8s diff\u00e9rents les uns des autres parce que justement chaque femme est diff\u00e9rente et parce que chaque femme m\u00e8ne une vie multiple.<\/p>\n<p><a href=\"https:\/\/www.au-pays-des-merveilles.com\/blog\/wp-content\/uploads\/2009\/10\/image11.png\"><img loading=\"lazy\" decoding=\"async\" style=\"border-bottom: 0px; border-left: 0px; display: inline; margin-left: 0px; border-top: 0px; margin-right: 0px; border-right: 0px\" title=\"image\" src=\"https:\/\/www.au-pays-des-merveilles.com\/blog\/wp-content\/uploads\/2009\/10\/image_thumb8.png\" border=\"0\" alt=\"image\" width=\"100\" height=\"152\" \/><\/a> Le premier, <strong>SILVER<\/strong>, nimbe l\u2019univers de la femme de sensuels reflets d\u2019Argent : un bois\u00e9-floral enchanteur. Il r\u00e9veille les sens avec un splash d\u2019agrumes accompagn\u00e9 d\u2019envoutantes notes florales et de myst\u00e9rieuses nuances sensuelles. {<span style=\"color: #808080;\"> <em>feuilles vertes \u2013 bergamote dor\u00e9e \u2013 tub\u00e9reuse \u2013 piment \u2013 jasmin d\u2019Inde \u2013 fleur d\u2019oranger \u2013 ylang ylang \u2013 bois de santal rare \u2013 v\u00e9tiver pr\u00e9cieux \u2013 musc solaire \u2013 mousse poivr\u00e9e<\/em><\/span> }<\/p>\n<p><a href=\"https:\/\/www.au-pays-des-merveilles.com\/blog\/wp-content\/uploads\/2009\/10\/image12.png\"><img loading=\"lazy\" decoding=\"async\" style=\"border-bottom: 0px; border-left: 0px; display: inline; border-top: 0px; border-right: 0px\" title=\"image\" src=\"https:\/\/www.au-pays-des-merveilles.com\/blog\/wp-content\/uploads\/2009\/10\/image_thumb9.png\" border=\"0\" alt=\"image\" width=\"100\" height=\"152\" \/><\/a> Le second, <strong>GOLD<\/strong>, l\u2019entoure d\u2019or, symbole du succ\u00e8s : un oriental \u00e9pic\u00e9 et s\u00e9ducteur. Il s\u00e9duit par l\u2019exquise f\u00e9minit\u00e9 de ses notes florales, la douceur du fruit d\u00e9fendu et la d\u00e9cadence \u00e9pic\u00e9e des r\u00eaves devenus r\u00e9alit\u00e9.\u00a0 { <em><span style=\"color: #808080;\">mandarine \u2013 prune de Chine \u2013 clou de girofle \u2013 poivre exotique \u2013 rose de Kyoto \u2013 \u00e9corce de cannelle \u2013 coriandre \u2013 muguet \u2013 ylang ylang \u2013 c\u00e8dre \u2013 patchouli \u2013 myrrhe dor\u00e9e \u2013 vanille \u2013 encens imp\u00e9rial<\/span><\/em> }<\/p>\n<p><a href=\"https:\/\/www.au-pays-des-merveilles.com\/blog\/wp-content\/uploads\/2009\/10\/image13.png\"><img loading=\"lazy\" decoding=\"async\" style=\"border-bottom: 0px; border-left: 0px; display: inline; border-top: 0px; border-right: 0px\" title=\"image\" src=\"https:\/\/www.au-pays-des-merveilles.com\/blog\/wp-content\/uploads\/2009\/10\/image_thumb10.png\" border=\"0\" alt=\"image\" width=\"100\" height=\"152\" \/><\/a> Le troisi\u00e8me, <strong>PLATINUM<\/strong>, fait du Platine le moteur de ses r\u00eaves : un floral chypr\u00e9 \u00e9l\u00e9gant et moderne. Il offre une pr\u00e9sence sophistiqu\u00e9e, profonde et myst\u00e9rieuse, qui ne peut passer inaper\u00e7ue. Des accords rares et uniques de fleurs, de bois et de cuir aiguisent les sens avec sensualit\u00e9 et communiquent luxe et puissance. { <em><span style=\"color: #808080;\">feuille de violette \u2013 galbanum rare \u2013 prune riche \u2013 p\u00e9tales de jasmin cristal \u2013 rose de Perse broy\u00e9e \u2013 cuir sensuel \u2013 cardanome du Kerala \u2013 iris \u00e9l\u00e9gant \u2013 patchouli d\u2019Indon\u00e9sie \u2013 v\u00e9tiver \u2013 ambre dor\u00e9e \u2013 mousse de ch\u00eane \u2013 labdanum<\/span><\/em> }<\/p>\n<p>Rien qu\u2019en lisant leur composition, je suis s\u00fbre que chacune d\u2019entre vous avez une petite pr\u00e9f\u00e9rence.\u00a0 Moi j\u2019ai \u00e9t\u00e9 envout\u00e9e par le parfum de<strong> GOLD<\/strong> : la douceur fruit\u00e9e et \u00e9pic\u00e9e qui se m\u00eale aux notes florales \u2026 une odeur sucr\u00e9e \u2026 tout ce que j\u2019aime !<\/p>\n<p>A la hauteur des parfums qu\u2019ils contiennent, les flacons sont entour\u00e9s de fils argent, or ou platine \u2026 de v\u00e9ritables petits bijoux.<\/p>\n<p><a href=\"https:\/\/www.au-pays-des-merveilles.com\/blog\/wp-content\/uploads\/2009\/10\/image14.png\"><img loading=\"lazy\" decoding=\"async\" style=\"border-bottom: 0px; border-left: 0px; display: inline; margin-left: 0px; border-top: 0px; margin-right: 0px; border-right: 0px\" title=\"image\" src=\"https:\/\/www.au-pays-des-merveilles.com\/blog\/wp-content\/uploads\/2009\/10\/image_thumb11.png\" border=\"0\" alt=\"image\" width=\"195\" height=\"244\" align=\"left\" \/><\/a> Et pour allier l\u2019utile \u00e0 l\u2019agr\u00e9able, la collection <strong>Life Threads<\/strong> a fait de la douce et d\u00e9licieuse Arielle Dombasle son ambassadrice. Nous avons eu la chance de la rencontrer. Exigence, beaut\u00e9, innovation, \u2026 autant de valeurs qu\u2019Arielle partage avec La Prairie. Cette femme multi-facettes anim\u00e9e par l\u2019amour, la passion, le succ\u00e8s s\u2019est reconnue comme la femme Life Threads.<\/p>\n<p>C\u2019est dans cet esprit que 3 webisodes ont \u00e9t\u00e9 tourn\u00e9s. Ces s\u00e9quences diffus\u00e9es sur <a rel=\"nofollow\" href=\"http:\/\/www.lifethreads.com\" class=\"broken_link\">www.lifethreads.com<\/a> et <a rel=\"nofollow\" href=\"http:\/\/www.laprairie.com\">www.laprairie.com<\/a> retracent les moments de la vie d\u2019Arielle. Pour les avoir vu, je peux vous dire qu\u2019ils sont tr\u00e8s r\u00e9ussis. Je vous invite vivement \u00e0 les regarder. Aujourd\u2019hui, est diffus\u00e9 le premier webisode sur Silver.<\/p>\n<p>Ce f\u00fbt une belle rencontre avec Arielle qui est tr\u00e8s accessible et est en parfait accord avec cette marque. Je remercie d\u2019ailleurs l\u2019\u00e9quipe de <a rel=\"nofollow\" href=\"http:\/\/www.laprairie.com\/lp\/fr_fr\/main.html\" class=\"broken_link\">La Prairie<\/a> pour leur accueil, et <a rel=\"nofollow\" href=\"http:\/\/www.youtoyou.fr\/\">You to You<\/a> pour ce joli moment.<\/p>\n<h3 style=\"text-align: center;\">** Concours **<\/h3>\n<p align=\"center\">J\u2019ai la chance de vous faire gagner un exemplaire de la collection <strong>Life Threads<\/strong>. J\u2019ai choisi pour vous <strong>SILVER<\/strong> : <em>un parfum sensuel tiss\u00e9 de bout en bout avec une pointe de fantaisie<\/em> !<\/p>\n<p align=\"center\">Pour le remporter, dites moi dans les commentaires ce qu\u2019\u00e9voque pour vous la marque La Prairie. Je tirerais au sort la winneuse ! (<em>ou le winneur pour sa ch\u00e9rie<\/em> !)<\/p>\n<p align=\"center\">R\u00e9sultat : 1er novembre.<\/p>\n<p align=\"center\">Bonne chance !<\/p>\n<p align=\"center\"><em>Et comme dirait Arielle : Goodbyyyye !! ^^<\/em><\/p>\n","protected":false},"excerpt":{"rendered":"<p>Mercredi, j\u2019\u00e9tais invit\u00e9e au 122 rue de Grenelle afin de d\u00e9couvrir une nouvelle collection de parfum La Prairie : Life Threads (les fils de la vie).\u00a0 Imaginez ma joie lorsque j\u2019ai vu le nom de cette c\u00e9l\u00e8bre marque suisse qui \u00e9voque pour moi le luxe et le prestige, quelque chose d\u2019inaccessible et qui allait enfin<\/p>\n","protected":false},"author":1,"featured_media":0,"comment_status":"closed","ping_status":"open","sticky":false,"template":"","format":"standard","meta":{"footnotes":""},"categories":[6,20],"tags":[],"class_list":["post-4381","post","type-post","status-publish","format-standard","hentry","category-beautiful-girl","category-buzz"],"_links":{"self":[{"href":"https:\/\/www.au-pays-des-merveilles.com\/blog\/wp-json\/wp\/v2\/posts\/4381","targetHints":{"allow":["GET"]}}],"collection":[{"href":"https:\/\/www.au-pays-des-merveilles.com\/blog\/wp-json\/wp\/v2\/posts"}],"about":[{"href":"https:\/\/www.au-pays-des-merveilles.com\/blog\/wp-json\/wp\/v2\/types\/post"}],"author":[{"embeddable":true,"href":"https:\/\/www.au-pays-des-merveilles.com\/blog\/wp-json\/wp\/v2\/users\/1"}],"replies":[{"embeddable":true,"href":"https:\/\/www.au-pays-des-merveilles.com\/blog\/wp-json\/wp\/v2\/comments?post=4381"}],"version-history":[{"count":0,"href":"https:\/\/www.au-pays-des-merveilles.com\/blog\/wp-json\/wp\/v2\/posts\/4381\/revisions"}],"wp:attachment":[{"href":"https:\/\/www.au-pays-des-merveilles.com\/blog\/wp-json\/wp\/v2\/media?parent=4381"}],"wp:term":[{"taxonomy":"category","embeddable":true,"href":"https:\/\/www.au-pays-des-merveilles.com\/blog\/wp-json\/wp\/v2\/categories?post=4381"},{"taxonomy":"post_tag","embeddable":true,"href":"https:\/\/www.au-pays-des-merveilles.com\/blog\/wp-json\/wp\/v2\/tags?post=4381"}],"curies":[{"name":"wp","href":"https:\/\/api.w.org\/{rel}","templated":true}]}}