{"id":4600,"date":"2009-12-02T06:46:43","date_gmt":"2009-12-02T05:46:43","guid":{"rendered":"http:\/\/www.au-pays-des-merveilles.com\/blog\/?p=4600"},"modified":"2019-03-22T17:17:41","modified_gmt":"2019-03-22T15:17:41","slug":"pare-pour-lhiver-avec-bioderma","status":"publish","type":"post","link":"https:\/\/www.au-pays-des-merveilles.com\/blog\/2009\/12\/02\/pare-pour-lhiver-avec-bioderma\/","title":{"rendered":"Par&eacute;e pour l&rsquo;hiver avec Bioderma"},"content":{"rendered":"<p>L\u2019hiver arrive\u00a0 \u2026 agressions du vent, changements climatiques brutaux et autres joyeuset\u00e9s du froid commencent \u00e0 pointer le bout de leur nez ! Je peux vous dire que j\u2019ai souffert ce week-end \u00e0 London o\u00f9 il faisait moins 12 (quoi j\u2019exag\u00e8re ?!) : je ne sentais plus mes doigts et bonjour les l\u00e8vres gerc\u00e9es ! Mais c\u2019\u00e9tait sans compter l\u2019efficacit\u00e9 de mes nouveaux produits anti froid Bioderma.<\/p>\n<p><a href=\"https:\/\/www.au-pays-des-merveilles.com\/blog\/wp-content\/uploads\/2009\/11\/IMG_8005.jpg\"><img loading=\"lazy\" decoding=\"async\" style=\"border-bottom: 0px; border-left: 0px; display: block; float: none; margin-left: auto; border-top: 0px; margin-right: auto; border-right: 0px\" title=\"IMG_8005\" src=\"https:\/\/www.au-pays-des-merveilles.com\/blog\/wp-content\/uploads\/2009\/11\/IMG_8005_thumb.jpg\" border=\"0\" alt=\"IMG_8005\" width=\"380\" height=\"560\" \/><\/a><a rel=\"nofollow\" href=\"http:\/\/www.bioderma.com\/fr\/accueil.html\" class=\"broken_link\">Bioderma<\/a>, avec sa gamme Atoderm, aide \u00e0 prot\u00e9ger notre peau contre les agressions du froid :<\/p>\n<p>* <strong>Atoderm Gel Douche<\/strong> : le gel douche nettoyant douceur sans savon respecte l\u2019int\u00e9grit\u00e9 de la barri\u00e8re cutan\u00e9e. <em>J\u2019aime beaucoup ce parfum frais o\u00f9 on sent propre !<\/em><\/p>\n<p>Apr\u00e8s la douche, j\u2019applique :<\/p>\n<p>* <strong>Atoderm cr\u00e8me nourrissante<\/strong> : qui restructure et rend la peau plus r\u00e9sistante, souple et douce. A appliquer deux fois par jour surtout sur zone s\u00e8che. <em>La cr\u00e8me p\u00e9n\u00e8tre bien et ne colle pas. La peau est v\u00e9ritablement plus douce apr\u00e8s l\u2019application. <\/em><\/p>\n<p>Et pour les l\u00e8vres :<\/p>\n<p>* <strong>Atoderm baume l\u00e8vres<\/strong> qui r\u00e9pare, nourrit et apaise durablement les l\u00e8vres gerc\u00e9es, dess\u00e9ch\u00e9es et ab\u00eem\u00e9es. <em>Celui l\u00e0 c\u2019est mon chouchou, il a r\u00e9ussi \u00e0 venir \u00e0 bout de mes l\u00e8vres gerc\u00e9es. J\u2019aime beaucoup sa texture et la facilit\u00e9 pour l\u2019appliquer.<\/em><\/p>\n<p>* <strong>Atoderm Stick l\u00e8vres<\/strong> qui prot\u00e8ge, hydrate et apaise les l\u00e8vres dess\u00e9ch\u00e9es et sensibles. <em>Celui ci je suis moins fan, je le trouve un peu trop gras m\u00eame si certes, c\u2019est le propre du stick l\u00e8vres ! <\/em><\/p>\n<p>Reste plus qu\u2019\u00e0 bien se couvrir (bonnet, \u00e9charpe, gants et manteaux chaud) et vous \u00eates par\u00e9s pour affronter le froid !<\/p>\n<p align=\"right\"><em>Merci Bioderma pour ce test<\/em> ! <img src=\"https:\/\/www.au-pays-des-merveilles.com\/blog\/wp-includes\/images\/smilies\/3.gif\" alt=\";)\" class=\"wp-smiley\" style=\"height: 1em; max-height: 1em;\" \/><\/p>\n","protected":false},"excerpt":{"rendered":"<p>L\u2019hiver arrive\u00a0 \u2026 agressions du vent, changements climatiques brutaux et autres joyeuset\u00e9s du froid commencent \u00e0 pointer le bout de leur nez ! Je peux vous dire que j\u2019ai souffert ce week-end \u00e0 London o\u00f9 il faisait moins 12 (quoi j\u2019exag\u00e8re ?!) : je ne sentais plus mes doigts et bonjour les l\u00e8vres gerc\u00e9es !<\/p>\n","protected":false},"author":1,"featured_media":0,"comment_status":"open","ping_status":"open","sticky":false,"template":"","format":"standard","meta":{"footnotes":""},"categories":[6,20],"tags":[],"class_list":["post-4600","post","type-post","status-publish","format-standard","hentry","category-beautiful-girl","category-buzz"],"_links":{"self":[{"href":"https:\/\/www.au-pays-des-merveilles.com\/blog\/wp-json\/wp\/v2\/posts\/4600","targetHints":{"allow":["GET"]}}],"collection":[{"href":"https:\/\/www.au-pays-des-merveilles.com\/blog\/wp-json\/wp\/v2\/posts"}],"about":[{"href":"https:\/\/www.au-pays-des-merveilles.com\/blog\/wp-json\/wp\/v2\/types\/post"}],"author":[{"embeddable":true,"href":"https:\/\/www.au-pays-des-merveilles.com\/blog\/wp-json\/wp\/v2\/users\/1"}],"replies":[{"embeddable":true,"href":"https:\/\/www.au-pays-des-merveilles.com\/blog\/wp-json\/wp\/v2\/comments?post=4600"}],"version-history":[{"count":0,"href":"https:\/\/www.au-pays-des-merveilles.com\/blog\/wp-json\/wp\/v2\/posts\/4600\/revisions"}],"wp:attachment":[{"href":"https:\/\/www.au-pays-des-merveilles.com\/blog\/wp-json\/wp\/v2\/media?parent=4600"}],"wp:term":[{"taxonomy":"category","embeddable":true,"href":"https:\/\/www.au-pays-des-merveilles.com\/blog\/wp-json\/wp\/v2\/categories?post=4600"},{"taxonomy":"post_tag","embeddable":true,"href":"https:\/\/www.au-pays-des-merveilles.com\/blog\/wp-json\/wp\/v2\/tags?post=4600"}],"curies":[{"name":"wp","href":"https:\/\/api.w.org\/{rel}","templated":true}]}}