{"id":4623,"date":"2009-12-04T06:21:34","date_gmt":"2009-12-04T05:21:34","guid":{"rendered":"http:\/\/www.au-pays-des-merveilles.com\/blog\/?p=4623"},"modified":"2019-03-22T17:17:41","modified_gmt":"2019-03-22T15:17:41","slug":"avant-le-week-end-3","status":"publish","type":"post","link":"https:\/\/www.au-pays-des-merveilles.com\/blog\/2009\/12\/04\/avant-le-week-end-3\/","title":{"rendered":"Avant le week-end &hellip; #3"},"content":{"rendered":"<p><a href=\"https:\/\/www.au-pays-des-merveilles.com\/blog\/wp-content\/uploads\/2009\/12\/DSC01088.jpg\"><img loading=\"lazy\" decoding=\"async\" style=\"border-bottom: 0px; border-left: 0px; display: inline; margin-left: 0px; border-top: 0px; margin-right: 0px; border-right: 0px\" title=\"DSC01088\" src=\"https:\/\/www.au-pays-des-merveilles.com\/blog\/wp-content\/uploads\/2009\/12\/DSC01088_thumb.jpg\" border=\"0\" alt=\"DSC01088\" width=\"277\" height=\"331\" align=\"left\" \/><\/a><\/p>\n<p>Oooouuuhh que \u00e7a m\u2019\u00e9nerve quand \u00e7a ne fonctionne pas !! Mon billet du jour va \u00eatre court parce que je n\u2019ai pas eu le temps de vous \u00e9crire un post aux petits oignons \u00e0 cause de ce p***** de site photos qui ne veut plus uploader mes photos. GGrrrr !!! J\u2019ai pass\u00e9 la soir\u00e9e d\u2019hier \u00e0 essayer de trouver ce qui n\u2019allait pas, \u00e0 chercher dans les forums, \u00e0 poser des questions mais rien n\u2019y fait, je peux plus t\u00e9l\u00e9charger mes photos. C\u2019est balo pour un blog photos <img src=\"https:\/\/www.au-pays-des-merveilles.com\/blog\/wp-includes\/images\/smilies\/2.gif\" alt=\":(\" class=\"wp-smiley\" style=\"height: 1em; max-height: 1em;\" \/>\u00a0\u00a0 Donc si des fois vous avez un d\u00e9but de r\u00e9ponse, \u00e7a m\u2019arrangerait. En vous remerkiant. <em>M\u00eame que vous aurez droit \u00e0 un petit cadeau si vous trouvez ! la carotte<\/em> <img src=\"https:\/\/www.au-pays-des-merveilles.com\/blog\/wp-includes\/images\/smilies\/4.gif\" alt=\":D\" class=\"wp-smiley\" style=\"height: 1em; max-height: 1em;\" \/><\/p>\n<p>Bon ben sinon vivement qu\u2019elle se termine cette semaine hein parce que l\u00e0 je vais craquer mon string !! Ma chef est malade donc qui qui c\u2019est qui la remplace ?! c\u2019est bibi. Apparemment ce sera plus long que pr\u00e9vu donc encore plus long pour moi. Pas facile de g\u00e9rer son taf plus les petits probl\u00e8mes de chacun(e)s \u2026 surtout quand on n\u2019a pas la paye qui va avec, voyez ?!<\/p>\n<p>Bref, toujours est il que je vais profiter de ce week-end pour retourner \u00e0 Wisteria Lane (<em>non je ne vais pas habiter aux US \u2026 c\u2019est juste que WL ressemble \u00e0 la ville o\u00f9 je vais bient\u00f4t vivre !!<\/em>) , me reposer et continuer mes encours. J\u2019ai d\u2019ailleurs entrepris un petit cadeau pour le b\u00e9b\u00e9 de ma coupinette <a rel=\"nofollow\" href=\"http:\/\/frenchbeauty.canalblog.com\">Charl\u00e8ne<\/a> qui est n\u00e9 lundi, le jour de son anniv\u2019 ! si c\u2019est pas marvellous \u00e7a ! J\u2019esp\u00e8re que je finirais tout \u00e0 temps ! Une chose est s\u00fbre j\u2019ai presque fini mes cadeaux de No\u00ebl, je m\u2019y suis prise t\u00f4t cette ann\u00e9e et je vous avouerai qu\u2019on se sent beaucoup plus sereine ! Enfin, je vais essayer de vous parler de toutes les petites sauteries bloguesques auxquelles j\u2019ai pu participer avec des ptits cadeaux, des surprises \u2026 plein de belles choses quoi !<\/p>\n<p>Voil\u00e0 voil\u00e0. Je vous souhaite un excellent week-end. Courage, reste plus que quelques jours avant les vacances ! <img src=\"https:\/\/www.au-pays-des-merveilles.com\/blog\/wp-includes\/images\/smilies\/3.gif\" alt=\";)\" class=\"wp-smiley\" style=\"height: 1em; max-height: 1em;\" \/><\/p>\n<p><span style=\"color: #cc99ff;\"><span style=\"text-decoration: underline;\">Edit du samedi matin<\/span> : c&rsquo;est bon j&rsquo;ai trouv\u00e9 !! \u00e7a refonctionne ! la solution \u00e9tait dans le forum :<a rel=\"nofollow\" href=\"http:\/\/www.wordpress-fr.net\/support\/forum-26-1.html\" class=\"broken_link\"> http:\/\/www.wordpress-fr.net\/support\/forum-26-1.html<\/a>. Merciiii le forum WP !! Ah, \u00e7a va mieux !! <\/span><span style=\"color: #cc99ff;\">Bon week-end ! ^^<\/span><\/p>\n","protected":false},"excerpt":{"rendered":"<p>Oooouuuhh que \u00e7a m\u2019\u00e9nerve quand \u00e7a ne fonctionne pas !! Mon billet du jour va \u00eatre court parce que je n\u2019ai pas eu le temps de vous \u00e9crire un post aux petits oignons \u00e0 cause de ce p***** de site photos qui ne veut plus uploader mes photos. GGrrrr !!! J\u2019ai pass\u00e9 la soir\u00e9e d\u2019hier<\/p>\n","protected":false},"author":1,"featured_media":0,"comment_status":"open","ping_status":"open","sticky":false,"template":"","format":"standard","meta":{"footnotes":""},"categories":[1],"tags":[],"class_list":["post-4623","post","type-post","status-publish","format-standard","hentry","category-non-classe"],"_links":{"self":[{"href":"https:\/\/www.au-pays-des-merveilles.com\/blog\/wp-json\/wp\/v2\/posts\/4623","targetHints":{"allow":["GET"]}}],"collection":[{"href":"https:\/\/www.au-pays-des-merveilles.com\/blog\/wp-json\/wp\/v2\/posts"}],"about":[{"href":"https:\/\/www.au-pays-des-merveilles.com\/blog\/wp-json\/wp\/v2\/types\/post"}],"author":[{"embeddable":true,"href":"https:\/\/www.au-pays-des-merveilles.com\/blog\/wp-json\/wp\/v2\/users\/1"}],"replies":[{"embeddable":true,"href":"https:\/\/www.au-pays-des-merveilles.com\/blog\/wp-json\/wp\/v2\/comments?post=4623"}],"version-history":[{"count":0,"href":"https:\/\/www.au-pays-des-merveilles.com\/blog\/wp-json\/wp\/v2\/posts\/4623\/revisions"}],"wp:attachment":[{"href":"https:\/\/www.au-pays-des-merveilles.com\/blog\/wp-json\/wp\/v2\/media?parent=4623"}],"wp:term":[{"taxonomy":"category","embeddable":true,"href":"https:\/\/www.au-pays-des-merveilles.com\/blog\/wp-json\/wp\/v2\/categories?post=4623"},{"taxonomy":"post_tag","embeddable":true,"href":"https:\/\/www.au-pays-des-merveilles.com\/blog\/wp-json\/wp\/v2\/tags?post=4623"}],"curies":[{"name":"wp","href":"https:\/\/api.w.org\/{rel}","templated":true}]}}