{"id":4639,"date":"2009-12-07T06:10:46","date_gmt":"2009-12-07T05:10:46","guid":{"rendered":"http:\/\/www.au-pays-des-merveilles.com\/blog\/?p=4639"},"modified":"2019-03-22T17:17:41","modified_gmt":"2019-03-22T15:17:41","slug":"la-soire-electrolux-le-nouveau-concept-de-yogaspirateur","status":"publish","type":"post","link":"https:\/\/www.au-pays-des-merveilles.com\/blog\/2009\/12\/07\/la-soire-electrolux-le-nouveau-concept-de-yogaspirateur\/","title":{"rendered":"La soir&eacute;e Electrolux &amp; le nouveau concept de Yog&rsquo;aspirateur !"},"content":{"rendered":"<p style=\"text-align: center;\"><a rel=\"nofollow\" title=\"IMG_9534 de Agence ELan, sur Flickr\" href=\"http:\/\/www.flickr.com\/photos\/agenceelan\/4115438716\/\"><img loading=\"lazy\" decoding=\"async\" class=\"aligncenter\" src=\"http:\/\/farm3.static.flickr.com\/2701\/4115438716_95c900dfa2.jpg\" alt=\"IMG_9534\" width=\"500\" height=\"333\" \/><\/a><\/p>\n<p>Il y a quelques semaines, j\u2019ai \u00e9t\u00e9 invit\u00e9e par <a rel=\"nofollow\" href=\"http:\/\/www.electrolux.fr\" class=\"broken_link\">Electrolux<\/a> au c\u00e9l\u00e8bre Palais de Tokyo. Je ne connaissais pas, et bien je fus tr\u00e8s agr\u00e9ablement surprise pas le lieu. Je suis arriv\u00e9e en retard ( mais j\u2019avais une bonne raison ! <img src=\"https:\/\/www.au-pays-des-merveilles.com\/blog\/wp-includes\/images\/smilies\/3.gif\" alt=\";)\" class=\"wp-smiley\" style=\"height: 1em; max-height: 1em;\" \/> ) et direct j\u2019ai mis mon tablier Art Home (prononcer Ar\u00f4me) pour participer au cours de cuisine de <a rel=\"nofollow\" href=\"http:\/\/cookingout.canalblog.com\/\" class=\"broken_link\">Brigit Dahl Stern<\/a>.<\/p>\n<p>C\u2019\u00e9tait le d\u00eener presque parfait !\u00a0 Ambiance \u2026<\/p>\n<p style=\"text-align: center;\"><!--more--><a rel=\"nofollow\" title=\"IMG_9505 de Agence ELan, sur Flickr\" href=\"http:\/\/www.flickr.com\/photos\/agenceelan\/4114665431\/\"><img loading=\"lazy\" decoding=\"async\" class=\"aligncenter\" src=\"http:\/\/farm3.static.flickr.com\/2638\/4114665431_e76ba554f9.jpg\" alt=\"IMG_9505\" width=\"500\" height=\"333\" \/><\/a><\/p>\n<p><em>Je r\u00eave d\u2019une cuisine comme celle ci ! en m\u00eame temps je pense qu\u2019il faut plus qu\u2019un 3 pi\u00e8ces pour en disposer !!<\/em> C\u2019\u00e9tait terrible parce qu\u2019on avait tout \u00e0 disposition ! J\u2019\u00e9tais charg\u00e9e, avec <a rel=\"nofollow\" href=\"http:\/\/requia.canalblog.com\/\">Requia<\/a> &amp; <a rel=\"nofollow\" href=\"http:\/\/www.gamongirls.com\/\">Sandrine<\/a>, d\u2019une partie du dessert : la <strong>Mousse de ch\u00e2taigne au lait d\u2019amande, crumble de gavotte. <\/strong>Pour ce faire on s\u2019est servies notamment des nouveaux \u201ccook tools\u201d d\u2019Electrolux comme le\u00a0 mousseur \u00e0 lait et le broyeur \u00e0 caf\u00e9. Chaque petit groupe de blogueuses avait une partie du repas \u00e0 faire.<\/p>\n<p style=\"text-align: center;\"><a rel=\"nofollow\" title=\"IMG_9514 de Agence ELan, sur Flickr\" href=\"http:\/\/www.flickr.com\/photos\/agenceelan\/4115436484\/\"><img loading=\"lazy\" decoding=\"async\" class=\"aligncenter\" src=\"http:\/\/farm3.static.flickr.com\/2731\/4115436484_ed034daeb7.jpg\" alt=\"IMG_9514\" width=\"500\" height=\"333\" \/><\/a><\/p>\n<p>C\u2019est ainsi que nous avons pu d\u00e9guster une <strong>Emulsion de topinambour au laurier<\/strong> en entr\u00e9e, puis un <strong>Espadon grill\u00e9, pesto coriandre &amp; pistache <\/strong>accompagn\u00e9 de <strong>Pain de pomme de terre vitelotte<\/strong> (original avec sa couleur violette). Tout cela a \u00e9t\u00e9 r\u00e9alis\u00e9 grace aux appareils <a rel=\"nofollow\" href=\"http:\/\/www.electrolux.fr\" class=\"broken_link\">Electrolux<\/a> comme le mixeur plongeant, le grill, le blender &amp; la machine \u00e0 pain \u2026 c\u2019est l\u00e0 qu\u2019on a envie de tout avoir !<\/p>\n<p style=\"text-align: center;\"><a rel=\"nofollow\" title=\"IMG_9678 de Agence ELan, sur Flickr\" href=\"http:\/\/www.flickr.com\/photos\/agenceelan\/4115449068\/\"><img loading=\"lazy\" decoding=\"async\" class=\"aligncenter\" src=\"http:\/\/farm3.static.flickr.com\/2518\/4115449068_c6f6c6b970.jpg\" alt=\"IMG_9678\" width=\"500\" height=\"333\" \/><\/a><\/p>\n<p>Mais entre temps, nous avons pu assister \u00e0 un nouveau concept de gym : le Yog\u2019aspirateur ! <img src=\"https:\/\/www.au-pays-des-merveilles.com\/blog\/wp-includes\/images\/smilies\/3.gif\" alt=\";)\" class=\"wp-smiley\" style=\"height: 1em; max-height: 1em;\" \/>\u00a0 En fait, on a eu droit \u00e0 un petit cours d\u2019\u00e9tirements assist\u00e9 de THE balai aspirateur d<a rel=\"nofollow\" href=\"http:\/\/www.electrolux.fr\" class=\"broken_link\">\u2019Electrolux<\/a> : l\u2019Ergorapido ! C\u2019\u00e9tait comique !<\/p>\n<p style=\"text-align: center;\"><a rel=\"nofollow\" title=\"IMG_9605 de Agence ELan, sur Flickr\" href=\"http:\/\/www.flickr.com\/photos\/agenceelan\/4115443270\/\"><img loading=\"lazy\" decoding=\"async\" src=\"http:\/\/farm3.static.flickr.com\/2599\/4115443270_fb4ae4b957.jpg\" alt=\"IMG_9605\" width=\"213\" height=\"320\" \/><\/a> <a rel=\"nofollow\" title=\"IMG_9631 de Agence ELan, sur Flickr\" href=\"http:\/\/www.flickr.com\/photos\/agenceelan\/4114674363\/\"><img loading=\"lazy\" decoding=\"async\" src=\"http:\/\/farm3.static.flickr.com\/2575\/4114674363_1922bb7a15.jpg\" alt=\"IMG_9631\" width=\"310\" height=\"207\" \/><\/a><\/p>\n<p>N\u2019emp\u00eache cet aspiro il est au top ! Il n\u2019est pas nouveau mais il revient en cette fin d\u2019ann\u00e9e avec 5 nouveaux coloris nacr\u00e9s ou fruit\u00e9s, il a une brosse redessin\u00e9e dot\u00e9e d\u2019un \u00e9clairage frontal et <a rel=\"nofollow\" href=\"http:\/\/www.electrolux.fr\" class=\"broken_link\">Electrolux<\/a> a \u00e9tendu sa gamme avec l\u2019Ergorapido Plus.<\/p>\n<p><a href=\"https:\/\/www.au-pays-des-merveilles.com\/blog\/wp-content\/uploads\/2009\/12\/GammeErgorapidoHD2.jpg\"><img loading=\"lazy\" decoding=\"async\" style=\"border-bottom: 0px; border-left: 0px; display: block; float: none; margin-left: auto; border-top: 0px; margin-right: auto; border-right: 0px\" title=\"Gamme Ergorapido - HD (2)\" src=\"https:\/\/www.au-pays-des-merveilles.com\/blog\/wp-content\/uploads\/2009\/12\/GammeErgorapidoHD2_thumb.jpg\" border=\"0\" alt=\"Gamme Ergorapido - HD (2)\" width=\"444\" height=\"292\" \/><\/a><\/p>\n<p>L\u00e0 je vais vous faire la pub de mon nouvel aspiro parce que je ne peux plus m\u2019en passer ! Je vais vous dire pourquoi !<\/p>\n<p><a href=\"https:\/\/www.au-pays-des-merveilles.com\/blog\/wp-content\/uploads\/2009\/12\/Ergorapidoambiance1HD2.jpg\"><img loading=\"lazy\" decoding=\"async\" style=\"border-bottom: 0px; border-left: 0px; display: inline; margin-left: 0px; border-top: 0px; margin-right: 0px; border-right: 0px\" title=\"Ergorapido - ambiance 1 - HD (2)\" src=\"https:\/\/www.au-pays-des-merveilles.com\/blog\/wp-content\/uploads\/2009\/12\/Ergorapidoambiance1HD2_thumb.jpg\" border=\"0\" alt=\"Ergorapido - ambiance 1 - HD (2)\" width=\"163\" height=\"244\" align=\"left\" \/><\/a><\/p>\n<p>Il est beau, efficace, sans fil et sans sac.<\/p>\n<p>Il est rechargeable et rang\u00e9 sur son support de charge donc facilement accessible et toujours pr\u00eat \u00e0 \u00eatre utilis\u00e9. Il est l\u00e9ger et peu encombrant. Il trouve sa place partout.<\/p>\n<p>Le truc g\u00e9nial c\u2019est sa fontion 2 en 1 : il peut \u00eatre utilis\u00e9 comme aspirateur \u00e0 main (ramasse miettes super pratique !) et comme aspirateur balai (plus mal au dos).<\/p>\n<p>Agile et maniable d\u2019une seule main, il passe partout. Et en plus, avec l\u2019\u00e9clairage frontal par LED de sa brosse motoris\u00e9e permet d\u00e9sormais d\u2019aspirer ais\u00e9ment tous les recoins et sous les meubles, l\u00e0 o\u00f9 la lumi\u00e8re fait d\u00e9faut. TERRIBLE !<\/p>\n<p>Comme c\u2019\u00e9tait No\u00ebl avant l\u2019heure chez <a rel=\"nofollow\" href=\"http:\/\/www.electrolux.fr\" class=\"broken_link\">Electrolux<\/a>, nous sommes toutes reparties avec un mousseur de lait (id\u00e9al pour faire la mousse sur les cappuccinos !), le livre de recettes \u201cSi tu s\u00e8ches la cantine, je te colle en cuisine\u201d de Brigit Dahl Stern (je vous en reparlerai plus longuement une prochaine fois) et surtout l\u2019Ergorapido en cassis !<\/p>\n<p align=\"center\"><a href=\"https:\/\/www.au-pays-des-merveilles.com\/blog\/wp-content\/uploads\/2009\/12\/ErgorapidocassisfaceHD2.jpg\"><img loading=\"lazy\" decoding=\"async\" style=\"border-bottom: 0px; border-left: 0px; display: inline; border-top: 0px; border-right: 0px\" title=\"Ergorapido - cassis - face - HD (2)\" src=\"https:\/\/www.au-pays-des-merveilles.com\/blog\/wp-content\/uploads\/2009\/12\/ErgorapidocassisfaceHD2_thumb.jpg\" border=\"0\" alt=\"Ergorapido - cassis - face - HD (2)\" width=\"254\" height=\"381\" \/><\/a> <a href=\"https:\/\/www.au-pays-des-merveilles.com\/blog\/wp-content\/uploads\/2009\/12\/ErgorapidocassisctHD2.jpg\"><img loading=\"lazy\" decoding=\"async\" style=\"border-bottom: 0px; border-left: 0px; display: inline; border-top: 0px; border-right: 0px\" title=\"Ergorapido - cassis - c\u00f4t\u00e9 - HD (2)\" src=\"https:\/\/www.au-pays-des-merveilles.com\/blog\/wp-content\/uploads\/2009\/12\/ErgorapidocassisctHD2_thumb.jpg\" border=\"0\" alt=\"Ergorapido - cassis - c\u00f4t\u00e9 - HD (2)\" width=\"254\" height=\"381\" \/><\/a><\/p>\n<p align=\"left\">C\u2019est simple, maintenant, je passe l\u2019aspiro presque tous les jours ! Ce qui, avant, \u00e9tait une corv\u00e9e devient un v\u00e9ritable plaisir (sans d\u00e9conner !) grace \u00e0 ce nouvel aspirateur ! Je vais devenir une v\u00e9ritable Bree ! <img src=\"https:\/\/www.au-pays-des-merveilles.com\/blog\/wp-includes\/images\/smilies\/3.gif\" alt=\";)\" class=\"wp-smiley\" style=\"height: 1em; max-height: 1em;\" \/><\/p>\n<p align=\"left\"><em>Pour info, l\u2019Ergorapido est au prix de 149.90 \u20ac et le Plus est \u00e0 199.90 \u20ac.<\/em><\/p>\n<p align=\"right\"><em>Merci encore \u00e0 C\u00e9cilia &amp; Luc de l\u2019agence Elan pour cette jolie soir\u00e9e, \u00e0 <a rel=\"nofollow\" href=\"http:\/\/www.electrolux.fr\" class=\"broken_link\">Electrolux<\/a> pour les cadeaux et \u00e0 <a rel=\"nofollow\" href=\"http:\/\/cookingout.canalblog.com\/\" class=\"broken_link\">Brigit Dahl Stern<\/a> pour ses conseils en cuisine et son livre\u00a0 !<\/em><\/p>\n<p align=\"right\"><em><span style=\"text-decoration: underline;\">Copyright Photos<\/span> : <a rel=\"nofollow\" href=\"http:\/\/alicecrosara.carbonmade.com\/\" class=\"broken_link\">Alice Crosara<\/a> dont j\u2019admire le talent !<\/em><\/p>\n","protected":false},"excerpt":{"rendered":"<p>Il y a quelques semaines, j\u2019ai \u00e9t\u00e9 invit\u00e9e par Electrolux au c\u00e9l\u00e8bre Palais de Tokyo. Je ne connaissais pas, et bien je fus tr\u00e8s agr\u00e9ablement surprise pas le lieu. Je suis arriv\u00e9e en retard ( mais j\u2019avais une bonne raison ! ) et direct j\u2019ai mis mon tablier Art Home (prononcer Ar\u00f4me) pour participer au<\/p>\n","protected":false},"author":1,"featured_media":0,"comment_status":"open","ping_status":"open","sticky":false,"template":"","format":"standard","meta":{"footnotes":""},"categories":[20,10],"tags":[],"class_list":["post-4639","post","type-post","status-publish","format-standard","hentry","category-buzz","category-cook-book"],"_links":{"self":[{"href":"https:\/\/www.au-pays-des-merveilles.com\/blog\/wp-json\/wp\/v2\/posts\/4639","targetHints":{"allow":["GET"]}}],"collection":[{"href":"https:\/\/www.au-pays-des-merveilles.com\/blog\/wp-json\/wp\/v2\/posts"}],"about":[{"href":"https:\/\/www.au-pays-des-merveilles.com\/blog\/wp-json\/wp\/v2\/types\/post"}],"author":[{"embeddable":true,"href":"https:\/\/www.au-pays-des-merveilles.com\/blog\/wp-json\/wp\/v2\/users\/1"}],"replies":[{"embeddable":true,"href":"https:\/\/www.au-pays-des-merveilles.com\/blog\/wp-json\/wp\/v2\/comments?post=4639"}],"version-history":[{"count":0,"href":"https:\/\/www.au-pays-des-merveilles.com\/blog\/wp-json\/wp\/v2\/posts\/4639\/revisions"}],"wp:attachment":[{"href":"https:\/\/www.au-pays-des-merveilles.com\/blog\/wp-json\/wp\/v2\/media?parent=4639"}],"wp:term":[{"taxonomy":"category","embeddable":true,"href":"https:\/\/www.au-pays-des-merveilles.com\/blog\/wp-json\/wp\/v2\/categories?post=4639"},{"taxonomy":"post_tag","embeddable":true,"href":"https:\/\/www.au-pays-des-merveilles.com\/blog\/wp-json\/wp\/v2\/tags?post=4639"}],"curies":[{"name":"wp","href":"https:\/\/api.w.org\/{rel}","templated":true}]}}