{"id":4674,"date":"2009-12-09T06:33:30","date_gmt":"2009-12-09T05:33:30","guid":{"rendered":"http:\/\/www.au-pays-des-merveilles.com\/blog\/?p=4674"},"modified":"2019-03-22T17:17:41","modified_gmt":"2019-03-22T15:17:41","slug":"pour-le-goter-la-tarte-au-citron-de-trish-deseine","status":"publish","type":"post","link":"https:\/\/www.au-pays-des-merveilles.com\/blog\/2009\/12\/09\/pour-le-goter-la-tarte-au-citron-de-trish-deseine\/","title":{"rendered":"Pour le go&ucirc;ter : la tarte au citron de Trish Deseine"},"content":{"rendered":"<p style=\"text-align: center;\"><a href=\"https:\/\/www.au-pays-des-merveilles.com\/blog\/wp-content\/uploads\/2009\/12\/IMG_8026.jpg\"><img loading=\"lazy\" decoding=\"async\" class=\"aligncenter\" style=\"border-right-width: 0px; display: inline; border-top-width: 0px; border-bottom-width: 0px; border-left-width: 0px\" title=\"IMG_8026\" src=\"https:\/\/www.au-pays-des-merveilles.com\/blog\/wp-content\/uploads\/2009\/12\/IMG_8026_thumb.jpg\" border=\"0\" alt=\"IMG_8026\" width=\"520\" height=\"353\" \/><\/a><\/p>\n<p>Bon ok j\u2019innove pas aujourd\u2019hui ! Une tarte au citron oui mais la recette de cette tarte est celle de Trish Deseine ! Trish Deseine, l&rsquo;auteur de Je veux du chocolat (2001), Ma petite robe noire (2006)) et Go\u00fbts de luxe (2007). Irlandaise, quatre fois maman&#8230; Depuis ses premiers Petits plats entre amis (2001) elle cumule les best-sellers dont nombreux sont prim\u00e9s. Trish Deseine, est la LA r\u00e9f\u00e9rence d&rsquo;une cuisine bluffante enfin accessible.<\/p>\n<p><a rel=\"nofollow\" href=\"http:\/\/www.amazon.fr\/I-love-Cake-Trish-Deseine\/dp\/2501058720\/ref=sr_1_2?ie=UTF8&amp;s=books&amp;qid=1260299967&amp;sr=8-2\"><img loading=\"lazy\" decoding=\"async\" style=\"border-bottom: 0px; border-left: 0px; display: inline; margin-left: 0px; border-top: 0px; margin-right: 0px; border-right: 0px\" title=\"image\" src=\"https:\/\/www.au-pays-des-merveilles.com\/blog\/wp-content\/uploads\/2009\/12\/image6.png\" border=\"0\" alt=\"image\" width=\"169\" height=\"207\" align=\"left\" \/><\/a> Je me suis offert son livre <a href=\"http:\/\/www.amazon.fr\/I-love-Cake-Trish-Deseine\/dp\/2501058720\/ref=sr_1_2?ie=UTF8&amp;s=books&amp;qid=1260299967&amp;sr=8-2\">\u201cI <span style=\"font-family: wmshapes1;\">v<\/span> cake\u201d<\/a> : les photos sont magnifiques. Les recettes sont faciles et on a envie de tout manger !! Du coup je me suis laiss\u00e9e tenter avec ce que j\u2019avais dans mon frigo : des vieux citrons, des \u0153ufs, de la cr\u00e8me fraiche et une pate bris\u00e9e (j\u2019avais pas de sabl\u00e9e !). On m\u00e9lange tout, on met au four et on attend que \u00e7a refroidisse. Rien de transcendant donc ! Bon alors je vais vous avouer un truc : j\u2019en ai mang\u00e9 des meilleures !! Ce qu\u2019il y a c\u2019est que je n\u2019ai pas suivi \u00e0 la lettre sa recette parce qu\u2019elle demandait de mettre 5 oeufs et j\u2019en avais que 4, et j\u2019ai utilis\u00e9 une pate bris\u00e9e \u2026 forc\u00e9ment si je fais tout de travers aussi !! <img src=\"https:\/\/www.au-pays-des-merveilles.com\/blog\/wp-includes\/images\/smilies\/4.gif\" alt=\":D\" class=\"wp-smiley\" style=\"height: 1em; max-height: 1em;\" \/><\/p>\n<p>C\u2019est pas grave, \u00e7a me donne une occas\u2019 de plus pour tester une autre recette de cette talentueuse cuisini\u00e8re ! <img src=\"https:\/\/www.au-pays-des-merveilles.com\/blog\/wp-includes\/images\/smilies\/3.gif\" alt=\";)\" class=\"wp-smiley\" style=\"height: 1em; max-height: 1em;\" \/><\/p>\n<p><a href=\"https:\/\/www.au-pays-des-merveilles.com\/blog\/wp-content\/uploads\/2009\/12\/IMG_8029.jpg\"><img loading=\"lazy\" decoding=\"async\" style=\"border-right-width: 0px; display: block; float: none; border-top-width: 0px; border-bottom-width: 0px; margin-left: auto; border-left-width: 0px; margin-right: auto\" title=\"IMG_8029\" src=\"https:\/\/www.au-pays-des-merveilles.com\/blog\/wp-content\/uploads\/2009\/12\/IMG_8029_thumb.jpg\" border=\"0\" alt=\"IMG_8029\" width=\"277\" height=\"331\" \/><\/a><\/p>\n<p>Son site : http:\/\/www.trishdeseine.com\/<\/p>\n<p>Son twitter : <a rel=\"nofollow\" title=\"http:\/\/twitter.com\/TrishDeseine\" href=\"http:\/\/twitter.com\/TrishDeseine\" class=\"broken_link\">http:\/\/twitter.com\/TrishDeseine<\/a><\/p>\n","protected":false},"excerpt":{"rendered":"<p>Bon ok j\u2019innove pas aujourd\u2019hui ! Une tarte au citron oui mais la recette de cette tarte est celle de Trish Deseine ! Trish Deseine, l&rsquo;auteur de Je veux du chocolat (2001), Ma petite robe noire (2006)) et Go\u00fbts de luxe (2007). Irlandaise, quatre fois maman&#8230; Depuis ses premiers Petits plats entre amis (2001) elle<\/p>\n","protected":false},"author":1,"featured_media":0,"comment_status":"open","ping_status":"open","sticky":false,"template":"","format":"standard","meta":{"footnotes":""},"categories":[34],"tags":[],"class_list":["post-4674","post","type-post","status-publish","format-standard","hentry","category-pour-le-gouter"],"_links":{"self":[{"href":"https:\/\/www.au-pays-des-merveilles.com\/blog\/wp-json\/wp\/v2\/posts\/4674","targetHints":{"allow":["GET"]}}],"collection":[{"href":"https:\/\/www.au-pays-des-merveilles.com\/blog\/wp-json\/wp\/v2\/posts"}],"about":[{"href":"https:\/\/www.au-pays-des-merveilles.com\/blog\/wp-json\/wp\/v2\/types\/post"}],"author":[{"embeddable":true,"href":"https:\/\/www.au-pays-des-merveilles.com\/blog\/wp-json\/wp\/v2\/users\/1"}],"replies":[{"embeddable":true,"href":"https:\/\/www.au-pays-des-merveilles.com\/blog\/wp-json\/wp\/v2\/comments?post=4674"}],"version-history":[{"count":0,"href":"https:\/\/www.au-pays-des-merveilles.com\/blog\/wp-json\/wp\/v2\/posts\/4674\/revisions"}],"wp:attachment":[{"href":"https:\/\/www.au-pays-des-merveilles.com\/blog\/wp-json\/wp\/v2\/media?parent=4674"}],"wp:term":[{"taxonomy":"category","embeddable":true,"href":"https:\/\/www.au-pays-des-merveilles.com\/blog\/wp-json\/wp\/v2\/categories?post=4674"},{"taxonomy":"post_tag","embeddable":true,"href":"https:\/\/www.au-pays-des-merveilles.com\/blog\/wp-json\/wp\/v2\/tags?post=4674"}],"curies":[{"name":"wp","href":"https:\/\/api.w.org\/{rel}","templated":true}]}}