{"id":4698,"date":"2009-12-14T06:29:44","date_gmt":"2009-12-14T05:29:44","guid":{"rendered":"http:\/\/www.au-pays-des-merveilles.com\/blog\/?p=4698"},"modified":"2019-03-22T17:17:41","modified_gmt":"2019-03-22T15:17:41","slug":"mim-ouvre-sa-boutique-en-ligne","status":"publish","type":"post","link":"https:\/\/www.au-pays-des-merveilles.com\/blog\/2009\/12\/14\/mim-ouvre-sa-boutique-en-ligne\/","title":{"rendered":"Mim ouvre sa boutique en ligne"},"content":{"rendered":"<p>Il y a quelques semaines, comme d\u2019autres blogueuses, j\u2019ai eu le plaisir de recevoir une veste doudoune sigl\u00e9e MIM ! Je vous avouerai que je vais rarement dans ce magasin parce qu\u2019en toute sinc\u00e9rit\u00e9, je trouve que leurs fringues ne sont pas mises en valeur. Ce n\u2019est pas non plus le genre de vestes (un peu roots !) que je mets (d\u00e9cid\u00e9ment) mais en fait c\u2019est devenu ma veste doudou ! Elle est chaude et est parfaite pour les week-end ! Look :<\/p>\n<p><a href=\"https:\/\/www.au-pays-des-merveilles.com\/blog\/wp-content\/uploads\/2009\/12\/mim1.jpg\"><img loading=\"lazy\" decoding=\"async\" style=\"border-bottom: 0px; border-left: 0px; display: block; float: none; margin-left: auto; border-top: 0px; margin-right: auto; border-right: 0px\" title=\"mim1\" src=\"https:\/\/www.au-pays-des-merveilles.com\/blog\/wp-content\/uploads\/2009\/12\/mim1_thumb.jpg\" border=\"0\" alt=\"mim1\" width=\"304\" height=\"364\" \/><\/a><\/p>\n<p>C\u2019est comme \u00e7a que j\u2019ai appris que la marque Mim avait ouvert sa boutique en ligne : <a rel=\"nofollow\" title=\"http:\/\/www.mim.fr\/\" href=\"http:\/\/www.mim.fr\/\">http:\/\/www.mim.fr\/<\/a><\/p>\n<p><a rel=\"nofollow\" href=\"http:\/\/www.mim.fr\/\">Mim.fr<\/a> c\u2019est <span style=\"color: #8000ff;\">une vitrine exceptionnelle de la marque<\/span> (la quasi totalit\u00e9 de la collection disponible en ligne) ; <span style=\"color: #8000ff;\">un site pour cr\u00e9er du lien avec les f\u00e9rues de la mode \u00e0 petits prix<\/span> (carte de fid\u00e9lit\u00e9, newsletters, MimDays \u2026), <span style=\"color: #8000ff;\">un site en \u00e9volution permanente<\/span> (ouverture \u00e0 l\u2019international pr\u00e9vue en 2010); et d\u00e9j\u00e0 <span style=\"color: #8000ff;\">une success story<\/span> (plus de 210 000 visiteurs sur octobre 2009, son premier mois d\u2019activit\u00e9).<\/p>\n<p>Du coup, j\u2019ai regard\u00e9 la boutique d\u2019un peu plus pr\u00e8s, et je me suis laiss\u00e9e tenter par quelques articles !<\/p>\n<p><a href=\"https:\/\/www.au-pays-des-merveilles.com\/blog\/wp-content\/uploads\/2009\/12\/mim2.jpg\"><img loading=\"lazy\" decoding=\"async\" style=\"border-bottom: 0px; border-left: 0px; display: inline; border-top: 0px; border-right: 0px\" title=\"mim2\" src=\"https:\/\/www.au-pays-des-merveilles.com\/blog\/wp-content\/uploads\/2009\/12\/mim2_thumb.jpg\" border=\"0\" alt=\"mim2\" width=\"207\" height=\"244\" \/><\/a> Un manteau chevron long \u2026 tr\u00e8s chouette, il sentait un peu la m\u00e9m\u00e9 en le sortant du paquet \u2026 un coup de lavage et \u00e7a repart ! ^^<\/p>\n<p><a href=\"https:\/\/www.au-pays-des-merveilles.com\/blog\/wp-content\/uploads\/2009\/12\/image8.png\"><img loading=\"lazy\" decoding=\"async\" style=\"border-bottom: 0px; border-left: 0px; display: inline; border-top: 0px; border-right: 0px\" title=\"image\" src=\"https:\/\/www.au-pays-des-merveilles.com\/blog\/wp-content\/uploads\/2009\/12\/image_thumb2.png\" border=\"0\" alt=\"image\" width=\"206\" height=\"244\" \/><\/a> Un pull col b\u00e9nitier ceintur\u00e9 tr\u00e8s sympa mais avec un petit top \u00e0 manches longues en dessous hein ! <img src=\"https:\/\/www.au-pays-des-merveilles.com\/blog\/wp-includes\/images\/smilies\/1.gif\" alt=\":)\" class=\"wp-smiley\" style=\"height: 1em; max-height: 1em;\" \/><\/p>\n<p><a href=\"https:\/\/www.au-pays-des-merveilles.com\/blog\/wp-content\/uploads\/2009\/12\/mim4.jpg\"><img loading=\"lazy\" decoding=\"async\" style=\"border-bottom: 0px; border-left: 0px; display: inline; border-top: 0px; border-right: 0px\" title=\"mim4\" src=\"https:\/\/www.au-pays-des-merveilles.com\/blog\/wp-content\/uploads\/2009\/12\/mim4_thumb.jpg\" border=\"0\" alt=\"mim4\" width=\"205\" height=\"244\" \/><\/a> Le d\u00e9bardeur Little Miss Sunshine so cute ! je l\u2019ai mis au dessus d\u2019un t-shirt \u00e0 manches longues (toujours !) et bien je n\u2019ai eu que des compliments ! ouai j\u2019ai os\u00e9 au boulot !!<\/p>\n<p>En plus, j\u2019ai profit\u00e9 de la livraison gratuite et du 3\u00e8me article \u00e0 1 \u20ac ! Tip top ! Profitez en vous aussi, c\u2019est valable jusqu\u2019au 26 d\u00e9cembre !<\/p>\n<p>J\u2019ai test\u00e9 : d\u00e8s la commande et l\u2019envoi, on vous informe par mail du suivi de votre colis et la livraison est super rapide ! Plus la peine de trainer dans les magasins ! Pour s\u00fbre, j\u2019y retournerai ! Comme quoi, le fait de voir les fringues pr\u00e9sent\u00e9es diff\u00e9remment sur leur e-commerce m\u2019a fait changer d\u2019avis sur l\u2019enseigne !\u00a0 <img src=\"https:\/\/www.au-pays-des-merveilles.com\/blog\/wp-includes\/images\/smilies\/3.gif\" alt=\";)\" class=\"wp-smiley\" style=\"height: 1em; max-height: 1em;\" \/><\/p>\n<p>Joyeux No\u00ebl avec <a rel=\"nofollow\" href=\"http:\/\/www.mim.fr\">Mim.fr<\/a> !\u00a0 <img src=\"https:\/\/www.au-pays-des-merveilles.com\/blog\/wp-includes\/images\/smilies\/9.gif\" alt=\"(gift)\" class=\"wp-smiley\" style=\"height: 1em; max-height: 1em;\" \/><\/p>\n","protected":false},"excerpt":{"rendered":"<p>Il y a quelques semaines, comme d\u2019autres blogueuses, j\u2019ai eu le plaisir de recevoir une veste doudoune sigl\u00e9e MIM ! Je vous avouerai que je vais rarement dans ce magasin parce qu\u2019en toute sinc\u00e9rit\u00e9, je trouve que leurs fringues ne sont pas mises en valeur. Ce n\u2019est pas non plus le genre de vestes (un<\/p>\n","protected":false},"author":1,"featured_media":0,"comment_status":"open","ping_status":"open","sticky":false,"template":"","format":"standard","meta":{"footnotes":""},"categories":[20,36],"tags":[],"class_list":["post-4698","post","type-post","status-publish","format-standard","hentry","category-buzz","category-fashion-no-victim"],"_links":{"self":[{"href":"https:\/\/www.au-pays-des-merveilles.com\/blog\/wp-json\/wp\/v2\/posts\/4698","targetHints":{"allow":["GET"]}}],"collection":[{"href":"https:\/\/www.au-pays-des-merveilles.com\/blog\/wp-json\/wp\/v2\/posts"}],"about":[{"href":"https:\/\/www.au-pays-des-merveilles.com\/blog\/wp-json\/wp\/v2\/types\/post"}],"author":[{"embeddable":true,"href":"https:\/\/www.au-pays-des-merveilles.com\/blog\/wp-json\/wp\/v2\/users\/1"}],"replies":[{"embeddable":true,"href":"https:\/\/www.au-pays-des-merveilles.com\/blog\/wp-json\/wp\/v2\/comments?post=4698"}],"version-history":[{"count":0,"href":"https:\/\/www.au-pays-des-merveilles.com\/blog\/wp-json\/wp\/v2\/posts\/4698\/revisions"}],"wp:attachment":[{"href":"https:\/\/www.au-pays-des-merveilles.com\/blog\/wp-json\/wp\/v2\/media?parent=4698"}],"wp:term":[{"taxonomy":"category","embeddable":true,"href":"https:\/\/www.au-pays-des-merveilles.com\/blog\/wp-json\/wp\/v2\/categories?post=4698"},{"taxonomy":"post_tag","embeddable":true,"href":"https:\/\/www.au-pays-des-merveilles.com\/blog\/wp-json\/wp\/v2\/tags?post=4698"}],"curies":[{"name":"wp","href":"https:\/\/api.w.org\/{rel}","templated":true}]}}