{"id":4708,"date":"2009-12-15T06:10:35","date_gmt":"2009-12-15T05:10:35","guid":{"rendered":"http:\/\/www.au-pays-des-merveilles.com\/blog\/?p=4708"},"modified":"2019-08-10T23:27:54","modified_gmt":"2019-08-10T21:27:54","slug":"un-joli-nol-en-beaut","status":"publish","type":"post","link":"https:\/\/www.au-pays-des-merveilles.com\/blog\/2009\/12\/15\/un-joli-nol-en-beaut\/","title":{"rendered":"Un joli No&euml;l en beaut&eacute;"},"content":{"rendered":"<p><a href=\"https:\/\/www.au-pays-des-merveilles.com\/blog\/wp-content\/uploads\/2009\/12\/image9.png\"><img loading=\"lazy\" decoding=\"async\" style=\"border-bottom: 0px; border-left: 0px; display: inline; margin-left: 0px; border-top: 0px; margin-right: 0px; border-right: 0px\" title=\"image\" src=\"https:\/\/www.au-pays-des-merveilles.com\/blog\/wp-content\/uploads\/2009\/12\/image_thumb3.png\" border=\"0\" alt=\"image\" width=\"277\" height=\"331\" align=\"left\" \/><\/a> J\u2019ai bien commenc\u00e9 le mois de d\u00e9cembre puisque j\u2019ai \u00e9t\u00e9 invit\u00e9e par la d\u00e9licieuse <a rel=\"nofollow\" href=\"http:\/\/www.30ansenbeaute.com\/\">Chris d\u2019Ego<\/a> pour son No\u00ebl en beaut\u00e9 2009 ! Inutile de pr\u00e9ciser que c\u2019\u00e9tait encore une soir\u00e9e tr\u00e8s r\u00e9ussie !<\/p>\n<p>Dans le magnifique studio Cyclone \u00e0 Paris (je n\u2019oublierai jamais le sol en verre du 1er \u00e9tage !!) une cinquantaine d\u2019invit\u00e9es, blogueuses et artistes, \u00e9taient pr\u00e9sentes pour participer aux diff\u00e9rents ateliers organis\u00e9s pour l\u2019occasion :<\/p>\n<p>&#8211; l\u2019atelier <strong>Nail Art<\/strong> (anim\u00e9 par <a rel=\"nofollow\" href=\"http:\/\/nail-art.over-blog.fr\/\">Oph\u00e9lie<\/a>) : <em>je n\u2019ai pas eu le temps d\u2019y participer (suis arriv\u00e9e en retard !!)<br \/>\n<\/em>&#8211; l\u2019atelier a<strong>utomassage &amp; brossage avec Ren\u00e9e Furterer<\/strong> (anim\u00e9 par Alexandra et <a rel=\"nofollow\" href=\"http:\/\/lipstickquotes.blogspot.com\">Camille<\/a>) : <em>on a appris des astuces pour bien se brosser les cheveux tous les jours et en plus on est repartis avec une brosse et un bon pour un diagnostic capillaire Furterer<\/em><br \/>\n&#8211; l\u2019atelier a<strong>utomaquillage avec UNE<\/strong> (anim\u00e9 par <a rel=\"nofollow\" href=\"http:\/\/www.30ansenbeaute.com\/\">Chris<\/a>) : <em>un make-up aux petits oignons ! je ne connaissais pas cette marque et bien je fus surprise par tout le choix de couleurs et de m\u00e9lange entre les palettes !<br \/>\n<\/em>&#8211; l\u2019atelier <strong>Cr\u00e9ation de bijoux<\/strong> (anim\u00e9 par <a rel=\"nofollow\" href=\"http:\/\/just-like-me-jewels.blogspot.com\/\" class=\"broken_link\">C\u00e9line<\/a>) : <em>bon alors l\u00e0, il faut que je reprenne un peu la cr\u00e9a de bijoux parce que je n\u2019ai pas r\u00e9ussi \u00e0 finir \u00e0 temps, et je ne me souvenais m\u00eame plus comment je faisais avant !! je me remets au boulot et je vous montre \u00e7a bient\u00f4t parce qu\u2019on a eu la chance de repartir avec notre bijou \u00e0 cr\u00e9er !<br \/>\n<\/em>&#8211;<strong> <\/strong>l\u2019atelier<strong> dessin<\/strong> (anim\u00e9 par Jeanne) : <em>de chouettes portraits effectu\u00e9s par Jeanne, moi suis trop d\u00e9\u00e7ue je n\u2019ai pas eu le temps de me faire dessiner par la talentueuse Jeanne !<\/em><\/p>\n<p><a href=\"https:\/\/www.au-pays-des-merveilles.com\/blog\/wp-content\/uploads\/2009\/12\/image10.png\"><img loading=\"lazy\" decoding=\"async\" style=\"border-bottom: 0px; border-left: 0px; display: block; float: none; margin-left: auto; border-top: 0px; margin-right: auto; border-right: 0px\" title=\"image\" src=\"https:\/\/www.au-pays-des-merveilles.com\/blog\/wp-content\/uploads\/2009\/12\/image_thumb4.png\" border=\"0\" alt=\"image\" width=\"244\" height=\"407\" \/><\/a><\/p>\n<p>Entre temps, on pouvait d\u00e9guster de tr\u00e8s bons &amp; tr\u00e8s beaux amuse-bouches et cupcakes r\u00e9alis\u00e9s par Johanna et <a rel=\"nofollow\" href=\"http:\/\/littlemisscupcakeparisvf.blogspot.com\/\">little miss cupcakes<\/a> ! je n\u2019ai jamais vu de cupcakes aussi r\u00e9ussis !<\/p>\n<p><a href=\"https:\/\/www.au-pays-des-merveilles.com\/blog\/wp-content\/uploads\/2009\/12\/image11.png\"><img loading=\"lazy\" decoding=\"async\" style=\"border-bottom: 0px; border-left: 0px; display: block; float: none; margin-left: auto; border-top: 0px; margin-right: auto; border-right: 0px\" title=\"image\" src=\"https:\/\/www.au-pays-des-merveilles.com\/blog\/wp-content\/uploads\/2009\/12\/image_thumb5.png\" border=\"0\" alt=\"image\" width=\"444\" height=\"268\" \/><\/a><\/p>\n<p>J\u2019ai pass\u00e9 un tr\u00e8s bon moment entre copines ! Merci encore Chris pour cette jolie soir\u00e9e ! et merci \u00e0 tous tes partenaires pour leur accueil ! J\u2019en garde un excellent souvenir ! j\u2019attends avec impatience la session 2010 ! ^^<\/p>\n<p><a href=\"https:\/\/www.au-pays-des-merveilles.com\/blog\/wp-content\/uploads\/2009\/12\/image12.png\"><img loading=\"lazy\" decoding=\"async\" style=\"border-bottom: 0px; border-left: 0px; display: block; float: none; margin-left: auto; border-top: 0px; margin-right: auto; border-right: 0px\" title=\"image\" src=\"https:\/\/www.au-pays-des-merveilles.com\/blog\/wp-content\/uploads\/2009\/12\/image_thumb6.png\" border=\"0\" alt=\"image\" width=\"444\" height=\"268\" \/><\/a><\/p>\n<p><strong>+ de photos<\/strong> par <a rel=\"nofollow\" href=\"http:\/\/www.30ansenbeaute.com\/2009\/12\/noel-en-beaute-09-les-photos.html\">ICI<\/a> !<\/p>\n<p><em>@ photos r\u00e9alis\u00e9es par mon nouveau joujou : le HTC HD2 (je vous en reparle bient\u00f4t ! <img src=\"https:\/\/www.au-pays-des-merveilles.com\/blog\/wp-includes\/images\/smilies\/3.gif\" alt=\";)\" class=\"wp-smiley\" style=\"height: 1em; max-height: 1em;\" \/> )<\/em><\/p>\n","protected":false},"excerpt":{"rendered":"<p>J\u2019ai bien commenc\u00e9 le mois de d\u00e9cembre puisque j\u2019ai \u00e9t\u00e9 invit\u00e9e par la d\u00e9licieuse Chris d\u2019Ego pour son No\u00ebl en beaut\u00e9 2009 ! Inutile de pr\u00e9ciser que c\u2019\u00e9tait encore une soir\u00e9e tr\u00e8s r\u00e9ussie ! Dans le magnifique studio Cyclone \u00e0 Paris (je n\u2019oublierai jamais le sol en verre du 1er \u00e9tage !!) une cinquantaine d\u2019invit\u00e9es,<\/p>\n","protected":false},"author":1,"featured_media":0,"comment_status":"open","ping_status":"open","sticky":false,"template":"","format":"standard","meta":{"footnotes":""},"categories":[6,20],"tags":[],"class_list":["post-4708","post","type-post","status-publish","format-standard","hentry","category-beautiful-girl","category-buzz"],"_links":{"self":[{"href":"https:\/\/www.au-pays-des-merveilles.com\/blog\/wp-json\/wp\/v2\/posts\/4708","targetHints":{"allow":["GET"]}}],"collection":[{"href":"https:\/\/www.au-pays-des-merveilles.com\/blog\/wp-json\/wp\/v2\/posts"}],"about":[{"href":"https:\/\/www.au-pays-des-merveilles.com\/blog\/wp-json\/wp\/v2\/types\/post"}],"author":[{"embeddable":true,"href":"https:\/\/www.au-pays-des-merveilles.com\/blog\/wp-json\/wp\/v2\/users\/1"}],"replies":[{"embeddable":true,"href":"https:\/\/www.au-pays-des-merveilles.com\/blog\/wp-json\/wp\/v2\/comments?post=4708"}],"version-history":[{"count":0,"href":"https:\/\/www.au-pays-des-merveilles.com\/blog\/wp-json\/wp\/v2\/posts\/4708\/revisions"}],"wp:attachment":[{"href":"https:\/\/www.au-pays-des-merveilles.com\/blog\/wp-json\/wp\/v2\/media?parent=4708"}],"wp:term":[{"taxonomy":"category","embeddable":true,"href":"https:\/\/www.au-pays-des-merveilles.com\/blog\/wp-json\/wp\/v2\/categories?post=4708"},{"taxonomy":"post_tag","embeddable":true,"href":"https:\/\/www.au-pays-des-merveilles.com\/blog\/wp-json\/wp\/v2\/tags?post=4708"}],"curies":[{"name":"wp","href":"https:\/\/api.w.org\/{rel}","templated":true}]}}