{"id":4851,"date":"2009-12-27T00:01:45","date_gmt":"2009-12-26T23:01:45","guid":{"rendered":"http:\/\/www.au-pays-des-merveilles.com\/blog\/?p=4851"},"modified":"2019-03-22T17:17:41","modified_gmt":"2019-03-22T15:17:41","slug":"2-ans","status":"publish","type":"post","link":"https:\/\/www.au-pays-des-merveilles.com\/blog\/2009\/12\/27\/2-ans\/","title":{"rendered":"2 ans"},"content":{"rendered":"<p><a href=\"https:\/\/www.au-pays-des-merveilles.com\/blog\/wp-content\/uploads\/2009\/12\/ba.jpg\"><img loading=\"lazy\" decoding=\"async\" class=\"alignleft size-full wp-image-4852\" title=\"ba\" src=\"https:\/\/www.au-pays-des-merveilles.com\/blog\/wp-content\/uploads\/2009\/12\/ba.jpg\" alt=\"\" width=\"270\" height=\"400\" \/><\/a>2 ans d\u00e9j\u00e0 que le site Au pays des merveilles tient le coup ! enfin plut\u00f4t deux ans que je tiens le coup !! Et vous savez quoi ? je pourrais r\u00e9p\u00e9ter exactement les m\u00eames phrases que l&rsquo;ann\u00e9e derni\u00e8re :<\/p>\n<blockquote><p>\u00ab\u00a0si je tiens autant c\u2019est bien grace \u00e0 vous cher(e)s ami(e)s lecteurs(trices) ! Alors pour vous un \u00e9norme<\/p>\n<p style=\"text-align: center;\"><strong>MERCI<\/strong><\/p>\n<p>d\u2019\u00eatre l\u00e0, de me laisser des petits commentaires, de m\u2019envoyer des mails, de me faire rire, de vous rencontrer, de passer de bons moments, \u2026<\/p>\n<p>Ok un blog \u00e7a prend du temps et \u00e7a bouffe une bonne partie de votre vie mais en m\u00eame temps je re\u00e7ois tellement de petits bonheurs grace \u00e0 lui que j\u2019en oublie tous les d\u00e9sagr\u00e9ments ! Donc je compte bien continuer sur ma lanc\u00e9e pendant un moment et j\u2019esp\u00e8re sinc\u00e9rement que vous serez toujours l\u00e0 !\u00a0 \u00ab\u00a0<\/p><\/blockquote>\n<p>Il va y avoir du changement pour moi l&rsquo;ann\u00e9e prochaine donc je ne serais peut \u00eatre pas autant dispo que cette ann\u00e9e mais je ne vous oublie pas ! Vous \u00eates ma bouff\u00e9e d&rsquo;air dans cette vie de fous ! Encore MERCI &amp; \u00e0 tr\u00e8s vite pour de nouvelles aventures !<\/p>\n","protected":false},"excerpt":{"rendered":"<p>2 ans d\u00e9j\u00e0 que le site Au pays des merveilles tient le coup ! enfin plut\u00f4t deux ans que je tiens le coup !! Et vous savez quoi ? je pourrais r\u00e9p\u00e9ter exactement les m\u00eames phrases que l&rsquo;ann\u00e9e derni\u00e8re : \u00ab\u00a0si je tiens autant c\u2019est bien grace \u00e0 vous cher(e)s ami(e)s lecteurs(trices) ! Alors pour<\/p>\n","protected":false},"author":1,"featured_media":0,"comment_status":"open","ping_status":"open","sticky":false,"template":"","format":"standard","meta":{"footnotes":""},"categories":[13],"tags":[],"class_list":["post-4851","post","type-post","status-publish","format-standard","hentry","category-calendrier"],"_links":{"self":[{"href":"https:\/\/www.au-pays-des-merveilles.com\/blog\/wp-json\/wp\/v2\/posts\/4851","targetHints":{"allow":["GET"]}}],"collection":[{"href":"https:\/\/www.au-pays-des-merveilles.com\/blog\/wp-json\/wp\/v2\/posts"}],"about":[{"href":"https:\/\/www.au-pays-des-merveilles.com\/blog\/wp-json\/wp\/v2\/types\/post"}],"author":[{"embeddable":true,"href":"https:\/\/www.au-pays-des-merveilles.com\/blog\/wp-json\/wp\/v2\/users\/1"}],"replies":[{"embeddable":true,"href":"https:\/\/www.au-pays-des-merveilles.com\/blog\/wp-json\/wp\/v2\/comments?post=4851"}],"version-history":[{"count":0,"href":"https:\/\/www.au-pays-des-merveilles.com\/blog\/wp-json\/wp\/v2\/posts\/4851\/revisions"}],"wp:attachment":[{"href":"https:\/\/www.au-pays-des-merveilles.com\/blog\/wp-json\/wp\/v2\/media?parent=4851"}],"wp:term":[{"taxonomy":"category","embeddable":true,"href":"https:\/\/www.au-pays-des-merveilles.com\/blog\/wp-json\/wp\/v2\/categories?post=4851"},{"taxonomy":"post_tag","embeddable":true,"href":"https:\/\/www.au-pays-des-merveilles.com\/blog\/wp-json\/wp\/v2\/tags?post=4851"}],"curies":[{"name":"wp","href":"https:\/\/api.w.org\/{rel}","templated":true}]}}