{"id":4901,"date":"2009-12-29T00:01:32","date_gmt":"2009-12-28T23:01:32","guid":{"rendered":"http:\/\/www.au-pays-des-merveilles.com\/blog\/?p=4901"},"modified":"2019-03-22T17:17:40","modified_gmt":"2019-03-22T15:17:40","slug":"en-direct-du-sud","status":"publish","type":"post","link":"https:\/\/www.au-pays-des-merveilles.com\/blog\/2009\/12\/29\/en-direct-du-sud\/","title":{"rendered":"En direct du Sud &hellip;"},"content":{"rendered":"<p>Un petit coucou de la c\u00f4te d\u2019azur o\u00f9 je passe des vacances reposantes et gourmandes ! <img src=\"https:\/\/www.au-pays-des-merveilles.com\/blog\/wp-includes\/images\/smilies\/3.gif\" alt=\";)\" class=\"wp-smiley\" style=\"height: 1em; max-height: 1em;\" \/><\/p>\n<p><a href=\"https:\/\/www.au-pays-des-merveilles.com\/blog\/wp-content\/uploads\/2009\/12\/IMG_8208.jpg\"><img loading=\"lazy\" decoding=\"async\" style=\"display: block; float: none; margin-left: auto; margin-right: auto; border: 0px;\" title=\"IMG_8208\" src=\"https:\/\/www.au-pays-des-merveilles.com\/blog\/wp-content\/uploads\/2009\/12\/IMG_8208_thumb.jpg\" border=\"0\" alt=\"IMG_8208\" width=\"280\" height=\"410\" \/><\/a><\/p>\n<p>J\u2019esp\u00e8re que vous avez pass\u00e9 un bon No\u00ebl \u2026 comme moi ! hi hi !! On a pass\u00e9 une excellente soir\u00e9e : un tr\u00e8s bon repas, de la danse, des fous rires et on a \u00e9t\u00e9 g\u00e2t\u00e9s comme c\u2019est pas permis (<em>on n\u2019a jamais mis autant de temps pour ouvrir tous les cadeaux !!<\/em>), un super bon moment ! Dommage que \u00e7a passe aussi vite !<\/p>\n<p><a href=\"https:\/\/www.au-pays-des-merveilles.com\/blog\/wp-content\/uploads\/2009\/12\/IMG_8319.jpg\"><img loading=\"lazy\" decoding=\"async\" style=\"display: block; float: none; margin-left: auto; margin-right: auto; border: 0px;\" title=\"IMG_8319\" src=\"https:\/\/www.au-pays-des-merveilles.com\/blog\/wp-content\/uploads\/2009\/12\/IMG_8319_thumb.jpg\" border=\"0\" alt=\"IMG_8319\" width=\"450\" height=\"531\" \/><\/a><\/p>\n<p>On se pr\u00e9pare pour le r\u00e9veillon du Nouvel An. Le menu est d\u00e9j\u00e0 choisi &amp; la musique est pr\u00eate ! En attendant, on va profiter des quelques rayons de soleil et faire le tour des derniers march\u00e9s de No\u00ebl histoire de prolonger la magie ! <img src=\"https:\/\/www.au-pays-des-merveilles.com\/blog\/wp-includes\/images\/smilies\/1.gif\" alt=\":)\" class=\"wp-smiley\" style=\"height: 1em; max-height: 1em;\" \/><\/p>\n<p><a href=\"https:\/\/www.au-pays-des-merveilles.com\/blog\/wp-content\/uploads\/2009\/12\/IMG_8612.jpg\"><img loading=\"lazy\" decoding=\"async\" style=\"display: block; float: none; margin-left: auto; margin-right: auto; border: 0px;\" title=\"IMG_8612\" src=\"https:\/\/www.au-pays-des-merveilles.com\/blog\/wp-content\/uploads\/2009\/12\/IMG_8612_thumb.jpg\" border=\"0\" alt=\"IMG_8612\" width=\"280\" height=\"410\" \/><\/a><\/p>\n<p>Bon courage pour ceux qui ont repris le taf &amp; bonnes vacances pour les veinards ! <img src=\"https:\/\/www.au-pays-des-merveilles.com\/blog\/wp-includes\/images\/smilies\/4.gif\" alt=\":D\" class=\"wp-smiley\" style=\"height: 1em; max-height: 1em;\" \/><\/p>\n<p>A tr\u00e8s vite !<\/p>\n","protected":false},"excerpt":{"rendered":"<p>Un petit coucou de la c\u00f4te d\u2019azur o\u00f9 je passe des vacances reposantes et gourmandes ! J\u2019esp\u00e8re que vous avez pass\u00e9 un bon No\u00ebl \u2026 comme moi ! hi hi !! On a pass\u00e9 une excellente soir\u00e9e : un tr\u00e8s bon repas, de la danse, des fous rires et on a \u00e9t\u00e9 g\u00e2t\u00e9s comme c\u2019est<\/p>\n","protected":false},"author":1,"featured_media":0,"comment_status":"open","ping_status":"open","sticky":false,"template":"","format":"standard","meta":{"footnotes":""},"categories":[4],"tags":[],"class_list":["post-4901","post","type-post","status-publish","format-standard","hentry","category-ma-vie-mon-oeuvre"],"_links":{"self":[{"href":"https:\/\/www.au-pays-des-merveilles.com\/blog\/wp-json\/wp\/v2\/posts\/4901","targetHints":{"allow":["GET"]}}],"collection":[{"href":"https:\/\/www.au-pays-des-merveilles.com\/blog\/wp-json\/wp\/v2\/posts"}],"about":[{"href":"https:\/\/www.au-pays-des-merveilles.com\/blog\/wp-json\/wp\/v2\/types\/post"}],"author":[{"embeddable":true,"href":"https:\/\/www.au-pays-des-merveilles.com\/blog\/wp-json\/wp\/v2\/users\/1"}],"replies":[{"embeddable":true,"href":"https:\/\/www.au-pays-des-merveilles.com\/blog\/wp-json\/wp\/v2\/comments?post=4901"}],"version-history":[{"count":0,"href":"https:\/\/www.au-pays-des-merveilles.com\/blog\/wp-json\/wp\/v2\/posts\/4901\/revisions"}],"wp:attachment":[{"href":"https:\/\/www.au-pays-des-merveilles.com\/blog\/wp-json\/wp\/v2\/media?parent=4901"}],"wp:term":[{"taxonomy":"category","embeddable":true,"href":"https:\/\/www.au-pays-des-merveilles.com\/blog\/wp-json\/wp\/v2\/categories?post=4901"},{"taxonomy":"post_tag","embeddable":true,"href":"https:\/\/www.au-pays-des-merveilles.com\/blog\/wp-json\/wp\/v2\/tags?post=4901"}],"curies":[{"name":"wp","href":"https:\/\/api.w.org\/{rel}","templated":true}]}}