{"id":5096,"date":"2010-02-07T21:12:07","date_gmt":"2010-02-07T20:12:07","guid":{"rendered":"http:\/\/www.au-pays-des-merveilles.com\/blog\/?p=5096"},"modified":"2019-03-22T17:17:40","modified_gmt":"2019-03-22T15:17:40","slug":"arrive-saint-malo","status":"publish","type":"post","link":"https:\/\/www.au-pays-des-merveilles.com\/blog\/2010\/02\/07\/arrive-saint-malo\/","title":{"rendered":"Arriv&eacute;e &agrave; Saint Malo &hellip;"},"content":{"rendered":"<p>\u2026 c\u2019est un truc de dingue qui m\u2019arrive !<\/p>\n<p>Je suis bien arriv\u00e9e au Grand H\u00f4tel des Thermes. Bon y\u2019a eu un loup\u00e9 sur la navette qui devait m\u2019emmener de la gare \u00e0 l\u2019h\u00f4tel mais on va pas r\u00e2ler hein, c\u2019est les vacances et quelles vacances les enfants !!<\/p>\n<p>Je d\u00e9couvre ma chambre \u2026 la grande classe !! Une vue sur la plage \u00e0 perte de vue \u2026 le r\u00eave !! Un lit king size, une grande salle de bain avec vue sur la chambre (lol), une coiffeuse, une table face \u00e0 la mer (le petit d\u00e9j va \u00eatre bien appr\u00e9ci\u00e9 je vous le dis !)<\/p>\n<p>Je vous ai fait des photos en vitesse avant que le soleil ne tombe, qualit\u00e9 pas top mais je me rattraperais ! <img src=\"https:\/\/www.au-pays-des-merveilles.com\/blog\/wp-includes\/images\/smilies\/1.gif\" alt=\":)\" class=\"wp-smiley\" style=\"height: 1em; max-height: 1em;\" \/><\/p>\n<p><a href=\"https:\/\/www.au-pays-des-merveilles.com\/blog\/wp-content\/uploads\/2010\/02\/Chambrejour1.jpg\"><img loading=\"lazy\" decoding=\"async\" style=\"display: block; float: none; margin-left: auto; margin-right: auto; border: 0px;\" title=\"Chambre jour1\" src=\"https:\/\/www.au-pays-des-merveilles.com\/blog\/wp-content\/uploads\/2010\/02\/Chambrejour1_thumb.jpg\" border=\"0\" alt=\"Chambre jour1\" width=\"470\" height=\"290\" \/><\/a><\/p>\n<p>Je n\u2019avais jamais \u00e9t\u00e9 dans un 4 \u00e9toiles, je crois que je vais vite y prendre go\u00fbt, ici on peut faire des recherches sur les meilleurs hotels d&acute;Europe et du monde ! Une femme de chambre est arriv\u00e9e tout \u00e0 l\u2019heure pour me demander si je voulais qu\u2019elle m\u2019ouvre le lit !! je me demandais ce qu\u2019elle voulait !! la grosse nulle moi !! En fait, elle vient, elle vous ouvre la couette et vous d\u00e9pose des petits chocolats sur l\u2019oreiller \u2026 raaahhh !! <img src=\"https:\/\/www.au-pays-des-merveilles.com\/blog\/wp-includes\/images\/smilies\/4.gif\" alt=\":D\" class=\"wp-smiley\" style=\"height: 1em; max-height: 1em;\" \/><\/p>\n<p><a href=\"https:\/\/www.au-pays-des-merveilles.com\/blog\/wp-content\/uploads\/2010\/02\/Vuejour1.jpg\"><img loading=\"lazy\" decoding=\"async\" style=\"display: block; float: none; margin-left: auto; margin-right: auto; border: 0px;\" title=\"Vue jour1\" src=\"https:\/\/www.au-pays-des-merveilles.com\/blog\/wp-content\/uploads\/2010\/02\/Vuejour1_thumb.jpg\" border=\"0\" alt=\"Vue jour1\" width=\"470\" height=\"290\" \/><\/a><\/p>\n<p>Bon noirs les choco hein ! on est ici pour faire r\u00e9gime, pas pour rigoler nan mais owe !!<\/p>\n<p>Je suis ensuite all\u00e9e d\u00eener au restaurant La Verri\u00e8re. J\u2019ai fait ma sauvage, j\u2019ai mang\u00e9 seule (comme les 3\/4 des femmes d\u2019ailleurs ici) et j\u2019ai donc eu droit au menu di\u00e9t\u00e9tique :<\/p>\n<p>Entr\u00e9e : langoustines et mayo all\u00e9g\u00e9e<\/p>\n<p>Plat : filets de colin , courgettes et fondue de poireaux<\/p>\n<p>Fromage blanc ou yaourth (mais \u00e7a j\u2019ai refus\u00e9 parce que \u00e9trangement je n\u2019avais plus faim !)<\/p>\n<p>Dessert : mikado d\u2019ananas et mousse glac\u00e9e au citron accompagn\u00e9e de son coulis de fruits rouges \u2026 un d\u00e9lice !<\/p>\n<p>Je me suis r\u00e9gal\u00e9e ! \u00e7a promet pour toute la semaine !! Je suis en plein dream <img src=\"https:\/\/www.au-pays-des-merveilles.com\/blog\/wp-includes\/images\/smilies\/12.gif\" alt=\"(stars)\" class=\"wp-smiley\" style=\"height: 1em; max-height: 1em;\" \/><\/p>\n<p><a href=\"https:\/\/www.au-pays-des-merveilles.com\/blog\/wp-content\/uploads\/2010\/02\/Vue2jour1.jpg\"><img loading=\"lazy\" decoding=\"async\" style=\"display: block; float: none; margin-left: auto; margin-right: auto; border: 0px;\" title=\"Vue2 jour1\" src=\"https:\/\/www.au-pays-des-merveilles.com\/blog\/wp-content\/uploads\/2010\/02\/Vue2jour1_thumb.jpg\" border=\"0\" alt=\"Vue2 jour1\" width=\"470\" height=\"290\" \/><\/a>Sur ce je vous laisse parce que demain c\u2019est r\u00e9veil t\u00f4t \u2026 \u00e7a commence \u00e0 8h15 ! youpiiii !!!<\/p>\n<p>Je vais profiter de la baignoire, de la vue, de la t\u00e9l\u00e9 et du lit \u2026<\/p>\n<p>A demain ! <img src=\"https:\/\/www.au-pays-des-merveilles.com\/blog\/wp-includes\/images\/smilies\/3.gif\" alt=\";)\" class=\"wp-smiley\" style=\"height: 1em; max-height: 1em;\" \/><\/p>\n","protected":false},"excerpt":{"rendered":"<p>\u2026 c\u2019est un truc de dingue qui m\u2019arrive ! Je suis bien arriv\u00e9e au Grand H\u00f4tel des Thermes. Bon y\u2019a eu un loup\u00e9 sur la navette qui devait m\u2019emmener de la gare \u00e0 l\u2019h\u00f4tel mais on va pas r\u00e2ler hein, c\u2019est les vacances et quelles vacances les enfants !! Je d\u00e9couvre ma chambre \u2026 la<\/p>\n","protected":false},"author":1,"featured_media":0,"comment_status":"open","ping_status":"open","sticky":false,"template":"","format":"standard","meta":{"footnotes":""},"categories":[6,37,11],"tags":[],"class_list":["post-5096","post","type-post","status-publish","format-standard","hentry","category-beautiful-girl","category-mon-programme-minceur","category-voyages"],"_links":{"self":[{"href":"https:\/\/www.au-pays-des-merveilles.com\/blog\/wp-json\/wp\/v2\/posts\/5096","targetHints":{"allow":["GET"]}}],"collection":[{"href":"https:\/\/www.au-pays-des-merveilles.com\/blog\/wp-json\/wp\/v2\/posts"}],"about":[{"href":"https:\/\/www.au-pays-des-merveilles.com\/blog\/wp-json\/wp\/v2\/types\/post"}],"author":[{"embeddable":true,"href":"https:\/\/www.au-pays-des-merveilles.com\/blog\/wp-json\/wp\/v2\/users\/1"}],"replies":[{"embeddable":true,"href":"https:\/\/www.au-pays-des-merveilles.com\/blog\/wp-json\/wp\/v2\/comments?post=5096"}],"version-history":[{"count":0,"href":"https:\/\/www.au-pays-des-merveilles.com\/blog\/wp-json\/wp\/v2\/posts\/5096\/revisions"}],"wp:attachment":[{"href":"https:\/\/www.au-pays-des-merveilles.com\/blog\/wp-json\/wp\/v2\/media?parent=5096"}],"wp:term":[{"taxonomy":"category","embeddable":true,"href":"https:\/\/www.au-pays-des-merveilles.com\/blog\/wp-json\/wp\/v2\/categories?post=5096"},{"taxonomy":"post_tag","embeddable":true,"href":"https:\/\/www.au-pays-des-merveilles.com\/blog\/wp-json\/wp\/v2\/tags?post=5096"}],"curies":[{"name":"wp","href":"https:\/\/api.w.org\/{rel}","templated":true}]}}