{"id":5146,"date":"2010-02-10T20:55:21","date_gmt":"2010-02-10T19:55:21","guid":{"rendered":"http:\/\/www.au-pays-des-merveilles.com\/blog\/?p=5146"},"modified":"2019-06-23T15:27:44","modified_gmt":"2019-06-23T13:27:44","slug":"thalasso-day-3","status":"publish","type":"post","link":"https:\/\/www.au-pays-des-merveilles.com\/blog\/2010\/02\/10\/thalasso-day-3\/","title":{"rendered":"Thalasso # Day 3"},"content":{"rendered":"<p><a href=\"https:\/\/www.au-pays-des-merveilles.com\/blog\/wp-content\/uploads\/2010\/02\/IMG_8802.jpg\"><img loading=\"lazy\" decoding=\"async\" style=\"display: inline; margin-left: 0px; margin-right: 0px; border: 0px;\" title=\"IMG_8802\" src=\"https:\/\/www.au-pays-des-merveilles.com\/blog\/wp-content\/uploads\/2010\/02\/IMG_8802_thumb.jpg\" alt=\"IMG_8802\" width=\"340\" height=\"227\" align=\"left\" border=\"0\" \/><\/a><\/p>\n<p>J\u2019ai mieux compris pourquoi j\u2019avais eu droit \u00e0 un ballet de piafs hier \u2026 c\u2019est ma voisine qui leur balance des miettes de pain ! le mythe s\u2019effondre !! pfouaa !!<\/p>\n<p>Quel bonheur que de se lever et de se dire qu\u2019on va encore passer une journ\u00e9e \u00e0 se faire papouiller \u2026 c\u2019est vraiment grisant surtout quand on sait que les autres bossent ! m\u00eame pas je pense au difficile retour \u00e0 la r\u00e9alit\u00e9, m\u00eame pas !!<\/p>\n<p><!--more--><\/p>\n<p>Au programme de ce jour, la m\u00eame chose que <a href=\"https:\/\/www.au-pays-des-merveilles.com\/blog\/2010\/02\/08\/thalasso-day-1\/\">lundi matin<\/a> : aquatonic, bioc\u00e9algues, douche sous marine et cellu M6. N\u2019emp\u00eache que je trouve ma peau nettement plus ferme et je suis vraiment vann\u00e9e une fois rentr\u00e9e. Comme quoi 1\/2 journ\u00e9e de soins c\u2019est nettement suffisant. Ca cr\u00e8ve !<\/p>\n<p>Du coup, cet apr\u00e8s-midi, apr\u00e8s mon d\u00e9licieux repas (excellent le canard !! j\u2019ai m\u00eame mang\u00e9 des \u00e9pinards et des endives grill\u00e9es \u2026 truc que je ne mange jamais d\u2019habitude !!), je suis all\u00e9e chez le coiffeur. Oui il y a m\u00eame un salon de coiffure Ren\u00e9 Furterer \u00e0 l\u2019int\u00e9rieur des thermes. J\u2019ai pass\u00e9 presque tout mon apr\u00e8s-midi dedans. J\u2019ai eu droit \u00e0 un diagnostic de mes cheveux. Je suis ressortie avec la moiti\u00e9 de la boutique et bien choucrout\u00e9e !<\/p>\n<p style=\"text-align: center;\"><a href=\"https:\/\/www.au-pays-des-merveilles.com\/blog\/wp-content\/uploads\/2010\/02\/IMG_8862.jpg\"><img loading=\"lazy\" decoding=\"async\" class=\"aligncenter\" style=\"display: block; float: none; margin-left: auto; margin-right: auto; border: 0px;\" title=\"IMG_8862\" src=\"https:\/\/www.au-pays-des-merveilles.com\/blog\/wp-content\/uploads\/2010\/02\/IMG_8862_thumb.jpg\" alt=\"IMG_8862\" width=\"277\" height=\"331\" border=\"0\" \/><\/a> <a href=\"https:\/\/www.au-pays-des-merveilles.com\/blog\/wp-content\/uploads\/2010\/02\/image19.png\"><img loading=\"lazy\" decoding=\"async\" style=\"display: inline; border: 0px;\" title=\"image\" src=\"https:\/\/www.au-pays-des-merveilles.com\/blog\/wp-content\/uploads\/2010\/02\/image_thumb19.png\" alt=\"image\" width=\"114\" height=\"151\" border=\"0\" \/><\/a> En sortant, je suis pass\u00e9e devant la boutique des thermes et j\u2019ai shopp\u00e9 le livre des chefs du palace \u201cRecettes l\u00e9g\u00e8res &amp; gourmandes\u201d de Patrice Dugu\u00e9, Pascal Pochon\u00a0 &amp; Fr\u00e9d\u00e9ric Derat-Carri\u00e8re, le nutritionniste. J\u2019ai h\u00e2te de tester tout \u00e7a ! <em>Vous pourrez trouver des recettes sur <\/em><em>ce site<\/em><em>.<\/em><\/p>\n<p style=\"text-align: center;\">******<\/p>\n<p>Sinon, pour r\u00e9pondre aux commentaires &amp; questions, le co\u00fbt d\u2019une cure thermale \u201cMer &amp; silhouette minceur\u201d commence \u00e0 1542 euros ; tout d\u00e9pend de la saison, de la chambre, de la 1\/2 pension ou de la pension compl\u00e8te. Tous les tarifs sont l\u00e0.<\/p>\n<p>Oui vous pouvez venir avec vos enfants ! C\u2019est m\u00eame une cure thermale familiale. Il y a un club enfants qui s\u2019occupe de vos schtroumpfs de 0 \u00e0 6 ans pendant vos soins et m\u00eame 6-12 ans pendant les vacances scolaires.<\/p>\n<p>Plus d\u2019infos sur <a href=\"http:\/\/www.thalassotherapie.com\" rel=\"nofollow\">www.thalassotherapie.com<\/a><\/p>\n","protected":false},"excerpt":{"rendered":"<p>J\u2019ai mieux compris pourquoi j\u2019avais eu droit \u00e0 un ballet de piafs hier \u2026 c\u2019est ma voisine qui leur balance des miettes de pain ! le mythe s\u2019effondre !! pfouaa !! Quel bonheur que de se lever et de se dire qu\u2019on va encore passer une journ\u00e9e \u00e0 se faire papouiller \u2026 c\u2019est vraiment grisant<\/p>\n","protected":false},"author":1,"featured_media":0,"comment_status":"open","ping_status":"open","sticky":false,"template":"","format":"standard","meta":{"footnotes":""},"categories":[6,4,37],"tags":[],"class_list":["post-5146","post","type-post","status-publish","format-standard","hentry","category-beautiful-girl","category-ma-vie-mon-oeuvre","category-mon-programme-minceur"],"_links":{"self":[{"href":"https:\/\/www.au-pays-des-merveilles.com\/blog\/wp-json\/wp\/v2\/posts\/5146","targetHints":{"allow":["GET"]}}],"collection":[{"href":"https:\/\/www.au-pays-des-merveilles.com\/blog\/wp-json\/wp\/v2\/posts"}],"about":[{"href":"https:\/\/www.au-pays-des-merveilles.com\/blog\/wp-json\/wp\/v2\/types\/post"}],"author":[{"embeddable":true,"href":"https:\/\/www.au-pays-des-merveilles.com\/blog\/wp-json\/wp\/v2\/users\/1"}],"replies":[{"embeddable":true,"href":"https:\/\/www.au-pays-des-merveilles.com\/blog\/wp-json\/wp\/v2\/comments?post=5146"}],"version-history":[{"count":0,"href":"https:\/\/www.au-pays-des-merveilles.com\/blog\/wp-json\/wp\/v2\/posts\/5146\/revisions"}],"wp:attachment":[{"href":"https:\/\/www.au-pays-des-merveilles.com\/blog\/wp-json\/wp\/v2\/media?parent=5146"}],"wp:term":[{"taxonomy":"category","embeddable":true,"href":"https:\/\/www.au-pays-des-merveilles.com\/blog\/wp-json\/wp\/v2\/categories?post=5146"},{"taxonomy":"post_tag","embeddable":true,"href":"https:\/\/www.au-pays-des-merveilles.com\/blog\/wp-json\/wp\/v2\/tags?post=5146"}],"curies":[{"name":"wp","href":"https:\/\/api.w.org\/{rel}","templated":true}]}}