{"id":5259,"date":"2010-02-16T18:52:59","date_gmt":"2010-02-16T17:52:59","guid":{"rendered":"http:\/\/www.au-pays-des-merveilles.com\/blog\/?p=5259"},"modified":"2019-03-22T17:17:40","modified_gmt":"2019-03-22T15:17:40","slug":"message-un-album-pour-soutenir-aides-dans-son-action-contre-le-sida","status":"publish","type":"post","link":"https:\/\/www.au-pays-des-merveilles.com\/blog\/2010\/02\/16\/message-un-album-pour-soutenir-aides-dans-son-action-contre-le-sida\/","title":{"rendered":"Message, un album pour soutenir AIDES dans son action contre le SIDA"},"content":{"rendered":"<p><em> <\/em><\/p>\n<div id=\"cke_pastebin\">C\u2019est \u00e0 l\u2019occasion des 25 ans de lutte contre le sida dans le monde et \u00e9galement des 25 ans de AIDES, que l\u2019association a souhait\u00e9 r\u00e9unir \u00a0de nombreuses personnalit\u00e9s fran\u00e7aises et internationales autour de l\u2019Album \u00ab Message \u00bb \u00a0\u00e0 travers lequel chaque artiste a fait le choix d\u2019interpr\u00e9ter des titres \u00ab coup de c\u0153ur \u00bb en anglais, en fran\u00e7ais, en duo, en solo\u2026<\/div>\n<div id=\"cke_pastebin\"><\/div>\n<div>A travers leur performance et leur g\u00e9n\u00e9rosit\u00e9 \u2013 certains n\u2019ont pas h\u00e9sit\u00e9 \u00e0 parcourir plusieurs milliers de kilom\u00e8tres pour y participer \u2013 \u00a0les artistes offrent un Hymne \u00e0 l\u2019Amour, un Album tr\u00e8s diversifi\u00e9, allant de la Pop, \u00e0 la Soul, du Reggae au Funk ou \u00e0 la Dance.<\/div>\n<div><\/div>\n<div id=\"cke_pastebin\"><em>On retrouve ainsi Jenifer dans une reprise de \u00ab Rock\u2019n Roll suicide \u00bb de \u00a0D. Bowie, Christophe Willem qui interpr\u00e8te \u00ab Sex Crime \u00bb d\u2019Eurythmics, revu par Dj Cuteeb, M. Pokora dans \u00ab Revolution \u00bb de T. Chapman, Sofia dans \u00ab C\u2019\u00e9tait l\u2019Hiver \u00bb de F. Cabrel, Caroline Costa dans \u00ab Ben \u00bb de M. Jackson, Tom Frager dans \u00ab Could you be loved \u00bb de B. Marley, ou encore une version in\u00e9dite de \u00ab Peace song \u00bb de Bob Sinclar, un in\u00e9dit \u00ab It\u2019s only love \u00bb de DJ Joachim Garraud, Victoria Abril dans une reprise de \u00ab La Vie en Rose \u00bb, Sliimy dans \u00ab Walk this way \u00bb, de Aerosmith, Anggun dans \u00ab Plus je t\u2019embrasse \u00bb de B. Dearie, Lara Fabian dans \u00ab Amoureuse \u00bb de V. Sanson, Elie Semoun et Elsa Lunghini dans \u00ab Puisque vous partez en voyage \u00bb de F. Hardy et J. Dutronc<\/em><\/div>\n<div><em><br \/>\n<\/em><\/div>\n<div id=\"cke_pastebin\">De nombreuses surprises viennent ponctuer cet Album, dont celle des animateurs des matinales du 6-9, dont Nikos Aliagas, Mustapha, Marc-Olivier Fogiel, Laurent Petit\u00e8Guillaume, Manu Levy,\u2026 \u00a0qui se l\u00e2chent sur une reprise de \u00ab No Comment \u00bb, les DJ Joachim Garraud, Bob Sinclar et Cutee B r\u00e9unis pour la cause, ou encore S\u00e9bastien Chabal venu apporter son soutien dans le video-clip du collectif \u00ab If \u00bb, o\u00f9 il va se livrer \u00e0 deux batailles allant crescendo en intensivit\u00e9, afin de \u00ab\u00a0shooter\u00a0\u00bb le virus du sida pour le d\u00e9truire. R\u00e9alis\u00e9 par Wanda, ce clip est un voyage dans le jardin d\u2019Eden dans lequel on suivra un oiseau fantastique repr\u00e9sentant l&rsquo;amour puis le sida lorsqu&rsquo;il se transformera en boule de feu.<\/div>\n<div><\/div>\n<div id=\"cke_pastebin\">Les fonds r\u00e9colt\u00e9s gr\u00e2ce \u00e0 cet album permettront de renforcer la pr\u00e9vention et le soutien aux populations les plus touch\u00e9es par le sida en France et dans le monde (<a rel=\"nofollow\" href=\"http:\/\/www.aides.org\/\">www.aides.org<\/a>).<\/div>\n<div><\/div>\n<div>\u00ab <em>25 ans de lutte acharn\u00e9e \u00e0 combattre une \u00e9pid\u00e9mie qui ne nous aura laiss\u00e9 aucun r\u00e9pit et qui continue \u00e0 frapper partout en France et dans le monde. 25 ans de souffrances mais aussi l\u2019addition de petites victoires envers et contre tous et tout, ou presque\u2026 c\u2019est l\u2019Union qui fait la force \u00bb<\/em>. Bruno Spire, Pr\u00e9sident de AIDES<\/div>\n<div><\/div>\n<div>\n<div>Retrouvez en exclusivit\u00e9 le clip int\u00e9gral du collect \u00ab\u00a0IF\u00a0\u00bb sur\u00a0<a rel=\"nofollow\" href=\"http:\/\/www.cactus-communication.com\/\" class=\"broken_link\">http:\/\/www.cactus-communication.com\/<\/a><\/div>\n<div><\/div>\n<div>L&rsquo;album sera dispo d\u00e8s le <strong>22 f\u00e9vrier 2010<\/strong>. <em>J&rsquo;ai h\u00e2te de l&rsquo;\u00e9couter !<\/em><\/div>\n<\/div>\n","protected":false},"excerpt":{"rendered":"<p>C\u2019est \u00e0 l\u2019occasion des 25 ans de lutte contre le sida dans le monde et \u00e9galement des 25 ans de AIDES, que l\u2019association a souhait\u00e9 r\u00e9unir \u00a0de nombreuses personnalit\u00e9s fran\u00e7aises et internationales autour de l\u2019Album \u00ab Message \u00bb \u00a0\u00e0 travers lequel chaque artiste a fait le choix d\u2019interpr\u00e9ter des titres \u00ab coup de c\u0153ur \u00bb<\/p>\n","protected":false},"author":1,"featured_media":0,"comment_status":"open","ping_status":"open","sticky":false,"template":"","format":"standard","meta":{"footnotes":""},"categories":[20,5],"tags":[],"class_list":["post-5259","post","type-post","status-publish","format-standard","hentry","category-buzz","category-cinema-musique-livres"],"_links":{"self":[{"href":"https:\/\/www.au-pays-des-merveilles.com\/blog\/wp-json\/wp\/v2\/posts\/5259","targetHints":{"allow":["GET"]}}],"collection":[{"href":"https:\/\/www.au-pays-des-merveilles.com\/blog\/wp-json\/wp\/v2\/posts"}],"about":[{"href":"https:\/\/www.au-pays-des-merveilles.com\/blog\/wp-json\/wp\/v2\/types\/post"}],"author":[{"embeddable":true,"href":"https:\/\/www.au-pays-des-merveilles.com\/blog\/wp-json\/wp\/v2\/users\/1"}],"replies":[{"embeddable":true,"href":"https:\/\/www.au-pays-des-merveilles.com\/blog\/wp-json\/wp\/v2\/comments?post=5259"}],"version-history":[{"count":0,"href":"https:\/\/www.au-pays-des-merveilles.com\/blog\/wp-json\/wp\/v2\/posts\/5259\/revisions"}],"wp:attachment":[{"href":"https:\/\/www.au-pays-des-merveilles.com\/blog\/wp-json\/wp\/v2\/media?parent=5259"}],"wp:term":[{"taxonomy":"category","embeddable":true,"href":"https:\/\/www.au-pays-des-merveilles.com\/blog\/wp-json\/wp\/v2\/categories?post=5259"},{"taxonomy":"post_tag","embeddable":true,"href":"https:\/\/www.au-pays-des-merveilles.com\/blog\/wp-json\/wp\/v2\/tags?post=5259"}],"curies":[{"name":"wp","href":"https:\/\/api.w.org\/{rel}","templated":true}]}}