{"id":5262,"date":"2010-02-20T06:02:05","date_gmt":"2010-02-20T05:02:05","guid":{"rendered":"http:\/\/www.au-pays-des-merveilles.com\/blog\/?p=5262"},"modified":"2019-03-22T17:17:39","modified_gmt":"2019-03-22T15:17:39","slug":"pour-le-gouter-les-macarons-au-chocolat-alsa","status":"publish","type":"post","link":"https:\/\/www.au-pays-des-merveilles.com\/blog\/2010\/02\/20\/pour-le-gouter-les-macarons-au-chocolat-alsa\/","title":{"rendered":"Pour le go\u00fbter : les macarons au chocolat Alsa"},"content":{"rendered":"<p><em><a rel=\"nofollow noopener noreferrer\" href=\"..\/\" target=\"_blank\"><em>Article sponsoris\u00e9<\/em><\/a><\/em><\/p>\n<p style=\"text-align: center;\"><a href=\"https:\/\/www.au-pays-des-merveilles.com\/blog\/wp-content\/uploads\/2010\/02\/IMG_9004.jpg\"><img loading=\"lazy\" decoding=\"async\" class=\"size-large wp-image-5263 aligncenter\" title=\"IMG_9004\" src=\"https:\/\/www.au-pays-des-merveilles.com\/blog\/wp-content\/uploads\/2010\/02\/IMG_9004-1024x682.jpg\" alt=\"\" width=\"500\" height=\"334\" \/><\/a><\/p>\n<p>Tiens \u00e7a faisait un moment que je n&rsquo;avais propos\u00e9 une id\u00e9e de go\u00fbter ! Bon certes, celle-ci n&rsquo;est pas tr\u00e8s wet wet mais on peut faire une petite exception pour les macarons non ?! <img src=\"https:\/\/www.au-pays-des-merveilles.com\/blog\/wp-includes\/images\/smilies\/1.gif\" alt=\":)\" class=\"wp-smiley\" style=\"height: 1em; max-height: 1em;\" \/>\u00a0 Jusqu\u2019alors r\u00e9serv\u00e9s aux grands P\u00e2tissiers, les Macarons au Chocolat deviennent enfin accessibles aux plus novices gr\u00e2ce \u00e0 Alsa. Croquantes \u00e0 l\u2019ext\u00e9rieur et moelleuses \u00e0 l\u2019int\u00e9rieur, ces petites douceurs sucr\u00e9es s\u00e9duisent d\u00e8s la premi\u00e8re bouch\u00e9e.<\/p>\n<p> C&rsquo;est tout beau, tout chaud, Alsa lance l&rsquo;innovation de la pr\u00e9paration pour macarons au chocolat noir 58% de cacao. Pour faire 12 macarons, il suffit d&rsquo;ajouter 2 blancs d\u2019\u0153ufs et 100ml de lait. Ca se pr\u00e9pare en 15 minutes et \u00e7a cuit en 35 minutes selon votre four. Bref, il faut moins d&rsquo;une heure pour concocter ces petits biscuits. C&rsquo;est tr\u00e8s facile \u00e0 faire. Le seul truc c&rsquo;est que moi j&rsquo;avais d\u00e9j\u00e0 essay\u00e9 et je n&rsquo;arrive toujours pas \u00e0 faire de jolis macarons tous ronds. Alors il me semble qu&rsquo;il existe des gabarits pour que les macarons soient bien form\u00e9s sur la plaque mais l\u00e0 je ne les avais pas sous la main et j&rsquo;ai encore des macarons qui ne sont pas comme sur la photo ! Remarquez, on voit bien qu&rsquo;ils sont fait maison ! <img src=\"https:\/\/www.au-pays-des-merveilles.com\/blog\/wp-includes\/images\/smilies\/3.gif\" alt=\";)\" class=\"wp-smiley\" style=\"height: 1em; max-height: 1em;\" \/><\/p>\n<p>Toujours est il qu&rsquo;ils se mangent tr\u00e8s tr\u00e8s bien ! Ils sont croquants \u00e0 l&rsquo;ext\u00e9rieur et moelleux \u00e0 l&rsquo;int\u00e9rieur. On sent bien le bon go\u00fbt de chocolat noir. Ils sont sans colorants et sans conservateurs. Je les ai accompagn\u00e9 d&rsquo;une petite compote pomme-poire faite maison (oui oui !), c&rsquo;est un vrai d\u00e9lice !<\/p>\n<p>Depuis plus de 100 ans, Alsa est la marque partenaire de toutes les recettes faites-maison. Aujourd\u2019hui, Alsa est bien plus qu\u2019un simple fabricant de desserts \u00e0 pr\u00e9parer et de levures. C\u2019est avant tout une marque de partage et de tradition.<\/p>\n<p>Toujours en qu\u00eate d\u2019innovation, sa mission est d\u2019apporter aux consommateurs des solutions pour r\u00e9aliser facilement de v\u00e9ritables desserts FAIT-MAISON. Alsa, c\u2019est aussi la garantie de desserts inratables et d\u00e9licieux gr\u00e2ce \u00e0 l\u2019excellente qualit\u00e9 de ses ingr\u00e9dients.<\/p>\n<p style=\"text-align: center;\"><a href=\"https:\/\/www.au-pays-des-merveilles.com\/blog\/wp-content\/uploads\/2010\/02\/IMG_9038.jpg\"><img loading=\"lazy\" decoding=\"async\" class=\"size-large wp-image-5264 aligncenter\" title=\"IMG_9038\" src=\"https:\/\/www.au-pays-des-merveilles.com\/blog\/wp-content\/uploads\/2010\/02\/IMG_9038-1024x682.jpg\" alt=\"\" width=\"500\" height=\"333\" \/><\/a><\/p>\n<p>Et ce n&rsquo;est pas tout, Alsa innove avec d&rsquo;autres pr\u00e9parations gourmandes comme :<\/p>\n<p>&#8211;\u00a0\u00a0\u00a0 Le Fondant saveur Caramel Beurre Sal\u00e9<\/p>\n<p>&#8211;\u00a0\u00a0\u00a0 Les Rochers Coco<\/p>\n<p>&#8211;\u00a0\u00a0\u00a0 Le Pain d\u2019\u00e9pices de Mamie<\/p>\n<p>&#8211;\u00a0\u00a0\u00a0 Le G\u00e2teau Basque de Mamie<\/p>\n<p>&#8211;\u00a0\u00a0\u00a0 Le G\u00e2teau Breton de Mamie<\/p>\n<p>&#8211;\u00a0\u00a0\u00a0 La Levure de boulangerie Action Express<\/p>\n<p style=\"text-align: center;\"><a href=\"https:\/\/www.au-pays-des-merveilles.com\/blog\/wp-content\/uploads\/2010\/02\/alsa.jpg\"><img loading=\"lazy\" decoding=\"async\" class=\"size-full wp-image-5265 aligncenter\" title=\"alsa\" src=\"https:\/\/www.au-pays-des-merveilles.com\/blog\/wp-content\/uploads\/2010\/02\/alsa.jpg\" alt=\"\" width=\"499\" height=\"123\" \/><\/a><\/p>\n<p>Si vous aussi, vous souhaitez tester les pr\u00e9parations faites maison Alsa, vous pouvez<strong> gagner des paquets sur les blogs suivants :<\/strong><\/p>\n<table style=\"border-collapse: collapse; height: 141px;\" border=\"0\" cellspacing=\"0\" cellpadding=\"0\" width=\"479\">\n<tbody>\n<tr style=\"height: 15pt;\" height=\"20\">\n<td class=\"xl76\" style=\"height: 15pt; width: 128pt;\" width=\"171\" height=\"20\">Papilles et Pupilles<\/td>\n<td class=\"xl77\" style=\"border-left: medium none; width: 212pt;\" width=\"282\">http:\/\/www.papillesetpupilles.fr<\/td>\n<\/tr>\n<tr style=\"height: 15pt;\" height=\"20\">\n<td class=\"xl78\" style=\"border-top: medium none; height: 15pt;\" height=\"20\">Mes Petits Bonheurs<\/td>\n<td class=\"xl79\" style=\"border-top: medium none; border-left: medium none;\">http:\/\/www.mespetitsbonheurs.com<\/td>\n<\/tr>\n<tr style=\"height: 15pt;\" height=\"20\">\n<td class=\"xl80\" style=\"border-top: medium none; height: 15pt;\" height=\"20\">Ma p&rsquo;tite cuisine<\/td>\n<td class=\"xl81\" style=\"border-top: medium none; border-left: medium none;\">http:\/\/www.audreycuisine.canalblog.com<\/td>\n<\/tr>\n<tr style=\"height: 15pt;\" height=\"20\">\n<td class=\"xl82\" style=\"border-top: medium none; height: 15pt;\" height=\"20\">sois belle et parle<\/td>\n<td class=\"xl83\" style=\"border-top: medium none; border-left: medium none;\">http:\/\/soisbelleetparle.fr<\/td>\n<\/tr>\n<tr style=\"height: 15pt;\" height=\"20\">\n<td class=\"xl84\" style=\"border-top: medium none; height: 15pt;\" height=\"20\">Cuisiner &#8230; tout simplement<\/td>\n<td class=\"xl85\" style=\"border-top: medium none; border-left: medium none;\">http:\/\/recettesnath.over-blog.com\/<\/td>\n<\/tr>\n<tr style=\"height: 15pt;\" height=\"20\">\n<td class=\"xl86\" style=\"border-top: medium none; height: 15pt;\" height=\"20\">ok ce bon<\/td>\n<td class=\"xl87\" style=\"border-top: medium none; border-left: medium none;\">http:\/\/okcebon.over-blog.com\/<\/td>\n<\/tr>\n<tr style=\"height: 15pt;\" height=\"20\">\n<td class=\"xl88\" style=\"border-top: medium none; height: 15pt;\" height=\"20\">chefNini<\/td>\n<td class=\"xl89\" style=\"border-top: medium none; border-left: medium none;\">http:\/\/www.chefnini.com<\/td>\n<\/tr>\n<\/tbody>\n<\/table>\n<p>Pour info, le prix d&rsquo;un paquet est \u00e0 environ 4,20 \u20ac &#8230; pas de quoi se priver pour le go\u00fbter ! <img src=\"https:\/\/www.au-pays-des-merveilles.com\/blog\/wp-includes\/images\/smilies\/3.gif\" alt=\";)\" class=\"wp-smiley\" style=\"height: 1em; max-height: 1em;\" \/><\/p>\n<p><em><\/p>\n<p><\/em><\/p>\n","protected":false},"excerpt":{"rendered":"<p>Article sponsoris\u00e9 Tiens \u00e7a faisait un moment que je n&rsquo;avais propos\u00e9 une id\u00e9e de go\u00fbter ! Bon certes, celle-ci n&rsquo;est pas tr\u00e8s wet wet mais on peut faire une petite exception pour les macarons non ?! \u00a0 Jusqu\u2019alors r\u00e9serv\u00e9s aux grands P\u00e2tissiers, les Macarons au Chocolat deviennent enfin accessibles aux plus novices gr\u00e2ce \u00e0 Alsa.<\/p>\n","protected":false},"author":1,"featured_media":0,"comment_status":"open","ping_status":"open","sticky":false,"template":"","format":"standard","meta":{"footnotes":""},"categories":[20],"tags":[],"class_list":["post-5262","post","type-post","status-publish","format-standard","hentry","category-buzz"],"_links":{"self":[{"href":"https:\/\/www.au-pays-des-merveilles.com\/blog\/wp-json\/wp\/v2\/posts\/5262","targetHints":{"allow":["GET"]}}],"collection":[{"href":"https:\/\/www.au-pays-des-merveilles.com\/blog\/wp-json\/wp\/v2\/posts"}],"about":[{"href":"https:\/\/www.au-pays-des-merveilles.com\/blog\/wp-json\/wp\/v2\/types\/post"}],"author":[{"embeddable":true,"href":"https:\/\/www.au-pays-des-merveilles.com\/blog\/wp-json\/wp\/v2\/users\/1"}],"replies":[{"embeddable":true,"href":"https:\/\/www.au-pays-des-merveilles.com\/blog\/wp-json\/wp\/v2\/comments?post=5262"}],"version-history":[{"count":0,"href":"https:\/\/www.au-pays-des-merveilles.com\/blog\/wp-json\/wp\/v2\/posts\/5262\/revisions"}],"wp:attachment":[{"href":"https:\/\/www.au-pays-des-merveilles.com\/blog\/wp-json\/wp\/v2\/media?parent=5262"}],"wp:term":[{"taxonomy":"category","embeddable":true,"href":"https:\/\/www.au-pays-des-merveilles.com\/blog\/wp-json\/wp\/v2\/categories?post=5262"},{"taxonomy":"post_tag","embeddable":true,"href":"https:\/\/www.au-pays-des-merveilles.com\/blog\/wp-json\/wp\/v2\/tags?post=5262"}],"curies":[{"name":"wp","href":"https:\/\/api.w.org\/{rel}","templated":true}]}}