{"id":5270,"date":"2010-02-23T06:32:07","date_gmt":"2010-02-23T05:32:07","guid":{"rendered":"http:\/\/www.au-pays-des-merveilles.com\/blog\/?p=5270"},"modified":"2019-03-22T17:17:39","modified_gmt":"2019-03-22T15:17:39","slug":"contre-les-1res-rides-on-commence-aujourdhui-avec-svr","status":"publish","type":"post","link":"https:\/\/www.au-pays-des-merveilles.com\/blog\/2010\/02\/23\/contre-les-1res-rides-on-commence-aujourdhui-avec-svr\/","title":{"rendered":"Contre les 1\u00e8res rides, on commence aujourd\u2019hui avec SVR !"},"content":{"rendered":"<p><img loading=\"lazy\" decoding=\"async\" style=\"display: block; float: none; margin-left: auto; margin-right: auto; border: 0px;\" title=\"image\" src=\"https:\/\/www.au-pays-des-merveilles.com\/blog\/wp-content\/uploads\/2010\/02\/image_thumb31.png\" border=\"0\" alt=\"image\" width=\"454\" height=\"304\" \/><\/p>\n<p>A partir de quel \u00e2ge peut on prot\u00e9ger sa peau et lutter contre les premi\u00e8res rides ? \u2026 non pas quand on sera vieille mais d\u00e8s 25 ans mesdames ! Certaines commencent m\u00eame avant ! J\u2019avoue que je ne suis pas encore pos\u00e9e la question parce que j\u2019utilise plus des soins pour peau s\u00e8che ou peau mixte histoire de venir \u00e0 bout des petits boutons (merci le Nutella !) \u2026 donc les rides voyez, c\u2019\u00e9tait pas ma pr\u00e9occupation premi\u00e8re !<\/p>\n<p>Mais en fait, de plus en plus, je vois que se pointent de magnifiques cernes et des petites rides d\u2019expression autour des yeux, enfin bref ma peau est fatigu\u00e9e, stress\u00e9e et manque d\u2019\u00e9clat. Et bien \u00e7a madame, ce sont les premiers signes de l\u2019\u00e2ge. Je l\u2019ai compris grace aux explications lors de la soir\u00e9e <a rel=\"nofollow\" href=\"http:\/\/www.labo-svr.com\">SVR<\/a> et aux produits Chronolys.<\/p>\n<p>Grace \u00e0 l\u2019acide hyaluronique (qui lisse les rides, hydrate et isole et prot\u00e8ge des agressions externes), \u00e0 l\u2019extrait de melon (qui renforce les d\u00e9fenses de la peau face \u00e0 l\u2019agression\u00a0 des radicaux libres primaires) et l\u2019extrait d\u2019hibiscus (qui prot\u00e8ge les fibres de collag\u00e8ne et l\u2019\u00e9lastine de l\u2019agression des radicaux libres secondaires), la gamme Chronolys vient \u00e0 bout des premi\u00e8res rides.<\/p>\n<p><img loading=\"lazy\" decoding=\"async\" style=\"display: block; float: none; margin-left: auto; margin-right: auto; border: 0px;\" title=\"image\" src=\"https:\/\/www.au-pays-des-merveilles.com\/blog\/wp-content\/uploads\/2010\/02\/image34.png\" border=\"0\" alt=\"image\" width=\"274\" height=\"385\" \/><\/p>\n<p>La gamme, adapt\u00e9e aux 25-35 ans, se compose de 3 produits : une cr\u00e8me, une cr\u00e8me bonne mine SPF 15, un contour des yeux.\u00a0 L\u2019efficacit\u00e9 anti rides est d\u00e9montr\u00e9e d\u00e8s 28 jours !<\/p>\n<p><span style=\"color: #ff8080;\">CHRONOLYS 1\u00e8res rides cr\u00e8me : soin \u00e9nergisant<\/span><\/p>\n<p>Cette cr\u00e8me est une v\u00e9ritable source d&rsquo;\u00e9nergie pour les peaux d\u00e9shydrat\u00e9es, stress\u00e9es et fatigu\u00e9es qui manquent d&rsquo;\u00e9clat. De jour comme de nuit, cette fine \u00e9mulsion velout\u00e9e renforce l&rsquo;\u00e9nergie cellulaire, lisse les rides et les ridules. Les 1ers signes de l&rsquo;\u00e2ge et de fatigue se r\u00e9duisent. Parfaitement hydrat\u00e9e, la peau retrouve son tonus et son \u00e9clat.<\/p>\n<p>Conseils d&rsquo;utilisation : appliquer le matin et\/ou soir sur le visage et le cou parfaitement nettoy\u00e9s.<\/p>\n<p><em>Non com\u00e9dog\u00e8ne et sans paraben.<br \/>\nFlacon de 30ml.<br \/>\nPrix public indicatif : 21,90\u20ac &#8211; 26 \u20ac<\/em><\/p>\n<p><span style=\"color: #ff8080;\">CHRONOLYS 1\u00e8res rides cr\u00e8me \u00ab\u00a0Bonne Mine\u00a0\u00bb : soin \u00e9clat SPF15<\/span><\/p>\n<p>Cette cr\u00e8me velout\u00e9e est enrichie en micro-nacres cuivr\u00e9es et offre ainsi un bel effet bonne mine naturel aux teints ternes, la peau resplendit. L&rsquo;indice de protection SPF 15 prot\u00e8ge la peau des radicaux libres et des effets n\u00e9fastes des UVA et des UVB quotidiens.<\/p>\n<p>Conseils d&rsquo;utilisation : appliquer le matin sur le visage et le cou parfaitement nettoy\u00e9s.<\/p>\n<p><em>Non com\u00e9dog\u00e8ne et sans paraben. Non teint\u00e9e.<br \/>\nFlacon de 30ml.<br \/>\nPrix public indicatif : 28,90\u20ac &#8211; 27 \u20ac<\/em><\/p>\n<p><span style=\"color: #ff8080;\">CHRONOLYS 1\u00e8res rides Contour des yeux : anti-rides, anti-poches, 1ers signes de fatigue<\/span><\/p>\n<p>Cette \u00e9mulsion ultrafine au toucher doux lisse les rides et ridules et pr\u00e9vient leur apparition. Atout suppl\u00e9mentaire : son complexe naturel favorisant la microcirculation qui pr\u00e9vient et r\u00e9duit les poches et les cernes.<\/p>\n<p>Conseils d&rsquo;utilisation : appliquer sur le contour de l&rsquo;\u0153il en l\u00e9gers massages et tapoter doucement pour faire p\u00e9n\u00e9trer le soin.<\/p>\n<p><em>Sans paraben.<br \/>\nTube de 15ml.<br \/>\nPrix public indicatif : 14,90\u20ac &#8211; 18 \u20ac<\/em><\/p>\n<p>Tous ces produits sont en vente en pharmacie et parapharmacie. En ce moment, j\u2019utilise essentiellement la cr\u00e8me bonne mine qui rend la peau un peu iris\u00e9e et surtout le contour des yeux. Je crois que c\u2019est devenu vraiment un indispensable histoire de ne plus voir ces affreuses cernes ! Le seul reproche que j\u2019ai \u00e0 faire c\u2019est au niveau du parfum, je ne suis pas fan mais elle ne reste pas donc on l\u2019oublie vite ! Et j\u2019avais peur que la cr\u00e8me soit trop grasse, finalement elle est bien absorb\u00e9e et rend la peau plus lumineuse. Elle est pr\u00eate \u00e0 recevoir son make-up quotidien !<\/p>\n<p>Et vous, vous luttez contre les premiers signes de l\u2019\u00e2ge ?<\/p>\n<p style=\"text-align: right;\"><em>Merci SVR !<\/em><\/p>\n","protected":false},"excerpt":{"rendered":"<p>A partir de quel \u00e2ge peut on prot\u00e9ger sa peau et lutter contre les premi\u00e8res rides ? \u2026 non pas quand on sera vieille mais d\u00e8s 25 ans mesdames ! Certaines commencent m\u00eame avant ! J\u2019avoue que je ne suis pas encore pos\u00e9e la question parce que j\u2019utilise plus des soins pour peau s\u00e8che ou<\/p>\n","protected":false},"author":1,"featured_media":0,"comment_status":"open","ping_status":"open","sticky":false,"template":"","format":"standard","meta":{"footnotes":""},"categories":[6],"tags":[],"class_list":["post-5270","post","type-post","status-publish","format-standard","hentry","category-beautiful-girl"],"_links":{"self":[{"href":"https:\/\/www.au-pays-des-merveilles.com\/blog\/wp-json\/wp\/v2\/posts\/5270","targetHints":{"allow":["GET"]}}],"collection":[{"href":"https:\/\/www.au-pays-des-merveilles.com\/blog\/wp-json\/wp\/v2\/posts"}],"about":[{"href":"https:\/\/www.au-pays-des-merveilles.com\/blog\/wp-json\/wp\/v2\/types\/post"}],"author":[{"embeddable":true,"href":"https:\/\/www.au-pays-des-merveilles.com\/blog\/wp-json\/wp\/v2\/users\/1"}],"replies":[{"embeddable":true,"href":"https:\/\/www.au-pays-des-merveilles.com\/blog\/wp-json\/wp\/v2\/comments?post=5270"}],"version-history":[{"count":0,"href":"https:\/\/www.au-pays-des-merveilles.com\/blog\/wp-json\/wp\/v2\/posts\/5270\/revisions"}],"wp:attachment":[{"href":"https:\/\/www.au-pays-des-merveilles.com\/blog\/wp-json\/wp\/v2\/media?parent=5270"}],"wp:term":[{"taxonomy":"category","embeddable":true,"href":"https:\/\/www.au-pays-des-merveilles.com\/blog\/wp-json\/wp\/v2\/categories?post=5270"},{"taxonomy":"post_tag","embeddable":true,"href":"https:\/\/www.au-pays-des-merveilles.com\/blog\/wp-json\/wp\/v2\/tags?post=5270"}],"curies":[{"name":"wp","href":"https:\/\/api.w.org\/{rel}","templated":true}]}}