{"id":529,"date":"2008-04-10T07:00:03","date_gmt":"2008-04-10T05:00:03","guid":{"rendered":"http:\/\/www.au-pays-des-merveilles.com\/blog\/?p=529"},"modified":"2019-04-28T12:18:58","modified_gmt":"2019-04-28T10:18:58","slug":"mon-coeur-tilda","status":"publish","type":"post","link":"https:\/\/www.au-pays-des-merveilles.com\/blog\/2008\/04\/10\/mon-coeur-tilda\/","title":{"rendered":"Mon coeur Tilda"},"content":{"rendered":"<p style=\"text-align: center;\"><a href=\"https:\/\/www.au-pays-des-merveilles.com\/blog\/wp-content\/uploads\/2008\/04\/coeur-tilda-by-miss-giny-page-0.jpg\"><img loading=\"lazy\" decoding=\"async\" style=\"border-right: 0px; border-top: 0px; border-left: 0px; border-bottom: 0px\" src=\"https:\/\/www.au-pays-des-merveilles.com\/blog\/wp-content\/uploads\/2008\/04\/coeur-tilda-by-miss-giny-page-0-thumb.jpg\" border=\"0\" alt=\"Coeur_Tilda_by_Miss_Giny_Page_0\" width=\"464\" height=\"310\" \/><\/a><\/p>\n<p>Le week-end dernier j&rsquo;ai continu\u00e9 mon ange Tilda &#8230; ce ne fut pas sans peine &#8230; j&rsquo;ai fait le deuxi\u00e8me bras mais je le trouve beaucoup moins r\u00e9ussi que le premier ! Ma MAC express a compl\u00e9tement merd\u00e9 ! En fait je crois qu&rsquo;il faut vraiment que j&rsquo;investisse dans une \u00ab\u00a0vraie\u00a0\u00bb machine \u00e0 coudre ! Ca m&rsquo;a un peu saoul\u00e9 du coup j&rsquo;ai fait un coeur avec le tissu achet\u00e9 lors de mon escapade la semaine derni\u00e8re au march\u00e9 Saint Pierre ! Il est tr\u00e8s simple mais je le trouve super joli (oui je me fais des compliments !!). Je pense que je vais le mettre dans ma petite boutique.<\/p>\n<p>Et au fil des mes lectures bloguesques, j&rsquo;ai d\u00e9couvert un nouveau forum super mimi sur ces merveilleuses cr\u00e9as : la petite maison de Tilda. Je le conseille \u00e0 toutes les passionn\u00e9es de Tilda. Les filles sont tr\u00e8s sympas et on y observe de jolies choses !<\/p>\n<p style=\"text-align: center;\"><img loading=\"lazy\" decoding=\"async\" style=\"border: 0px;\" src=\"https:\/\/www.au-pays-des-merveilles.com\/blog\/wp-content\/uploads\/2008\/04\/pttebanniere1yw4.jpg\" border=\"0\" alt=\"pttebanniere1yw4\" width=\"150\" height=\"78\" \/><\/p>\n<p>Aussit\u00f4t arriv\u00e9e, je me suis inscrite \u00e0 un \u00e9change de coeur Tilda. Ca faisait bien longtemps que je n&rsquo;avais pas fait de swap. J&rsquo;esp\u00e8re \u00eatre \u00e0 la hauteur ! A suivre &#8230;<\/p>\n<p style=\"text-align: center;\">******<\/p>\n<p style=\"text-align: center;\"><span style=\"text-decoration: underline;\">Petit bonheur du jour<\/span> : j&rsquo;ai hallucin\u00e9 quand j&rsquo;ai vu mes stats suite au post de la Wi filles !! J&rsquo;aimerai bien qu&rsquo;il en soit de m\u00eame pour\u00a0une chose beaucoup plus importante que toutes ces conneries : le livre \u00ab\u00a0Coeur de Blogueurs\u00a0\u00bb\u00a0 afin de booster les ventes. Mais \u00e7a moi je maitrise pas &#8230; <img src=\"https:\/\/www.au-pays-des-merveilles.com\/blog\/wp-includes\/images\/smilies\/2.gif\" alt=\":(\" class=\"wp-smiley\" style=\"height: 1em; max-height: 1em;\" \/>\u00a0 <em>A croire qu&rsquo;il n&rsquo;y a que les billets\u00a0\u00e0 pol\u00e9miques qui int\u00e9ressent les gens &#8230; <\/em><\/p>\n<p style=\"text-align: center;\"><em>******<\/em><\/p>\n<p style=\"text-align: center;\">Sinon, tonight, <strong>soir\u00e9e ELLE\/MANGO<\/strong> : rendez vous \u00e0 l&rsquo;ouverture devant la boutique (19h30). J&rsquo;esp\u00e8re pouvoir arriver m\u00eame avant, mais vu que je suis de permanence aujourd&rsquo;hui, rien n&rsquo;est s\u00fbr.\u00a0Mailez moi\u00a0 pour s&rsquo;\u00e9changer les num\u00e9ros if u want &#8230; See u !\u00a0 <img src=\"https:\/\/www.au-pays-des-merveilles.com\/blog\/wp-includes\/images\/smilies\/7.gif\" alt=\"(yes)\" class=\"wp-smiley\" style=\"height: 1em; max-height: 1em;\" \/><\/p>\n","protected":false},"excerpt":{"rendered":"<p>Le week-end dernier j&rsquo;ai continu\u00e9 mon ange Tilda &#8230; ce ne fut pas sans peine &#8230; j&rsquo;ai fait le deuxi\u00e8me bras mais je le trouve beaucoup moins r\u00e9ussi que le premier ! Ma MAC express a compl\u00e9tement merd\u00e9 ! En fait je crois qu&rsquo;il faut vraiment que j&rsquo;investisse dans une \u00ab\u00a0vraie\u00a0\u00bb machine \u00e0 coudre !<\/p>\n","protected":false},"author":1,"featured_media":0,"comment_status":"open","ping_status":"open","sticky":false,"template":"","format":"standard","meta":{"footnotes":""},"categories":[8],"tags":[],"class_list":["post-529","post","type-post","status-publish","format-standard","hentry","category-jolies-choses"],"_links":{"self":[{"href":"https:\/\/www.au-pays-des-merveilles.com\/blog\/wp-json\/wp\/v2\/posts\/529","targetHints":{"allow":["GET"]}}],"collection":[{"href":"https:\/\/www.au-pays-des-merveilles.com\/blog\/wp-json\/wp\/v2\/posts"}],"about":[{"href":"https:\/\/www.au-pays-des-merveilles.com\/blog\/wp-json\/wp\/v2\/types\/post"}],"author":[{"embeddable":true,"href":"https:\/\/www.au-pays-des-merveilles.com\/blog\/wp-json\/wp\/v2\/users\/1"}],"replies":[{"embeddable":true,"href":"https:\/\/www.au-pays-des-merveilles.com\/blog\/wp-json\/wp\/v2\/comments?post=529"}],"version-history":[{"count":0,"href":"https:\/\/www.au-pays-des-merveilles.com\/blog\/wp-json\/wp\/v2\/posts\/529\/revisions"}],"wp:attachment":[{"href":"https:\/\/www.au-pays-des-merveilles.com\/blog\/wp-json\/wp\/v2\/media?parent=529"}],"wp:term":[{"taxonomy":"category","embeddable":true,"href":"https:\/\/www.au-pays-des-merveilles.com\/blog\/wp-json\/wp\/v2\/categories?post=529"},{"taxonomy":"post_tag","embeddable":true,"href":"https:\/\/www.au-pays-des-merveilles.com\/blog\/wp-json\/wp\/v2\/tags?post=529"}],"curies":[{"name":"wp","href":"https:\/\/api.w.org\/{rel}","templated":true}]}}