{"id":5338,"date":"2010-03-14T17:12:38","date_gmt":"2010-03-14T16:12:38","guid":{"rendered":"http:\/\/www.au-pays-des-merveilles.com\/blog\/?p=5338"},"modified":"2019-03-22T17:17:39","modified_gmt":"2019-03-22T15:17:39","slug":"le-temps","status":"publish","type":"post","link":"https:\/\/www.au-pays-des-merveilles.com\/blog\/2010\/03\/14\/le-temps\/","title":{"rendered":"Le temps &hellip;"},"content":{"rendered":"<p style=\"text-align: justify;\"><a href=\"https:\/\/www.au-pays-des-merveilles.com\/blog\/wp-content\/uploads\/2010\/03\/image.png\"><img loading=\"lazy\" decoding=\"async\" style=\"display: inline; margin-left: 0px; margin-right: 0px; border: 0px;\" title=\"image\" src=\"https:\/\/www.au-pays-des-merveilles.com\/blog\/wp-content\/uploads\/2010\/03\/image_thumb.png\" border=\"0\" alt=\"image\" width=\"264\" height=\"394\" align=\"left\" \/><\/a> Il m\u2019en manque justement ! Voil\u00e0, nous avons emm\u00e9nag\u00e9. Nous sommes sortis des cartons et nous avons repris depuis une semaine, et bien je peux vous dire que c\u2019est pas facile de prendre le rythme. Le trajet home-job est plus long donc je rentre plus tard le soir et je vous avouerais que j\u2019ai beaucoup de mal \u00e0 me mettre sur le PC pour \u00e9crire mes petites histoires ici ! Je me suis demand\u00e9e un moment si je n\u2019allais pas fermer le blog. Oui vraiment. A croire que c\u2019est \u201c\u00e0 la mode\u201d d\u2019ailleurs parce que j\u2019ai lu sur quelques blogs la m\u00eame chose. J\u2019en ai m\u00eame vu les fermer. Se lasserait on de la blogosph\u00e8re ? Je ne sais pas. D\u00e9\u00e7ue ? pour moi oui, mais \u00e7a, \u00e7a existe aussi dans la vie \u201cr\u00e9elle\u201d. Je me suis rendue compte que je m\u2019\u00e9tais trop investie dans cette vie \u201cvirtuelle\u201d : les soir\u00e9es, les op\u00e9s, facebook, twitter,\u00a0 les amiti\u00e9s \u2026 et je me suis cass\u00e9e les dents ! Donc j\u2019ai d\u00e9cid\u00e9 de passer \u00e0 autre chose. J\u2019ai d\u00e9j\u00e0 perdu trop de temps. Il est difficile, et je suis sinc\u00e8re, de concilier vie priv\u00e9e, vie professionnelle et blog \u00e0 jour. A un moment donn\u00e9 il faut faire un choix. Alors non je ne vais pas fermer mon blog parce qu\u2019il m\u2019a quand m\u00eame beaucoup apport\u00e9 (<em>et d\u2019ailleurs je ne vais pas vous mentir, merci la pub et les articles sponsos parce qu\u2019ils ont pay\u00e9 une partie des meubles qui ornent mon appart aujourd\u2019hui<\/em> !) mais juste que je vais y passer beaucoup moins de temps parce que j\u2019ai envie de passer \u00e0 autre chose. Je ne veux plus \u00eatre esclave de ce blog. Il n\u2019y a pas d\u2019article cette semaine et bien tant pis. Je ne suis pas journaliste, juste blogueuse. J\u2019ai envie que mon blog reste un plaisir et non une contrainte. Je vais donc prendre du temps \u2026 pour mes proches et moi. Toujours est il que je vous remercie de me lire et de me laisser des commentaires, \u00e7a me fait toujours chaud au coeur et c\u2019est bien aussi pour \u00e7a que je continue.<\/p>\n<p style=\"text-align: justify;\">To be continued \u2026<\/p>\n","protected":false},"excerpt":{"rendered":"<p>Il m\u2019en manque justement ! Voil\u00e0, nous avons emm\u00e9nag\u00e9. Nous sommes sortis des cartons et nous avons repris depuis une semaine, et bien je peux vous dire que c\u2019est pas facile de prendre le rythme. Le trajet home-job est plus long donc je rentre plus tard le soir et je vous avouerais que j\u2019ai beaucoup<\/p>\n","protected":false},"author":1,"featured_media":0,"comment_status":"open","ping_status":"open","sticky":false,"template":"","format":"standard","meta":{"footnotes":""},"categories":[4],"tags":[],"class_list":["post-5338","post","type-post","status-publish","format-standard","hentry","category-ma-vie-mon-oeuvre"],"_links":{"self":[{"href":"https:\/\/www.au-pays-des-merveilles.com\/blog\/wp-json\/wp\/v2\/posts\/5338","targetHints":{"allow":["GET"]}}],"collection":[{"href":"https:\/\/www.au-pays-des-merveilles.com\/blog\/wp-json\/wp\/v2\/posts"}],"about":[{"href":"https:\/\/www.au-pays-des-merveilles.com\/blog\/wp-json\/wp\/v2\/types\/post"}],"author":[{"embeddable":true,"href":"https:\/\/www.au-pays-des-merveilles.com\/blog\/wp-json\/wp\/v2\/users\/1"}],"replies":[{"embeddable":true,"href":"https:\/\/www.au-pays-des-merveilles.com\/blog\/wp-json\/wp\/v2\/comments?post=5338"}],"version-history":[{"count":0,"href":"https:\/\/www.au-pays-des-merveilles.com\/blog\/wp-json\/wp\/v2\/posts\/5338\/revisions"}],"wp:attachment":[{"href":"https:\/\/www.au-pays-des-merveilles.com\/blog\/wp-json\/wp\/v2\/media?parent=5338"}],"wp:term":[{"taxonomy":"category","embeddable":true,"href":"https:\/\/www.au-pays-des-merveilles.com\/blog\/wp-json\/wp\/v2\/categories?post=5338"},{"taxonomy":"post_tag","embeddable":true,"href":"https:\/\/www.au-pays-des-merveilles.com\/blog\/wp-json\/wp\/v2\/tags?post=5338"}],"curies":[{"name":"wp","href":"https:\/\/api.w.org\/{rel}","templated":true}]}}