{"id":5369,"date":"2010-03-24T11:59:22","date_gmt":"2010-03-24T10:59:22","guid":{"rendered":"http:\/\/www.au-pays-des-merveilles.com\/blog\/?p=5369"},"modified":"2019-03-22T17:17:39","modified_gmt":"2019-03-22T15:17:39","slug":"changement-de-dcor-2","status":"publish","type":"post","link":"https:\/\/www.au-pays-des-merveilles.com\/blog\/2010\/03\/24\/changement-de-dcor-2\/","title":{"rendered":"Changement de d&eacute;cor !"},"content":{"rendered":"<p style=\"text-align: justify;\"><a href=\"https:\/\/www.au-pays-des-merveilles.com\/blog\/wp-content\/uploads\/2010\/03\/iStock_000009444298XSmall.jpg\"><img loading=\"lazy\" decoding=\"async\" style=\"display: inline; margin-left: 0px; margin-right: 0px; border: 0px;\" title=\"iStock_000009444298XSmall\" src=\"https:\/\/www.au-pays-des-merveilles.com\/blog\/wp-content\/uploads\/2010\/03\/iStock_000009444298XSmall_thumb.jpg\" border=\"0\" alt=\"iStock_000009444298XSmall\" width=\"154\" height=\"188\" align=\"left\" \/><\/a> D\u00e9cid\u00e9ment, j\u2019ai envie de changements en ce moment ! Apr\u00e8s avoir chang\u00e9 d\u2019appart, je change de blog ! C\u2019est peut \u00eatre le printemps qui fait \u00e7a ! J\u2019en avais marre de mon pr\u00e9c\u00e9dent th\u00e8me. J\u2019\u00e9tais trop restreinte dans la largeur et l\u2019insertion de mes photos et je voulais quelque chose de plus lumineux et de plus clair. Cette fois, j\u2019ai tout fait toute seule parce qu\u2019il est difficile d\u2019expliquer \u00e0 quelqu\u2019un ce que l\u2019on veut vraiment en mati\u00e8re de template &amp; de d\u00e9co (surtout si c\u2019est dans une langue \u00e9trang\u00e8re !).\u00a0 Il y aura certainement encore quelques petits changements parce que je n\u2019ai pas tout fini. Mais de rester des heures sur le truc \u00e0 fignoler, je sature un peu voyez !<\/p>\n<p style=\"text-align: justify;\">J\u2019esp\u00e8re que le th\u00e8me vous plaira autant qu\u2019\u00e0 moi !<\/p>\n<p style=\"text-align: justify;\">A tr\u00e8s vite !<\/p>\n","protected":false},"excerpt":{"rendered":"<p>D\u00e9cid\u00e9ment, j\u2019ai envie de changements en ce moment ! Apr\u00e8s avoir chang\u00e9 d\u2019appart, je change de blog ! C\u2019est peut \u00eatre le printemps qui fait \u00e7a ! J\u2019en avais marre de mon pr\u00e9c\u00e9dent th\u00e8me. J\u2019\u00e9tais trop restreinte dans la largeur et l\u2019insertion de mes photos et je voulais quelque chose de plus lumineux et de<\/p>\n","protected":false},"author":1,"featured_media":0,"comment_status":"open","ping_status":"open","sticky":false,"template":"","format":"standard","meta":{"footnotes":""},"categories":[7,4],"tags":[],"class_list":["post-5369","post","type-post","status-publish","format-standard","hentry","category-geekeries","category-ma-vie-mon-oeuvre"],"_links":{"self":[{"href":"https:\/\/www.au-pays-des-merveilles.com\/blog\/wp-json\/wp\/v2\/posts\/5369","targetHints":{"allow":["GET"]}}],"collection":[{"href":"https:\/\/www.au-pays-des-merveilles.com\/blog\/wp-json\/wp\/v2\/posts"}],"about":[{"href":"https:\/\/www.au-pays-des-merveilles.com\/blog\/wp-json\/wp\/v2\/types\/post"}],"author":[{"embeddable":true,"href":"https:\/\/www.au-pays-des-merveilles.com\/blog\/wp-json\/wp\/v2\/users\/1"}],"replies":[{"embeddable":true,"href":"https:\/\/www.au-pays-des-merveilles.com\/blog\/wp-json\/wp\/v2\/comments?post=5369"}],"version-history":[{"count":0,"href":"https:\/\/www.au-pays-des-merveilles.com\/blog\/wp-json\/wp\/v2\/posts\/5369\/revisions"}],"wp:attachment":[{"href":"https:\/\/www.au-pays-des-merveilles.com\/blog\/wp-json\/wp\/v2\/media?parent=5369"}],"wp:term":[{"taxonomy":"category","embeddable":true,"href":"https:\/\/www.au-pays-des-merveilles.com\/blog\/wp-json\/wp\/v2\/categories?post=5369"},{"taxonomy":"post_tag","embeddable":true,"href":"https:\/\/www.au-pays-des-merveilles.com\/blog\/wp-json\/wp\/v2\/tags?post=5369"}],"curies":[{"name":"wp","href":"https:\/\/api.w.org\/{rel}","templated":true}]}}