{"id":5385,"date":"2010-03-29T06:40:05","date_gmt":"2010-03-29T05:40:05","guid":{"rendered":"http:\/\/www.au-pays-des-merveilles.com\/blog\/?p=5385"},"modified":"2019-03-22T17:17:39","modified_gmt":"2019-03-22T15:17:39","slug":"la-vie-dune-autre-de-frdrique-deghelt","status":"publish","type":"post","link":"https:\/\/www.au-pays-des-merveilles.com\/blog\/2010\/03\/29\/la-vie-dune-autre-de-frdrique-deghelt\/","title":{"rendered":"&ldquo;La vie d&rsquo;une autre&rdquo; de Fr&eacute;d&eacute;rique Deghelt"},"content":{"rendered":"<p><a href=\"https:\/\/www.au-pays-des-merveilles.com\/blog\/wp-content\/uploads\/2010\/03\/image8.png\"><img loading=\"lazy\" decoding=\"async\" style=\"display: inline; border: 0px;\" title=\"image\" src=\"https:\/\/www.au-pays-des-merveilles.com\/blog\/wp-content\/uploads\/2010\/03\/image_thumb8.png\" border=\"0\" alt=\"image\" width=\"171\" height=\"244\" \/><\/a> Bon alors j\u2019ai abandonn\u00e9 \u201c<strong>Le go\u00fbt des p\u00e9pins de pomme<\/strong>\u201d pour le moment parce que je m\u2019ennuyais fermement donc j\u2019ai d\u00e9cid\u00e9 de passer \u00e0 une autre lecture, en esp\u00e9rant que ce soit un peu plus vivant ! Bien m\u2019en a pris puisque je suis tomb\u00e9e sur \u201c<strong>La vie d\u2019une autre<\/strong>\u201d de <strong>Fr\u00e9d\u00e9rique Deghelt<\/strong>, un <strong>livre de poche<\/strong> bien plus pratique et moins lourd \u00e0 transporter dans le RER ! Je l\u2019ai lu rapidement aussi. Il n\u2019y a <strong>pas de chapitre<\/strong> (ou si deux je crois), et l\u2019auteur ne s\u2019emb\u00eate avec les guillemets lors des conversations entre les personnages puisqu\u2019il n\u2019y en a pas (un peu d\u00e9stabilisant par moment mais on s\u2019y fait !).\u00a0 <em>C\u2019est l\u2019histoire de Marie, 25 ans, qui, un soir de f\u00eate, a un coup de foudre pour le beau Pablo, nuit d&rsquo;amour et le lendemain&#8230; Elle se r\u00e9veille \u00e0 ses c\u00f4t\u00e9s, douze ans plus tard, mari\u00e9e, m\u00e8re de trois enfants, sans un seul souvenir de ces ann\u00e9es \u00e9coul\u00e9es. Comment faire pour donner le change \u00e0 son entourage ? Et comment retrouver sa propre vie ? C&rsquo;est avec une \u00e9nergie virevoltante et un optimisme rafra\u00eechissant que Fr\u00e9d\u00e9rique Deghelt a \u00e9crit ce roman sur l&rsquo;amour et le temps qui passe, sur les r\u00eaves des jeunes filles confront\u00e9s au quotidien et \u00e0 la force des choix qui d\u00e9terminent l&rsquo;existence<\/em>. Je me suis laiss\u00e9e <strong>happer par son histoire<\/strong> et j\u2019avais <strong>h\u00e2te de connaitre le d\u00e9nouement<\/strong>. Pourquoi cette femme, du jour au lendemain, perd la m\u00e9moire ? Je me demande si \u00e7a peut arriver ce genre de chose ! Vous vous rendez compte, demain je me r\u00e9veille, j\u2019ai 44 ans, mari\u00e9e et 3 enfants. Je ne reconnais plus mes enfants, ma famille, mes amis \u2026 la loose totale. Je ne pense pas que j\u2019aurais r\u00e9agi de la m\u00eame fa\u00e7on que l\u2019h\u00e9roine, ma foi ! Ok c\u2019est par moments, <strong>un peu \u00e0 \u201cl\u2019eau de rose\u201d<\/strong> mais en m\u00eame temps on se laisse vite prendre au jeu et on est <strong>captiv\u00e9 par son enqu\u00eate<\/strong> et ses d\u00e9couvertes quotidiennes. J\u2019\u00e9tais un peu <strong>d\u00e9\u00e7ue par la fin<\/strong>, je la trouve un peu trop rapide \u00e0 mon go\u00fbt et je ne sais pas, je m\u2019attendrais \u00e0 autre chose. C\u2019est dommage mais \u00e7a reste une <strong>agr\u00e9able lecture<\/strong>.<\/p>\n<p><span style=\"text-decoration: underline;\">Conclusion<\/span> : EXCELLENT \u2013 TRES BIEN \u2013 <span style=\"color: #ff8080;\">BIEN<\/span> \u2013 PASSABLE \u2013 NUL<\/p>\n<p>Allez hop, au <a rel=\"nofollow\" rel=\"nofollow noopener noreferrer\" href=\"http:\/\/www.amazon.fr\/Lombre-vent-Carlos-Ruiz-Zafon\/dp\/2253114863\/ref=wl_it_dp_o?ie=UTF8&amp;coliid=I3DWPD2ASNOIVY&amp;colid=2EAVKK81IDV8A\" target=\"_blank\">suivant<\/a> ! <img src=\"https:\/\/www.au-pays-des-merveilles.com\/blog\/wp-includes\/images\/smilies\/3.gif\" alt=\";)\" class=\"wp-smiley\" style=\"height: 1em; max-height: 1em;\" \/><\/p>\n","protected":false},"excerpt":{"rendered":"<p>Bon alors j\u2019ai abandonn\u00e9 \u201cLe go\u00fbt des p\u00e9pins de pomme\u201d pour le moment parce que je m\u2019ennuyais fermement donc j\u2019ai d\u00e9cid\u00e9 de passer \u00e0 une autre lecture, en esp\u00e9rant que ce soit un peu plus vivant ! Bien m\u2019en a pris puisque je suis tomb\u00e9e sur \u201cLa vie d\u2019une autre\u201d de Fr\u00e9d\u00e9rique Deghelt, un livre<\/p>\n","protected":false},"author":1,"featured_media":0,"comment_status":"open","ping_status":"open","sticky":false,"template":"","format":"standard","meta":{"footnotes":""},"categories":[5],"tags":[],"class_list":["post-5385","post","type-post","status-publish","format-standard","hentry","category-cinema-musique-livres"],"_links":{"self":[{"href":"https:\/\/www.au-pays-des-merveilles.com\/blog\/wp-json\/wp\/v2\/posts\/5385","targetHints":{"allow":["GET"]}}],"collection":[{"href":"https:\/\/www.au-pays-des-merveilles.com\/blog\/wp-json\/wp\/v2\/posts"}],"about":[{"href":"https:\/\/www.au-pays-des-merveilles.com\/blog\/wp-json\/wp\/v2\/types\/post"}],"author":[{"embeddable":true,"href":"https:\/\/www.au-pays-des-merveilles.com\/blog\/wp-json\/wp\/v2\/users\/1"}],"replies":[{"embeddable":true,"href":"https:\/\/www.au-pays-des-merveilles.com\/blog\/wp-json\/wp\/v2\/comments?post=5385"}],"version-history":[{"count":0,"href":"https:\/\/www.au-pays-des-merveilles.com\/blog\/wp-json\/wp\/v2\/posts\/5385\/revisions"}],"wp:attachment":[{"href":"https:\/\/www.au-pays-des-merveilles.com\/blog\/wp-json\/wp\/v2\/media?parent=5385"}],"wp:term":[{"taxonomy":"category","embeddable":true,"href":"https:\/\/www.au-pays-des-merveilles.com\/blog\/wp-json\/wp\/v2\/categories?post=5385"},{"taxonomy":"post_tag","embeddable":true,"href":"https:\/\/www.au-pays-des-merveilles.com\/blog\/wp-json\/wp\/v2\/tags?post=5385"}],"curies":[{"name":"wp","href":"https:\/\/api.w.org\/{rel}","templated":true}]}}